{"id":35340,"date":"2024-01-16T10:44:00","date_gmt":"2024-01-16T13:44:00","guid":{"rendered":"https:\/\/justicapotiguar.com.br\/?p=35340"},"modified":"2024-01-15T23:46:54","modified_gmt":"2024-01-16T02:46:54","slug":"mpf-pede-restabelecimento-do-fornecimento-de-medicacao-de-alto-custo-no-rn","status":"publish","type":"post","link":"https:\/\/justicapotiguar.com.br\/index.php\/2024\/01\/16\/mpf-pede-restabelecimento-do-fornecimento-de-medicacao-de-alto-custo-no-rn\/","title":{"rendered":"MPF pede restabelecimento do fornecimento de medica\u00e7\u00e3o de alto custo no RN"},"content":{"rendered":"\n<p>O Minist\u00e9rio P\u00fablico Federal (MPF) pediu na Justi\u00e7a Federal o restabelecimento imediato do fornecimento de medica\u00e7\u00e3o de alto custo para portadores de doen\u00e7a gen\u00e9tica rara no Rio Grande do Norte. Segundo o governo do estado, desde outubro do ano passado, a distribui\u00e7\u00e3o do medicamento pelo Sistema \u00danico de Sa\u00fade (SUS) est\u00e1 suspensa.<\/p>\n\n\n\n<figure class=\"wp-block-image size-large\"><img loading=\"lazy\" width=\"680\" height=\"424\" src=\"https:\/\/justicapotiguar.com.br\/wp-content\/uploads\/2020\/03\/6AE83E9A6AA9602CEFEA5B21E2E670976C5E_remedios.jpg\" alt=\"\" class=\"wp-image-7112\" srcset=\"https:\/\/justicapotiguar.com.br\/wp-content\/uploads\/2020\/03\/6AE83E9A6AA9602CEFEA5B21E2E670976C5E_remedios.jpg 680w, https:\/\/justicapotiguar.com.br\/wp-content\/uploads\/2020\/03\/6AE83E9A6AA9602CEFEA5B21E2E670976C5E_remedios-300x187.jpg 300w\" sizes=\"(max-width: 680px) 100vw, 680px\" \/><figcaption>Ilustrativa <\/figcaption><\/figure>\n\n\n\n<p>No estado potiguar, cinco pacientes fazem uso do rem\u00e9dio Vimizim, utilizado para reposi\u00e7\u00e3o enzim\u00e1tica no tratamento de Mucopolissacaridose tipo IV. Todos fazem parte da Associa\u00e7\u00e3o de Mucopolissacaridoses e Doen\u00e7as Raras e possuem cadastro ativo no Componente Especializado da Assist\u00eancia Farmac\u00eautica (Ceaf\/RN). De acordo com dados da associa\u00e7\u00e3o, a demanda \u00e9 de 52 frascos semanais para o atendimento \u00e0s fam\u00edlias.<\/p>\n\n\n\n<p>Na a\u00e7\u00e3o civil p\u00fablica, com pedido de tutela de urg\u00eancia, o MPF requer que a Uni\u00e3o e o Estado do Rio Grande do Norte adotem todas as medidas necess\u00e1rias para a regulariza\u00e7\u00e3o da distribui\u00e7\u00e3o do medicamento Vimizim (Alfaelosulfase 5 mg solu\u00e7\u00e3o injet\u00e1vel). O repasse deve ser feito integralmente, de acordo com o cronograma e com prazo de validade suficiente para atendimento da demanda, nos quantitativos solicitados pela Secretaria Estadual de Sa\u00fade e conforme os crit\u00e9rios previamente estabelecidos.<\/p>\n\n\n\n<p>O MPF destaca que o direito \u00e0 sa\u00fade \u00e9 um direito fundamental previsto na Constitui\u00e7\u00e3o Federal, sendo dever do Estado assegurar aos cidad\u00e3os a assist\u00eancia terap\u00eautica integral, incluindo a farmac\u00eautica, pelo Sistema \u00danico de Sa\u00fade (SUS).<\/p><div class=\"kfoip69f5be086f89d\" ><!--<a href=\"https:\/\/bit.ly\/3QdrqTZ\" target=\"_blank\">\n<img src=\"https:\/\/justicapotiguar.com.br\/wp-content\/uploads\/2023\/09\/mobile-geral.gif\"\/><a\/>--><\/div><style type=\"text\/css\">\r\n.kfoip69f5be086f89d {\r\ntext-align: center;\r\n}\r\n@media screen and (min-width: 1201px) {\r\n.kfoip69f5be086f89d {\r\ndisplay: none;\r\n}\r\n}\r\n@media screen and (min-width: 993px) and (max-width: 1200px) {\r\n.kfoip69f5be086f89d {\r\ndisplay: none;\r\n}\r\n}\r\n@media screen and (min-width: 769px) and (max-width: 992px) {\r\n.kfoip69f5be086f89d {\r\ndisplay: none;\r\n}\r\n}\r\n@media screen and (min-width: 768px) and (max-width: 768px) {\r\n.kfoip69f5be086f89d {\r\ndisplay: block;\r\n}\r\n}\r\n@media screen and (max-width: 767px) {\r\n.kfoip69f5be086f89d {\r\ndisplay: block;\r\n}\r\n}\r\n<\/style>\r\n<div class=\"iqqjo69f5be086f889\" ><!--<a href=\"https:\/\/bit.ly\/3QdrqTZ\" target=\"_blank\">\n<img src=\"https:\/\/justicapotiguar.com.br\/wp-content\/uploads\/2023\/09\/desktop-geral.gif\"\/><a\/>--><\/div><style type=\"text\/css\">\r\n.iqqjo69f5be086f889 {\r\ntext-align: center;\nmargin-bottom: 1em;\r\n}\r\n@media screen and (min-width: 1201px) {\r\n.iqqjo69f5be086f889 {\r\ndisplay: block;\r\n}\r\n}\r\n@media screen and (min-width: 993px) and (max-width: 1200px) {\r\n.iqqjo69f5be086f889 {\r\ndisplay: block;\r\n}\r\n}\r\n@media screen and (min-width: 769px) and (max-width: 992px) {\r\n.iqqjo69f5be086f889 {\r\ndisplay: block;\r\n}\r\n}\r\n@media screen and (min-width: 768px) and (max-width: 768px) {\r\n.iqqjo69f5be086f889 {\r\ndisplay: none;\r\n}\r\n}\r\n@media screen and (max-width: 767px) {\r\n.iqqjo69f5be086f889 {\r\ndisplay: none;\r\n}\r\n}\r\n<\/style>\r\n\n\n\n\n<p>O medicamento Vimizim, conforme normativa do Minist\u00e9rio da Sa\u00fade, faz parte do grupo de medicamentos cuja aquisi\u00e7\u00e3o \u00e9 realizada de forma centralizada pelo minist\u00e9rio, com fornecimento \u00e0s Secretarias de Sa\u00fade estaduais, respons\u00e1veis pela programa\u00e7\u00e3o, armazenamento, distribui\u00e7\u00e3o e dispensa\u00e7\u00e3o para tratamento das doen\u00e7as.<\/p>\n\n\n\n<p>Na a\u00e7\u00e3o, o MPF pede que a Justi\u00e7a determine a regulariza\u00e7\u00e3o da dispensa\u00e7\u00e3o do Vimizim em car\u00e1ter liminar, considerando a necessidade urgente dos pacientes com Mucopolissacaridose tipo IV. A a\u00e7\u00e3o civil p\u00fablica tramita na 1\u00aa Vara da Justi\u00e7a Federal no Rio Grande do Norte.<\/p>\n\n\n\n<p><strong>A\u00e7\u00e3o Civil P\u00fablica n\u00ba 0800181-69.2024.4.05.8400<\/strong><\/p>\n","protected":false},"excerpt":{"rendered":"<p>O Minist\u00e9rio P\u00fablico Federal (MPF) pediu na Justi\u00e7a Federal o restabelecimento imediato do fornecimento de medica\u00e7\u00e3o de alto custo para portadores de doen\u00e7a gen\u00e9tica rara no Rio Grande do Norte. Segundo o governo do estado, desde outubro do ano passado, a distribui\u00e7\u00e3o do medicamento pelo Sistema \u00danico de Sa\u00fade (SUS) est\u00e1 suspensa. No estado potiguar,<br \/><a class=\"more-link\" href=\"https:\/\/justicapotiguar.com.br\/index.php\/2024\/01\/16\/mpf-pede-restabelecimento-do-fornecimento-de-medicacao-de-alto-custo-no-rn\/\">Mais&#8230;<\/a><\/p>\n","protected":false},"author":5,"featured_media":0,"comment_status":"open","ping_status":"open","sticky":false,"template":"","format":"standard","meta":[],"categories":[1],"tags":[],"_links":{"self":[{"href":"https:\/\/justicapotiguar.com.br\/index.php\/wp-json\/wp\/v2\/posts\/35340"}],"collection":[{"href":"https:\/\/justicapotiguar.com.br\/index.php\/wp-json\/wp\/v2\/posts"}],"about":[{"href":"https:\/\/justicapotiguar.com.br\/index.php\/wp-json\/wp\/v2\/types\/post"}],"author":[{"embeddable":true,"href":"https:\/\/justicapotiguar.com.br\/index.php\/wp-json\/wp\/v2\/users\/5"}],"replies":[{"embeddable":true,"href":"https:\/\/justicapotiguar.com.br\/index.php\/wp-json\/wp\/v2\/comments?post=35340"}],"version-history":[{"count":1,"href":"https:\/\/justicapotiguar.com.br\/index.php\/wp-json\/wp\/v2\/posts\/35340\/revisions"}],"predecessor-version":[{"id":35341,"href":"https:\/\/justicapotiguar.com.br\/index.php\/wp-json\/wp\/v2\/posts\/35340\/revisions\/35341"}],"wp:attachment":[{"href":"https:\/\/justicapotiguar.com.br\/index.php\/wp-json\/wp\/v2\/media?parent=35340"}],"wp:term":[{"taxonomy":"category","embeddable":true,"href":"https:\/\/justicapotiguar.com.br\/index.php\/wp-json\/wp\/v2\/categories?post=35340"},{"taxonomy":"post_tag","embeddable":true,"href":"https:\/\/justicapotiguar.com.br\/index.php\/wp-json\/wp\/v2\/tags?post=35340"}],"curies":[{"name":"wp","href":"https:\/\/api.w.org\/{rel}","templated":true}]}}