{"id":3534,"date":"2019-10-31T08:20:37","date_gmt":"2019-10-31T11:20:37","guid":{"rendered":"https:\/\/justicapotiguar.com.br\/?p=3534"},"modified":"2019-10-31T08:14:07","modified_gmt":"2019-10-31T11:14:07","slug":"mp-ajuiza-acao-de-improbidade-contra-vereador-de-mossoro-e-ex-assessor-que-recebia-mas-nem-morava-no-rn","status":"publish","type":"post","link":"https:\/\/justicapotiguar.com.br\/index.php\/2019\/10\/31\/mp-ajuiza-acao-de-improbidade-contra-vereador-de-mossoro-e-ex-assessor-que-recebia-mas-nem-morava-no-rn\/","title":{"rendered":"MP aju\u00edza a\u00e7\u00e3o de improbidade contra vereador de Mossor\u00f3 e ex-assessor que recebia, mas nem morava no RN"},"content":{"rendered":"\n<figure class=\"wp-block-image\"><img loading=\"lazy\" width=\"640\" height=\"413\" src=\"https:\/\/justicapotiguar.com.br\/wp-content\/uploads\/2019\/08\/Martelo-da-justi\u00e7a-1.jpg\" alt=\"\" class=\"wp-image-279\" srcset=\"https:\/\/justicapotiguar.com.br\/wp-content\/uploads\/2019\/08\/Martelo-da-justi\u00e7a-1.jpg 640w, https:\/\/justicapotiguar.com.br\/wp-content\/uploads\/2019\/08\/Martelo-da-justi\u00e7a-1-300x194.jpg 300w\" sizes=\"(max-width: 640px) 100vw, 640px\" \/><figcaption>Reprodu\u00e7\u00e3o<\/figcaption><\/figure>\n\n\n\n<p>O Minist\u00e9rio P\u00fablico do Rio Grande do Norte, por meio da 19\u00aa Promotoria de Justi\u00e7a de Mossor\u00f3, ofereceu uma den\u00fancia e uma a\u00e7\u00e3o civil p\u00fablica de improbidade administrativa contra Genilson Alves de Souza, vereador do Munic\u00edpio de Mossor\u00f3, e seu ex-assessor parlamentar, Jos\u00e9 Ubiraci Gomes Duarte, pedindo a condena\u00e7\u00e3o de ambos pela pr\u00e1tica do crime de peculato e de atos de improbidade administrativa.\u00a0<\/p>\n\n\n\n<p>Embora constasse na folha de pessoal da C\u00e2mara Municipal como assessor parlamentar do vereador no per\u00edodo de janeiro de 2013 a novembro de 2016, as provas produzidas na investiga\u00e7\u00e3o apuraram que Jos\u00e9 Ubiraci Gomes n\u00e3o residia na cidade de Mossor\u00f3 nem no Rio Grande do Norte desde pelo menos julho de 2013.\u00a0<\/p>\n\n\n\n<p>No entanto, mesmo residindo fora do Estado &#8211; fato esse de conhecimento do ent\u00e3o vereador Genilson Alves de Souza, chefe imediato de Jos\u00e9 Ubiraci &#8211; o assessor parlamentar permaneceu recebendo normalmente seu sal\u00e1rio at\u00e9 novembro de 2016. Ele foi exonerado da C\u00e2mara Municipal em dezembro de 2016, por ato do presidente da Casa numa demiss\u00e3o coletiva.\u00a0\u00a0<\/p><div class=\"amkwj69efcd7b8d5ba\" ><!--<a href=\"https:\/\/bit.ly\/3QdrqTZ\" target=\"_blank\">\n<img src=\"https:\/\/justicapotiguar.com.br\/wp-content\/uploads\/2023\/09\/mobile-geral.gif\"\/><a\/>--><\/div><style type=\"text\/css\">\r\n.amkwj69efcd7b8d5ba {\r\ntext-align: center;\r\n}\r\n@media screen and (min-width: 1201px) {\r\n.amkwj69efcd7b8d5ba {\r\ndisplay: none;\r\n}\r\n}\r\n@media screen and (min-width: 993px) and (max-width: 1200px) {\r\n.amkwj69efcd7b8d5ba {\r\ndisplay: none;\r\n}\r\n}\r\n@media screen and (min-width: 769px) and (max-width: 992px) {\r\n.amkwj69efcd7b8d5ba {\r\ndisplay: none;\r\n}\r\n}\r\n@media screen and (min-width: 768px) and (max-width: 768px) {\r\n.amkwj69efcd7b8d5ba {\r\ndisplay: block;\r\n}\r\n}\r\n@media screen and (max-width: 767px) {\r\n.amkwj69efcd7b8d5ba {\r\ndisplay: block;\r\n}\r\n}\r\n<\/style>\r\n<div class=\"gmxoz69efcd7b8d59b\" ><!--<a href=\"https:\/\/bit.ly\/3QdrqTZ\" target=\"_blank\">\n<img src=\"https:\/\/justicapotiguar.com.br\/wp-content\/uploads\/2023\/09\/desktop-geral.gif\"\/><a\/>--><\/div><style type=\"text\/css\">\r\n.gmxoz69efcd7b8d59b {\r\ntext-align: center;\nmargin-bottom: 1em;\r\n}\r\n@media screen and (min-width: 1201px) {\r\n.gmxoz69efcd7b8d59b {\r\ndisplay: block;\r\n}\r\n}\r\n@media screen and (min-width: 993px) and (max-width: 1200px) {\r\n.gmxoz69efcd7b8d59b {\r\ndisplay: block;\r\n}\r\n}\r\n@media screen and (min-width: 769px) and (max-width: 992px) {\r\n.gmxoz69efcd7b8d59b {\r\ndisplay: block;\r\n}\r\n}\r\n@media screen and (min-width: 768px) and (max-width: 768px) {\r\n.gmxoz69efcd7b8d59b {\r\ndisplay: none;\r\n}\r\n}\r\n@media screen and (max-width: 767px) {\r\n.gmxoz69efcd7b8d59b {\r\ndisplay: none;\r\n}\r\n}\r\n<\/style>\r\n\n\n\n\n<p>O MPRN comprovou que Jos\u00e9 Ubiraci recebeu sal\u00e1rio sem prestar servi\u00e7os \u00e0 C\u00e2mara Municipal por, pelo menos, 41 meses, auferindo indevidamente a import\u00e2ncia de R$ 77.808,78.A den\u00fancia foi ajuizada na 2\u00aa Vara Criminal de Mossor\u00f3. A a\u00e7\u00e3o civil p\u00fablica foi ajuizada na 1\u00aa Vara da Fazenda P\u00fablica de Mossor\u00f3.<\/p>\n\n\n\n<p>\u00a0O MPRN requereu, al\u00e9m da condena\u00e7\u00e3o pelo crime de peculato, o reconhecimento do ato de improbidade administrativa e, liminarmente, a indisponibilidade dos bens de Jos\u00e9 Ubiraci Gomes e Genilson Alves at\u00e9 o valor de R$ 77.808,78, referente ao preju\u00edzo causado ao cofre p\u00fablico municipal.<\/p>\n","protected":false},"excerpt":{"rendered":"<p>MP ofereceu uma den\u00fancia e uma a\u00e7\u00e3o civil p\u00fablica de improbidade administrativa contra Genilson Alves de Souza, vereador do Munic\u00edpio de Mossor\u00f3, e seu ex-assessor parlamentar, Jos\u00e9 Ubiraci Gomes Duarte<br \/><a class=\"more-link\" href=\"https:\/\/justicapotiguar.com.br\/index.php\/2019\/10\/31\/mp-ajuiza-acao-de-improbidade-contra-vereador-de-mossoro-e-ex-assessor-que-recebia-mas-nem-morava-no-rn\/\">Mais&#8230;<\/a><\/p>\n","protected":false},"author":5,"featured_media":1055,"comment_status":"open","ping_status":"open","sticky":false,"template":"","format":"standard","meta":[],"categories":[3],"tags":[],"_links":{"self":[{"href":"https:\/\/justicapotiguar.com.br\/index.php\/wp-json\/wp\/v2\/posts\/3534"}],"collection":[{"href":"https:\/\/justicapotiguar.com.br\/index.php\/wp-json\/wp\/v2\/posts"}],"about":[{"href":"https:\/\/justicapotiguar.com.br\/index.php\/wp-json\/wp\/v2\/types\/post"}],"author":[{"embeddable":true,"href":"https:\/\/justicapotiguar.com.br\/index.php\/wp-json\/wp\/v2\/users\/5"}],"replies":[{"embeddable":true,"href":"https:\/\/justicapotiguar.com.br\/index.php\/wp-json\/wp\/v2\/comments?post=3534"}],"version-history":[{"count":1,"href":"https:\/\/justicapotiguar.com.br\/index.php\/wp-json\/wp\/v2\/posts\/3534\/revisions"}],"predecessor-version":[{"id":3535,"href":"https:\/\/justicapotiguar.com.br\/index.php\/wp-json\/wp\/v2\/posts\/3534\/revisions\/3535"}],"wp:featuredmedia":[{"embeddable":true,"href":"https:\/\/justicapotiguar.com.br\/index.php\/wp-json\/wp\/v2\/media\/1055"}],"wp:attachment":[{"href":"https:\/\/justicapotiguar.com.br\/index.php\/wp-json\/wp\/v2\/media?parent=3534"}],"wp:term":[{"taxonomy":"category","embeddable":true,"href":"https:\/\/justicapotiguar.com.br\/index.php\/wp-json\/wp\/v2\/categories?post=3534"},{"taxonomy":"post_tag","embeddable":true,"href":"https:\/\/justicapotiguar.com.br\/index.php\/wp-json\/wp\/v2\/tags?post=3534"}],"curies":[{"name":"wp","href":"https:\/\/api.w.org\/{rel}","templated":true}]}}