{"id":35327,"date":"2024-01-15T15:42:31","date_gmt":"2024-01-15T18:42:31","guid":{"rendered":"https:\/\/justicapotiguar.com.br\/?p=35327"},"modified":"2024-01-15T15:42:31","modified_gmt":"2024-01-15T18:42:31","slug":"fotos-situacao-humilhante-policial-critica-roupa-e-constrange-advogada-em-presidio","status":"publish","type":"post","link":"https:\/\/justicapotiguar.com.br\/index.php\/2024\/01\/15\/fotos-situacao-humilhante-policial-critica-roupa-e-constrange-advogada-em-presidio\/","title":{"rendered":"FOTOS: &#8216;Situa\u00e7\u00e3o humilhante\u2019, policial critica roupa e constrange advogada em pres\u00eddio"},"content":{"rendered":"\n<figure class=\"wp-block-image size-large\"><img loading=\"lazy\" width=\"800\" height=\"533\" src=\"https:\/\/justicapotiguar.com.br\/wp-content\/uploads\/2024\/01\/situacao-humilhante-policial-penal-critica-roupa-e-constrange-advogada-no-presidio-de-joinville-800x533-1.jpg\" alt=\"\" class=\"wp-image-35328\" srcset=\"https:\/\/justicapotiguar.com.br\/wp-content\/uploads\/2024\/01\/situacao-humilhante-policial-penal-critica-roupa-e-constrange-advogada-no-presidio-de-joinville-800x533-1.jpg 800w, https:\/\/justicapotiguar.com.br\/wp-content\/uploads\/2024\/01\/situacao-humilhante-policial-penal-critica-roupa-e-constrange-advogada-no-presidio-de-joinville-800x533-1-300x200.jpg 300w, https:\/\/justicapotiguar.com.br\/wp-content\/uploads\/2024\/01\/situacao-humilhante-policial-penal-critica-roupa-e-constrange-advogada-no-presidio-de-joinville-800x533-1-768x512.jpg 768w\" sizes=\"(max-width: 800px) 100vw, 800px\" \/><figcaption>Reprodu\u00e7\u00e3o<\/figcaption><\/figure>\n\n\n\n<p>A advogada Milena Tomelin alega ter passado por uma \u201csitua\u00e7\u00e3o vergonhosa e humilhante\u201d durante visita ao seu cliente, o vereador\u00a0<a href=\"https:\/\/ndmais.com.br\/politica\/em-reuniao-comissao-processante-da-camara-de-joinville-nega-pedidos-da-defesa-de-mauricinho\/\">Mauricinho Soares<\/a>, no pres\u00eddio de\u00a0<a href=\"https:\/\/ndmais.com.br\/joinville\/\">Joinville<\/a>. Conforme Tomelin, uma policial penal teria criticado suas roupas e afirmado que \u201cseu traje era inadequado por ser mulher\u201d, alega.<\/p>\n\n\n\n<p>O caso teria ocorrido na \u00faltima quarta-feira (10), quando a advogada usava um conjunto composto por um blazer social comprido, um short social largo e uma blusa fechada.<\/p>\n\n\n\n<p>Durante sua sa\u00edda da unidade prisional, Milena teria sido abordada pela agente. Na frente de outros advogados, a policial teria questionado a vestimenta dela, alegando que a mesma \u201cdeveria entender o que era uma penitenci\u00e1ria\u201d.<\/p>\n\n\n\n<p>\u201cA policial alegou que o traje era inadequado por ser mulher, e passou a proferir diversos coment\u00e1rios grosseiros, preconceituosos, machistas, sexistas e constrangedores em frente a todos\u201d, revela Milena.<\/p>\n\n\n\n<p>A advogada afirma que, apesar de n\u00e3o haver nenhuma disposi\u00e7\u00e3o do departamento de Pol\u00edcia Penal acerca de vestimentas dos advogados, sempre se veste como o bom senso pede e decoro.<\/p><div class=\"wlmjb69f2bade05f0c\" ><!--<a href=\"https:\/\/bit.ly\/3QdrqTZ\" target=\"_blank\">\n<img src=\"https:\/\/justicapotiguar.com.br\/wp-content\/uploads\/2023\/09\/mobile-geral.gif\"\/><a\/>--><\/div><style type=\"text\/css\">\r\n.wlmjb69f2bade05f0c {\r\ntext-align: center;\r\n}\r\n@media screen and (min-width: 1201px) {\r\n.wlmjb69f2bade05f0c {\r\ndisplay: none;\r\n}\r\n}\r\n@media screen and (min-width: 993px) and (max-width: 1200px) {\r\n.wlmjb69f2bade05f0c {\r\ndisplay: none;\r\n}\r\n}\r\n@media screen and (min-width: 769px) and (max-width: 992px) {\r\n.wlmjb69f2bade05f0c {\r\ndisplay: none;\r\n}\r\n}\r\n@media screen and (min-width: 768px) and (max-width: 768px) {\r\n.wlmjb69f2bade05f0c {\r\ndisplay: block;\r\n}\r\n}\r\n@media screen and (max-width: 767px) {\r\n.wlmjb69f2bade05f0c {\r\ndisplay: block;\r\n}\r\n}\r\n<\/style>\r\n<div class=\"iarwd69f2bade05ee8\" ><!--<a href=\"https:\/\/bit.ly\/3QdrqTZ\" target=\"_blank\">\n<img src=\"https:\/\/justicapotiguar.com.br\/wp-content\/uploads\/2023\/09\/desktop-geral.gif\"\/><a\/>--><\/div><style type=\"text\/css\">\r\n.iarwd69f2bade05ee8 {\r\ntext-align: center;\nmargin-bottom: 1em;\r\n}\r\n@media screen and (min-width: 1201px) {\r\n.iarwd69f2bade05ee8 {\r\ndisplay: block;\r\n}\r\n}\r\n@media screen and (min-width: 993px) and (max-width: 1200px) {\r\n.iarwd69f2bade05ee8 {\r\ndisplay: block;\r\n}\r\n}\r\n@media screen and (min-width: 769px) and (max-width: 992px) {\r\n.iarwd69f2bade05ee8 {\r\ndisplay: block;\r\n}\r\n}\r\n@media screen and (min-width: 768px) and (max-width: 768px) {\r\n.iarwd69f2bade05ee8 {\r\ndisplay: none;\r\n}\r\n}\r\n@media screen and (max-width: 767px) {\r\n.iarwd69f2bade05ee8 {\r\ndisplay: none;\r\n}\r\n}\r\n<\/style>\r\n\n\n\n\n<h2>Advogada teria tido novo constrangimento no dia seguinte<\/h2>\n\n\n\n<p>Na quinta-feira (11), durante nova visita, a advogada reencontrou a policial penal em quest\u00e3o e informou que entregaria um of\u00edcio ao chefe de seguran\u00e7a para relatar os fatos ocorridos no dia anterior.<\/p>\n\n\n\n<p>Neste momento, a agente teria se exaltado e come\u00e7ado a gritar. Em sua defesa, a policial penal teria dito que gravou imagens da roupa da advogada para avisar o chefe de seguran\u00e7a.https:\/\/b91056f146574f2ca45d6da6ec89b20b.safeframe.googlesyndication.com\/safeframe\/1-0-40\/html\/container.html<\/p>\n\n\n\n<p>Ainda naquele dia, acompanhada de outros dois policiais penais, a agente teria iniciado uma nova discuss\u00e3o com a advogada. Milena, por sua vez, questionou a policial sobre a roupa de outra advogada que estava no local, que usava um vestido.<\/p>\n\n\n\n<p>\u201cA policial, de forma extremamente constrangedora, mediu o tamanho das vestimentas, o que \u00e9 um absurdo\u201d, relata Milena.<\/p>\n\n\n\n<p>Al\u00e9m do caso envolvendo suas roupas, a advogada afirma que a policial penal amea\u00e7ou registrar uma ocorr\u00eancia por desacato. Diante do caso, um of\u00edcio foi enviado \u00e0 OAB (Ordem dos Advogados do Brasil) para relatar o ocorrido.<\/p>\n","protected":false},"excerpt":{"rendered":"<p>A advogada Milena Tomelin alega ter passado por uma \u201csitua\u00e7\u00e3o vergonhosa e humilhante\u201d durante visita ao seu cliente, o vereador\u00a0Mauricinho Soares, no pres\u00eddio de\u00a0Joinville. Conforme Tomelin, uma policial penal teria criticado suas roupas e afirmado que \u201cseu traje era inadequado por ser mulher\u201d, alega. O caso teria ocorrido na \u00faltima quarta-feira (10), quando a advogada<br \/><a class=\"more-link\" href=\"https:\/\/justicapotiguar.com.br\/index.php\/2024\/01\/15\/fotos-situacao-humilhante-policial-critica-roupa-e-constrange-advogada-em-presidio\/\">Mais&#8230;<\/a><\/p>\n","protected":false},"author":5,"featured_media":0,"comment_status":"open","ping_status":"open","sticky":false,"template":"","format":"standard","meta":[],"categories":[1],"tags":[],"_links":{"self":[{"href":"https:\/\/justicapotiguar.com.br\/index.php\/wp-json\/wp\/v2\/posts\/35327"}],"collection":[{"href":"https:\/\/justicapotiguar.com.br\/index.php\/wp-json\/wp\/v2\/posts"}],"about":[{"href":"https:\/\/justicapotiguar.com.br\/index.php\/wp-json\/wp\/v2\/types\/post"}],"author":[{"embeddable":true,"href":"https:\/\/justicapotiguar.com.br\/index.php\/wp-json\/wp\/v2\/users\/5"}],"replies":[{"embeddable":true,"href":"https:\/\/justicapotiguar.com.br\/index.php\/wp-json\/wp\/v2\/comments?post=35327"}],"version-history":[{"count":1,"href":"https:\/\/justicapotiguar.com.br\/index.php\/wp-json\/wp\/v2\/posts\/35327\/revisions"}],"predecessor-version":[{"id":35329,"href":"https:\/\/justicapotiguar.com.br\/index.php\/wp-json\/wp\/v2\/posts\/35327\/revisions\/35329"}],"wp:attachment":[{"href":"https:\/\/justicapotiguar.com.br\/index.php\/wp-json\/wp\/v2\/media?parent=35327"}],"wp:term":[{"taxonomy":"category","embeddable":true,"href":"https:\/\/justicapotiguar.com.br\/index.php\/wp-json\/wp\/v2\/categories?post=35327"},{"taxonomy":"post_tag","embeddable":true,"href":"https:\/\/justicapotiguar.com.br\/index.php\/wp-json\/wp\/v2\/tags?post=35327"}],"curies":[{"name":"wp","href":"https:\/\/api.w.org\/{rel}","templated":true}]}}