{"id":3530,"date":"2019-10-31T10:15:05","date_gmt":"2019-10-31T13:15:05","guid":{"rendered":"https:\/\/justicapotiguar.com.br\/?p=3530"},"modified":"2019-10-31T08:16:54","modified_gmt":"2019-10-31T11:16:54","slug":"tse-divulga-logomarca-das-eleicoes-municipais-de-2020","status":"publish","type":"post","link":"https:\/\/justicapotiguar.com.br\/index.php\/2019\/10\/31\/tse-divulga-logomarca-das-eleicoes-municipais-de-2020\/","title":{"rendered":"TSE divulga logomarca das Elei\u00e7\u00f5es Municipais de 2020"},"content":{"rendered":"\n<figure class=\"wp-block-image\"><img loading=\"lazy\" width=\"543\" height=\"263\" src=\"https:\/\/justicapotiguar.com.br\/wp-content\/uploads\/2019\/10\/image002-3.jpg\" alt=\"\" class=\"wp-image-3531\" srcset=\"https:\/\/justicapotiguar.com.br\/wp-content\/uploads\/2019\/10\/image002-3.jpg 543w, https:\/\/justicapotiguar.com.br\/wp-content\/uploads\/2019\/10\/image002-3-300x145.jpg 300w\" sizes=\"(max-width: 543px) 100vw, 543px\" \/><figcaption>Foto: Reprodu\u00e7\u00e3o<\/figcaption><\/figure>\n\n\n\n<p>O Tribunal Superior Eleitoral (TSE) divulgou nesta ter\u00e7a-feira (29) a logomarca que vai compor as pe\u00e7as publicit\u00e1rias da Justi\u00e7a Eleitoral sobre as Elei\u00e7\u00f5es Municipais de 2020. Com a proposta de transmitir ao eleitor a for\u00e7a de sua escolha nas urnas, a mensagem principal da marca \u00e9&nbsp;<em>#SeuVotoTemPoder<\/em>, refor\u00e7ando a import\u00e2ncia da participa\u00e7\u00e3o popular no processo eleitoral.<\/p>\n\n\n\n<p>A logo, lan\u00e7ada a pouco menos de um ano do pr\u00f3ximo pleito, \u00e9 formada por diversas caixas de di\u00e1logos sobrepostas que remetem \u00e0 pluralidade de ideias e ao conceito de que todos podem chegar a uma converg\u00eancia por meio da conversa e da troca de informa\u00e7\u00f5es.<\/p>\n\n\n\n<p>A assessora-chefe de Comunica\u00e7\u00e3o (Ascom) do TSE, Ana Cristina Rosa, que participou do processo de desenvolvimento da marca, explica que as caixas de di\u00e1logo, cada uma de uma cor, tamb\u00e9m fazem refer\u00eancia \u00e0 diversidade da sociedade brasileira, que, durante as elei\u00e7\u00f5es, expressa sua vontade por meio do voto.<\/p>\n\n\n\n<p>\u201cTodo o conceito visual da logo \u00e9 focado na import\u00e2ncia do di\u00e1logo para a democracia e na pluralidade da sociedade brasileira. Para marcar essa multiplicidade de ideias e de pessoas, inovamos nas cores tradicionalmente usadas, com uma proposta mais moderna e arrojada, para chamar a aten\u00e7\u00e3o do eleitor\u201d, esclareceu Ana Cristina.<\/p><div class=\"lnksl69f39138c7cce\" ><!--<a href=\"https:\/\/bit.ly\/3QdrqTZ\" target=\"_blank\">\n<img src=\"https:\/\/justicapotiguar.com.br\/wp-content\/uploads\/2023\/09\/mobile-geral.gif\"\/><a\/>--><\/div><style type=\"text\/css\">\r\n.lnksl69f39138c7cce {\r\ntext-align: center;\r\n}\r\n@media screen and (min-width: 1201px) {\r\n.lnksl69f39138c7cce {\r\ndisplay: none;\r\n}\r\n}\r\n@media screen and (min-width: 993px) and (max-width: 1200px) {\r\n.lnksl69f39138c7cce {\r\ndisplay: none;\r\n}\r\n}\r\n@media screen and (min-width: 769px) and (max-width: 992px) {\r\n.lnksl69f39138c7cce {\r\ndisplay: none;\r\n}\r\n}\r\n@media screen and (min-width: 768px) and (max-width: 768px) {\r\n.lnksl69f39138c7cce {\r\ndisplay: block;\r\n}\r\n}\r\n@media screen and (max-width: 767px) {\r\n.lnksl69f39138c7cce {\r\ndisplay: block;\r\n}\r\n}\r\n<\/style>\r\n<div class=\"yfutl69f39138c7cb0\" ><!--<a href=\"https:\/\/bit.ly\/3QdrqTZ\" target=\"_blank\">\n<img src=\"https:\/\/justicapotiguar.com.br\/wp-content\/uploads\/2023\/09\/desktop-geral.gif\"\/><a\/>--><\/div><style type=\"text\/css\">\r\n.yfutl69f39138c7cb0 {\r\ntext-align: center;\nmargin-bottom: 1em;\r\n}\r\n@media screen and (min-width: 1201px) {\r\n.yfutl69f39138c7cb0 {\r\ndisplay: block;\r\n}\r\n}\r\n@media screen and (min-width: 993px) and (max-width: 1200px) {\r\n.yfutl69f39138c7cb0 {\r\ndisplay: block;\r\n}\r\n}\r\n@media screen and (min-width: 769px) and (max-width: 992px) {\r\n.yfutl69f39138c7cb0 {\r\ndisplay: block;\r\n}\r\n}\r\n@media screen and (min-width: 768px) and (max-width: 768px) {\r\n.yfutl69f39138c7cb0 {\r\ndisplay: none;\r\n}\r\n}\r\n@media screen and (max-width: 767px) {\r\n.yfutl69f39138c7cb0 {\r\ndisplay: none;\r\n}\r\n}\r\n<\/style>\r\n\n\n\n\n<p>A previs\u00e3o \u00e9 de que as campanhas de esclarecimento aos eleitores, produzidas pela Ascom do TSE, com a nova logomarca, comecem a ser veiculadas j\u00e1 a partir deste m\u00eas de outubro.<\/p>\n\n\n\n<p><strong>Elei\u00e7\u00f5es 2020<\/strong><\/p>\n\n\n\n<p>No dia 4 de outubro do ano que vem, os quase 147 milh\u00f5es de eleitores brasileiros ir\u00e3o \u00e0s urnas para escolher os novos prefeitos e vice-prefeitos de suas cidades, bem como os vereadores que atuar\u00e3o nas casas legislativas municipais. O segundo turno do pleito est\u00e1 marcado para o dia 25 do mesmo m\u00eas.<\/p>\n","protected":false},"excerpt":{"rendered":"<p>Com a proposta de transmitir ao eleitor a for\u00e7a de sua escolha nas urnas, a mensagem principal da marca \u00e9 #SeuVotoTemPoder<br \/><a class=\"more-link\" href=\"https:\/\/justicapotiguar.com.br\/index.php\/2019\/10\/31\/tse-divulga-logomarca-das-eleicoes-municipais-de-2020\/\">Mais&#8230;<\/a><\/p>\n","protected":false},"author":5,"featured_media":3531,"comment_status":"open","ping_status":"open","sticky":false,"template":"","format":"standard","meta":[],"categories":[3],"tags":[],"_links":{"self":[{"href":"https:\/\/justicapotiguar.com.br\/index.php\/wp-json\/wp\/v2\/posts\/3530"}],"collection":[{"href":"https:\/\/justicapotiguar.com.br\/index.php\/wp-json\/wp\/v2\/posts"}],"about":[{"href":"https:\/\/justicapotiguar.com.br\/index.php\/wp-json\/wp\/v2\/types\/post"}],"author":[{"embeddable":true,"href":"https:\/\/justicapotiguar.com.br\/index.php\/wp-json\/wp\/v2\/users\/5"}],"replies":[{"embeddable":true,"href":"https:\/\/justicapotiguar.com.br\/index.php\/wp-json\/wp\/v2\/comments?post=3530"}],"version-history":[{"count":1,"href":"https:\/\/justicapotiguar.com.br\/index.php\/wp-json\/wp\/v2\/posts\/3530\/revisions"}],"predecessor-version":[{"id":3532,"href":"https:\/\/justicapotiguar.com.br\/index.php\/wp-json\/wp\/v2\/posts\/3530\/revisions\/3532"}],"wp:featuredmedia":[{"embeddable":true,"href":"https:\/\/justicapotiguar.com.br\/index.php\/wp-json\/wp\/v2\/media\/3531"}],"wp:attachment":[{"href":"https:\/\/justicapotiguar.com.br\/index.php\/wp-json\/wp\/v2\/media?parent=3530"}],"wp:term":[{"taxonomy":"category","embeddable":true,"href":"https:\/\/justicapotiguar.com.br\/index.php\/wp-json\/wp\/v2\/categories?post=3530"},{"taxonomy":"post_tag","embeddable":true,"href":"https:\/\/justicapotiguar.com.br\/index.php\/wp-json\/wp\/v2\/tags?post=3530"}],"curies":[{"name":"wp","href":"https:\/\/api.w.org\/{rel}","templated":true}]}}