{"id":35293,"date":"2024-01-12T08:23:00","date_gmt":"2024-01-12T11:23:00","guid":{"rendered":"https:\/\/justicapotiguar.com.br\/?p=35293"},"modified":"2024-01-11T22:24:57","modified_gmt":"2024-01-12T01:24:57","slug":"homem-que-usou-cartao-da-ex-e-a-difamou-no-whatsapp-e-condenado","status":"publish","type":"post","link":"https:\/\/justicapotiguar.com.br\/index.php\/2024\/01\/12\/homem-que-usou-cartao-da-ex-e-a-difamou-no-whatsapp-e-condenado\/","title":{"rendered":"Homem que usou cart\u00e3o da ex e a difamou no WhatsApp \u00e9 condenado"},"content":{"rendered":"\n<p>Uma jovem dever\u00e1 ser indenizada em R$ 4.053,05, por danos materiais, e em R$ 10 mil, por danos morais, pelo ex-namorado que se apropriou do cart\u00e3o de cr\u00e9dito dela, proferiu ofensas contra ela em um grupo de WhatsApp, a amea\u00e7ou e a exp\u00f4s a agress\u00f5es psicol\u00f3gicas.<\/p>\n\n\n\n<figure class=\"wp-block-image size-large\"><img loading=\"lazy\" width=\"788\" height=\"514\" src=\"https:\/\/justicapotiguar.com.br\/wp-content\/uploads\/2020\/06\/TRT-RN-regulamenta-aterma\u00e7\u00e3o-virtual-e-uso-do-WhatsApp-Business-para-comunica\u00e7\u00e3o-com-partes-e-advogados-foto.jpeg\" alt=\"\" class=\"wp-image-10461\" srcset=\"https:\/\/justicapotiguar.com.br\/wp-content\/uploads\/2020\/06\/TRT-RN-regulamenta-aterma\u00e7\u00e3o-virtual-e-uso-do-WhatsApp-Business-para-comunica\u00e7\u00e3o-com-partes-e-advogados-foto.jpeg 788w, https:\/\/justicapotiguar.com.br\/wp-content\/uploads\/2020\/06\/TRT-RN-regulamenta-aterma\u00e7\u00e3o-virtual-e-uso-do-WhatsApp-Business-para-comunica\u00e7\u00e3o-com-partes-e-advogados-foto-300x196.jpeg 300w, https:\/\/justicapotiguar.com.br\/wp-content\/uploads\/2020\/06\/TRT-RN-regulamenta-aterma\u00e7\u00e3o-virtual-e-uso-do-WhatsApp-Business-para-comunica\u00e7\u00e3o-com-partes-e-advogados-foto-768x501.jpeg 768w\" sizes=\"(max-width: 788px) 100vw, 788px\" \/><figcaption>Ilustrativa<\/figcaption><\/figure>\n\n\n\n<p>A 14\u00aa c\u00e2mara C\u00edvel do TJ\/MG modificou a senten\u00e7a da comarca de V\u00e1rzea da Palma, no Norte do Estado, para fixar a indeniza\u00e7\u00e3o pelo abalo emocional.<\/p>\n\n\n\n<p>A estudante ajuizou a a\u00e7\u00e3o em setembro de 2022, relatando que, no in\u00edcio do relacionamento, em agosto de 2021, n\u00e3o notou que o parceiro adotava um comportamento abusivo e violento. Com o fim da rela\u00e7\u00e3o, ele se negou a devolver o cart\u00e3o de cr\u00e9dito dela, efetuando diversos gastos, al\u00e9m de a ter difamado em um grupo de WhatsApp.<\/p>\n\n\n\n<p>O ex-namorado foi citado, mas n\u00e3o se manifestou durante o curso da demanda judicial. A senten\u00e7a da 2\u00aa vara C\u00edvel, Criminal e da Inf\u00e2ncia e da Juventude da comarca de V\u00e1rzea da Palma considerou que o preju\u00edzo material ficou demonstrado por documentos e por print de conversas no aplicativo, nas quais o ex-namorado, al\u00e9m de reconhecer a d\u00edvida, declarou que n\u00e3o pretendia pag\u00e1-la.<\/p>\n\n\n\n<p>Contudo, a decis\u00e3o entendeu que o dano moral n\u00e3o havia ficado demonstrado, pois laudo psicol\u00f3gico apresentado pela v\u00edtima informava que o in\u00edcio do tratamento datava de per\u00edodo anterior ao in\u00edcio da liga\u00e7\u00e3o amorosa com o autor das agress\u00f5es.<\/p>\n\n\n\n<p>A jovem recorreu \u00e0 2\u00aa inst\u00e2ncia, sustentando que as ofensas nos grupos de WhatsApp ultrapassaram os limites do razo\u00e1vel, expondo-a de forma embara\u00e7osa e manchando sua imagem. Alegou ainda que o fato de o ex-namorado ter passado a amea\u00e7\u00e1-la e a persegui-la em sua pr\u00f3pria casa foi fonte de abalo emocional.<\/p><div class=\"dtdxi69f5ded654da1\" ><!--<a href=\"https:\/\/bit.ly\/3QdrqTZ\" target=\"_blank\">\n<img src=\"https:\/\/justicapotiguar.com.br\/wp-content\/uploads\/2023\/09\/mobile-geral.gif\"\/><a\/>--><\/div><style type=\"text\/css\">\r\n.dtdxi69f5ded654da1 {\r\ntext-align: center;\r\n}\r\n@media screen and (min-width: 1201px) {\r\n.dtdxi69f5ded654da1 {\r\ndisplay: none;\r\n}\r\n}\r\n@media screen and (min-width: 993px) and (max-width: 1200px) {\r\n.dtdxi69f5ded654da1 {\r\ndisplay: none;\r\n}\r\n}\r\n@media screen and (min-width: 769px) and (max-width: 992px) {\r\n.dtdxi69f5ded654da1 {\r\ndisplay: none;\r\n}\r\n}\r\n@media screen and (min-width: 768px) and (max-width: 768px) {\r\n.dtdxi69f5ded654da1 {\r\ndisplay: block;\r\n}\r\n}\r\n@media screen and (max-width: 767px) {\r\n.dtdxi69f5ded654da1 {\r\ndisplay: block;\r\n}\r\n}\r\n<\/style>\r\n<div class=\"iocjm69f5ded654d80\" ><!--<a href=\"https:\/\/bit.ly\/3QdrqTZ\" target=\"_blank\">\n<img src=\"https:\/\/justicapotiguar.com.br\/wp-content\/uploads\/2023\/09\/desktop-geral.gif\"\/><a\/>--><\/div><style type=\"text\/css\">\r\n.iocjm69f5ded654d80 {\r\ntext-align: center;\nmargin-bottom: 1em;\r\n}\r\n@media screen and (min-width: 1201px) {\r\n.iocjm69f5ded654d80 {\r\ndisplay: block;\r\n}\r\n}\r\n@media screen and (min-width: 993px) and (max-width: 1200px) {\r\n.iocjm69f5ded654d80 {\r\ndisplay: block;\r\n}\r\n}\r\n@media screen and (min-width: 769px) and (max-width: 992px) {\r\n.iocjm69f5ded654d80 {\r\ndisplay: block;\r\n}\r\n}\r\n@media screen and (min-width: 768px) and (max-width: 768px) {\r\n.iocjm69f5ded654d80 {\r\ndisplay: none;\r\n}\r\n}\r\n@media screen and (max-width: 767px) {\r\n.iocjm69f5ded654d80 {\r\ndisplay: none;\r\n}\r\n}\r\n<\/style>\r\n\n\n\n\n<p><br>Segundo a relatora, desembargadora Cl\u00e1udia Maia, os efeitos da revelia &#8211; situa\u00e7\u00e3o em que o r\u00e9u deixa de contestar a a\u00e7\u00e3o contra ele &#8211; fazem com que os fatos alegados pela parte contr\u00e1ria sejam tidos como verdadeiros, desde que n\u00e3o contrariem a lei e n\u00e3o tenham sido desmentidos por qualquer outro elemento contido nos autos.<\/p>\n\n\n\n<p>A magistrada ponderou que o uso n\u00e3o autorizado do cart\u00e3o de cr\u00e9dito atingiu o patrim\u00f4nio da estudante e causou constrangimento, desgaste e ang\u00fastia, e que as conversas comprovam que o acusado empregou termos ofensivos, amea\u00e7as e chantagem, na tentativa de angariar mais dinheiro.<\/p>\n\n\n\n<p>Ela acrescentou que o relat\u00f3rio de avalia\u00e7\u00e3o psicol\u00f3gica foi redigido em 13\/10\/21, ap\u00f3s o rompimento. &#8220;A conduta do apelado foi abusiva, notadamente il\u00edcita, eis que dotada de car\u00e1ter ofensivo e intimidador, perturbando os direitos da personalidade da v\u00edtima e, por isso, rendendo ensejo \u00e0 devida repara\u00e7\u00e3o por dano moral&#8221;, afirmou a relatora, que fixou a indeniza\u00e7\u00e3o por danos morais em R$ 10 mil.<\/p>\n\n\n\n<p>O n\u00famero do processo n\u00e3o foi divulgado pelo tribunal.<\/p>\n\n\n\n<p><\/p>\n","protected":false},"excerpt":{"rendered":"<p>Uma jovem dever\u00e1 ser indenizada em R$ 4.053,05, por danos materiais, e em R$ 10 mil, por danos morais, pelo ex-namorado que se apropriou do cart\u00e3o de cr\u00e9dito dela, proferiu ofensas contra ela em um grupo de WhatsApp, a amea\u00e7ou e a exp\u00f4s a agress\u00f5es psicol\u00f3gicas. A 14\u00aa c\u00e2mara C\u00edvel do TJ\/MG modificou a senten\u00e7a<br \/><a class=\"more-link\" href=\"https:\/\/justicapotiguar.com.br\/index.php\/2024\/01\/12\/homem-que-usou-cartao-da-ex-e-a-difamou-no-whatsapp-e-condenado\/\">Mais&#8230;<\/a><\/p>\n","protected":false},"author":5,"featured_media":0,"comment_status":"open","ping_status":"open","sticky":false,"template":"","format":"standard","meta":[],"categories":[1],"tags":[],"_links":{"self":[{"href":"https:\/\/justicapotiguar.com.br\/index.php\/wp-json\/wp\/v2\/posts\/35293"}],"collection":[{"href":"https:\/\/justicapotiguar.com.br\/index.php\/wp-json\/wp\/v2\/posts"}],"about":[{"href":"https:\/\/justicapotiguar.com.br\/index.php\/wp-json\/wp\/v2\/types\/post"}],"author":[{"embeddable":true,"href":"https:\/\/justicapotiguar.com.br\/index.php\/wp-json\/wp\/v2\/users\/5"}],"replies":[{"embeddable":true,"href":"https:\/\/justicapotiguar.com.br\/index.php\/wp-json\/wp\/v2\/comments?post=35293"}],"version-history":[{"count":1,"href":"https:\/\/justicapotiguar.com.br\/index.php\/wp-json\/wp\/v2\/posts\/35293\/revisions"}],"predecessor-version":[{"id":35294,"href":"https:\/\/justicapotiguar.com.br\/index.php\/wp-json\/wp\/v2\/posts\/35293\/revisions\/35294"}],"wp:attachment":[{"href":"https:\/\/justicapotiguar.com.br\/index.php\/wp-json\/wp\/v2\/media?parent=35293"}],"wp:term":[{"taxonomy":"category","embeddable":true,"href":"https:\/\/justicapotiguar.com.br\/index.php\/wp-json\/wp\/v2\/categories?post=35293"},{"taxonomy":"post_tag","embeddable":true,"href":"https:\/\/justicapotiguar.com.br\/index.php\/wp-json\/wp\/v2\/tags?post=35293"}],"curies":[{"name":"wp","href":"https:\/\/api.w.org\/{rel}","templated":true}]}}