{"id":35286,"date":"2024-01-11T15:08:30","date_gmt":"2024-01-11T18:08:30","guid":{"rendered":"https:\/\/justicapotiguar.com.br\/?p=35286"},"modified":"2024-01-11T15:08:30","modified_gmt":"2024-01-11T18:08:30","slug":"joao-camara-mprn-recomenda-suspensao-e-revisao-de-contrato-com-escritorio-de-advocacia","status":"publish","type":"post","link":"https:\/\/justicapotiguar.com.br\/index.php\/2024\/01\/11\/joao-camara-mprn-recomenda-suspensao-e-revisao-de-contrato-com-escritorio-de-advocacia\/","title":{"rendered":"Jo\u00e3o C\u00e2mara: MPRN recomenda suspens\u00e3o e revis\u00e3o de contrato com escrit\u00f3rio de advocacia"},"content":{"rendered":"\n<figure class=\"wp-block-image\"><img src=\"https:\/\/www.mprn.mp.br\/wp-content\/uploads\/2022\/06\/20220623_recomendacao_MCJ_2022.jpeg\" alt=\"Foto mostra apenas o peitoral de um homem vestido com um terno enquanto apoia uma m\u00e3o na mesa e a outra m\u00e3o assina um documento\" class=\"wp-image-3466\"\/><\/figure>\n\n\n\n<p>O Minist\u00e9rio P\u00fablico do Rio Grande do Norte (MPRN) emitiu uma recomenda\u00e7\u00e3o ao prefeito do Munic\u00edpio de Jo\u00e3o C\u00e2mara para que suspenda o contrato de servi\u00e7o especializado de consultoria e assessoramento jur\u00eddico com a empresa Advocacia Tatim Sociedade de Advogados. A quebra do v\u00ednculo deve ser imediata e o poder executivo municipal dever\u00e1, no prazo de 20 dias, comprovar as medidas adotadas.<\/p>\n\n\n\n<p>A orienta\u00e7\u00e3o ministerial \u00e9 que o prefeito comprove os servi\u00e7os de car\u00e1ter singular a serem prestados pelo escrit\u00f3rio ou, na aus\u00eancia destes, que rescinda o contrato firmado. O MPRN tamb\u00e9m pede que o prefeito aponte, de modo claro, quais as demandas do Munic\u00edpio em que j\u00e1 houve a participa\u00e7\u00e3o do contratado.<\/p><div class=\"ssjpn69f0a29a729f3\" ><!--<a href=\"https:\/\/bit.ly\/3QdrqTZ\" target=\"_blank\">\n<img src=\"https:\/\/justicapotiguar.com.br\/wp-content\/uploads\/2023\/09\/mobile-geral.gif\"\/><a\/>--><\/div><style type=\"text\/css\">\r\n.ssjpn69f0a29a729f3 {\r\ntext-align: center;\r\n}\r\n@media screen and (min-width: 1201px) {\r\n.ssjpn69f0a29a729f3 {\r\ndisplay: none;\r\n}\r\n}\r\n@media screen and (min-width: 993px) and (max-width: 1200px) {\r\n.ssjpn69f0a29a729f3 {\r\ndisplay: none;\r\n}\r\n}\r\n@media screen and (min-width: 769px) and (max-width: 992px) {\r\n.ssjpn69f0a29a729f3 {\r\ndisplay: none;\r\n}\r\n}\r\n@media screen and (min-width: 768px) and (max-width: 768px) {\r\n.ssjpn69f0a29a729f3 {\r\ndisplay: block;\r\n}\r\n}\r\n@media screen and (max-width: 767px) {\r\n.ssjpn69f0a29a729f3 {\r\ndisplay: block;\r\n}\r\n}\r\n<\/style>\r\n<div class=\"eraek69f0a29a729d9\" ><!--<a href=\"https:\/\/bit.ly\/3QdrqTZ\" target=\"_blank\">\n<img src=\"https:\/\/justicapotiguar.com.br\/wp-content\/uploads\/2023\/09\/desktop-geral.gif\"\/><a\/>--><\/div><style type=\"text\/css\">\r\n.eraek69f0a29a729d9 {\r\ntext-align: center;\nmargin-bottom: 1em;\r\n}\r\n@media screen and (min-width: 1201px) {\r\n.eraek69f0a29a729d9 {\r\ndisplay: block;\r\n}\r\n}\r\n@media screen and (min-width: 993px) and (max-width: 1200px) {\r\n.eraek69f0a29a729d9 {\r\ndisplay: block;\r\n}\r\n}\r\n@media screen and (min-width: 769px) and (max-width: 992px) {\r\n.eraek69f0a29a729d9 {\r\ndisplay: block;\r\n}\r\n}\r\n@media screen and (min-width: 768px) and (max-width: 768px) {\r\n.eraek69f0a29a729d9 {\r\ndisplay: none;\r\n}\r\n}\r\n@media screen and (max-width: 767px) {\r\n.eraek69f0a29a729d9 {\r\ndisplay: none;\r\n}\r\n}\r\n<\/style>\r\n\n\n\n\n<p>Outra medida recomendada pela promotoria \u00e9 que a gest\u00e3o municipal em futuras contrata\u00e7\u00f5es desse tipo estipule crit\u00e9rios objetivos, de forma clara, para tal feito. O texto explica que o processo licitat\u00f3rio dever\u00e1 explicar a necessidade do contrato, do servi\u00e7o a ser prestado, a not\u00f3ria especializa\u00e7\u00e3o do profissional a ser contratado e demais requisitos presentes na A\u00e7\u00e3o Declarat\u00f3ria de Constitucionalidade (ADC) 45, do Supremo Tribunal Federal (STF).<\/p>\n\n\n\n<p>A recomenda\u00e7\u00e3o tem por finalidade a fixa\u00e7\u00e3o do elemento subjetivo doloso para fins de caracteriza\u00e7\u00e3o de ato de improbidade administrativa, conforme o art. 1\u00ba, \u00a72\u00ba, da Lei n. 8.429\/1992.<\/p>\n","protected":false},"excerpt":{"rendered":"<p>O Minist\u00e9rio P\u00fablico do Rio Grande do Norte (MPRN) emitiu uma recomenda\u00e7\u00e3o ao prefeito do Munic\u00edpio de Jo\u00e3o C\u00e2mara para que suspenda o contrato de servi\u00e7o especializado de consultoria e assessoramento jur\u00eddico com a empresa Advocacia Tatim Sociedade de Advogados. A quebra do v\u00ednculo deve ser imediata e o poder executivo municipal dever\u00e1, no prazo<br \/><a class=\"more-link\" href=\"https:\/\/justicapotiguar.com.br\/index.php\/2024\/01\/11\/joao-camara-mprn-recomenda-suspensao-e-revisao-de-contrato-com-escritorio-de-advocacia\/\">Mais&#8230;<\/a><\/p>\n","protected":false},"author":5,"featured_media":0,"comment_status":"open","ping_status":"open","sticky":false,"template":"","format":"standard","meta":[],"categories":[1],"tags":[],"_links":{"self":[{"href":"https:\/\/justicapotiguar.com.br\/index.php\/wp-json\/wp\/v2\/posts\/35286"}],"collection":[{"href":"https:\/\/justicapotiguar.com.br\/index.php\/wp-json\/wp\/v2\/posts"}],"about":[{"href":"https:\/\/justicapotiguar.com.br\/index.php\/wp-json\/wp\/v2\/types\/post"}],"author":[{"embeddable":true,"href":"https:\/\/justicapotiguar.com.br\/index.php\/wp-json\/wp\/v2\/users\/5"}],"replies":[{"embeddable":true,"href":"https:\/\/justicapotiguar.com.br\/index.php\/wp-json\/wp\/v2\/comments?post=35286"}],"version-history":[{"count":1,"href":"https:\/\/justicapotiguar.com.br\/index.php\/wp-json\/wp\/v2\/posts\/35286\/revisions"}],"predecessor-version":[{"id":35287,"href":"https:\/\/justicapotiguar.com.br\/index.php\/wp-json\/wp\/v2\/posts\/35286\/revisions\/35287"}],"wp:attachment":[{"href":"https:\/\/justicapotiguar.com.br\/index.php\/wp-json\/wp\/v2\/media?parent=35286"}],"wp:term":[{"taxonomy":"category","embeddable":true,"href":"https:\/\/justicapotiguar.com.br\/index.php\/wp-json\/wp\/v2\/categories?post=35286"},{"taxonomy":"post_tag","embeddable":true,"href":"https:\/\/justicapotiguar.com.br\/index.php\/wp-json\/wp\/v2\/tags?post=35286"}],"curies":[{"name":"wp","href":"https:\/\/api.w.org\/{rel}","templated":true}]}}