{"id":35266,"date":"2024-01-10T09:00:00","date_gmt":"2024-01-10T12:00:00","guid":{"rendered":"https:\/\/justicapotiguar.com.br\/?p=35266"},"modified":"2024-01-09T20:39:21","modified_gmt":"2024-01-09T23:39:21","slug":"mprn-recomenda-disponibilizacao-de-oculos-de-lente-corretiva-pelo-sus-para-crianca-de-1-ano","status":"publish","type":"post","link":"https:\/\/justicapotiguar.com.br\/index.php\/2024\/01\/10\/mprn-recomenda-disponibilizacao-de-oculos-de-lente-corretiva-pelo-sus-para-crianca-de-1-ano\/","title":{"rendered":"MPRN recomenda disponibiliza\u00e7\u00e3o de \u00f3culos de lente corretiva pelo SUS para crian\u00e7a de 1 ano"},"content":{"rendered":"\n<figure class=\"wp-block-image\"><img src=\"https:\/\/www.mprn.mp.br\/wp-content\/uploads\/2024\/01\/WhatsApp-Image-2024-01-09-at-13.00.20.jpeg\" alt=\"Imagem de uma m\u00e3o segurando uma lente corretiva.\" class=\"wp-image-20680\"\/><\/figure>\n\n\n\n<p>O Minist\u00e9rio P\u00fablico do Estado do Rio Grande do Norte (MPRN) emite recomenda\u00e7\u00e3o para que o Munic\u00edpio de Acari promova a aquisi\u00e7\u00e3o e disponibiliza\u00e7\u00e3o de \u00f3culos de lentes corretivas para uma crian\u00e7a de 1 ano. O direito \u00e9 previsto no Sistema \u00danico de Sa\u00fade (SUS) como de responsabilidade do Poder Executivo municipal. A recomenda\u00e7\u00e3o \u00e9 fruto de atendimento aberto pela m\u00e3e da menor de idade que compareceu \u00e0 Promotoria de Justi\u00e7a com a demanda.<\/p>\n\n\n\n<p>O atendimento registrado pela respons\u00e1vel deixou comprovado o diagn\u00f3stico de catarata cong\u00eanita, condi\u00e7\u00e3o de grau consider\u00e1vel, 20 graus em cada olho da crian\u00e7a. A promotoria identificou que a fam\u00edlia da crian\u00e7a n\u00e3o possui condi\u00e7\u00e3o financeira compat\u00edvel para arcar com as despesas e tratamento m\u00e9dico e que n\u00e3o obteve \u00eaxito na busca de exames na rede p\u00fablica de sa\u00fade de Acari.<\/p><div class=\"hvycm69f0a2e86ad46\" ><!--<a href=\"https:\/\/bit.ly\/3QdrqTZ\" target=\"_blank\">\n<img src=\"https:\/\/justicapotiguar.com.br\/wp-content\/uploads\/2023\/09\/mobile-geral.gif\"\/><a\/>--><\/div><style type=\"text\/css\">\r\n.hvycm69f0a2e86ad46 {\r\ntext-align: center;\r\n}\r\n@media screen and (min-width: 1201px) {\r\n.hvycm69f0a2e86ad46 {\r\ndisplay: none;\r\n}\r\n}\r\n@media screen and (min-width: 993px) and (max-width: 1200px) {\r\n.hvycm69f0a2e86ad46 {\r\ndisplay: none;\r\n}\r\n}\r\n@media screen and (min-width: 769px) and (max-width: 992px) {\r\n.hvycm69f0a2e86ad46 {\r\ndisplay: none;\r\n}\r\n}\r\n@media screen and (min-width: 768px) and (max-width: 768px) {\r\n.hvycm69f0a2e86ad46 {\r\ndisplay: block;\r\n}\r\n}\r\n@media screen and (max-width: 767px) {\r\n.hvycm69f0a2e86ad46 {\r\ndisplay: block;\r\n}\r\n}\r\n<\/style>\r\n<div class=\"yrcbz69f0a2e86ad2c\" ><!--<a href=\"https:\/\/bit.ly\/3QdrqTZ\" target=\"_blank\">\n<img src=\"https:\/\/justicapotiguar.com.br\/wp-content\/uploads\/2023\/09\/desktop-geral.gif\"\/><a\/>--><\/div><style type=\"text\/css\">\r\n.yrcbz69f0a2e86ad2c {\r\ntext-align: center;\nmargin-bottom: 1em;\r\n}\r\n@media screen and (min-width: 1201px) {\r\n.yrcbz69f0a2e86ad2c {\r\ndisplay: block;\r\n}\r\n}\r\n@media screen and (min-width: 993px) and (max-width: 1200px) {\r\n.yrcbz69f0a2e86ad2c {\r\ndisplay: block;\r\n}\r\n}\r\n@media screen and (min-width: 769px) and (max-width: 992px) {\r\n.yrcbz69f0a2e86ad2c {\r\ndisplay: block;\r\n}\r\n}\r\n@media screen and (min-width: 768px) and (max-width: 768px) {\r\n.yrcbz69f0a2e86ad2c {\r\ndisplay: none;\r\n}\r\n}\r\n@media screen and (max-width: 767px) {\r\n.yrcbz69f0a2e86ad2c {\r\ndisplay: none;\r\n}\r\n}\r\n<\/style>\r\n\n\n\n\n<p>A recomenda\u00e7\u00e3o registra que \u00e9 dever do munic\u00edpio realizar an\u00e1lise peri\u00f3dica de ofertas de servi\u00e7os e tratamentos previstos do SUS, como \u00f3rteses, pr\u00f3teses e materiais especiais, os chamados OPMs. A rede municipal pode atuar com outros Entes P\u00fablicos para disponibiliza\u00e7\u00e3o dos materiais.<\/p>\n\n\n\n<p>O MPRN recomendou, portanto, que a Prefeitura de Acari disponibilize dentro do prazo de 20 dias, \u00f3culos com lentes corretivas para a paciente conforme prescri\u00e7\u00f5es m\u00e9dicas. A Secretaria de Sa\u00fade Municipal deve seguir a recomenda\u00e7\u00e3o por meio de presta\u00e7\u00e3o direta, pactuada ou por prestador privado contratado.<\/p>\n","protected":false},"excerpt":{"rendered":"<p>O Minist\u00e9rio P\u00fablico do Estado do Rio Grande do Norte (MPRN) emite recomenda\u00e7\u00e3o para que o Munic\u00edpio de Acari promova a aquisi\u00e7\u00e3o e disponibiliza\u00e7\u00e3o de \u00f3culos de lentes corretivas para uma crian\u00e7a de 1 ano. O direito \u00e9 previsto no Sistema \u00danico de Sa\u00fade (SUS) como de responsabilidade do Poder Executivo municipal. A recomenda\u00e7\u00e3o \u00e9<br \/><a class=\"more-link\" href=\"https:\/\/justicapotiguar.com.br\/index.php\/2024\/01\/10\/mprn-recomenda-disponibilizacao-de-oculos-de-lente-corretiva-pelo-sus-para-crianca-de-1-ano\/\">Mais&#8230;<\/a><\/p>\n","protected":false},"author":5,"featured_media":0,"comment_status":"open","ping_status":"open","sticky":false,"template":"","format":"standard","meta":[],"categories":[1],"tags":[],"_links":{"self":[{"href":"https:\/\/justicapotiguar.com.br\/index.php\/wp-json\/wp\/v2\/posts\/35266"}],"collection":[{"href":"https:\/\/justicapotiguar.com.br\/index.php\/wp-json\/wp\/v2\/posts"}],"about":[{"href":"https:\/\/justicapotiguar.com.br\/index.php\/wp-json\/wp\/v2\/types\/post"}],"author":[{"embeddable":true,"href":"https:\/\/justicapotiguar.com.br\/index.php\/wp-json\/wp\/v2\/users\/5"}],"replies":[{"embeddable":true,"href":"https:\/\/justicapotiguar.com.br\/index.php\/wp-json\/wp\/v2\/comments?post=35266"}],"version-history":[{"count":1,"href":"https:\/\/justicapotiguar.com.br\/index.php\/wp-json\/wp\/v2\/posts\/35266\/revisions"}],"predecessor-version":[{"id":35267,"href":"https:\/\/justicapotiguar.com.br\/index.php\/wp-json\/wp\/v2\/posts\/35266\/revisions\/35267"}],"wp:attachment":[{"href":"https:\/\/justicapotiguar.com.br\/index.php\/wp-json\/wp\/v2\/media?parent=35266"}],"wp:term":[{"taxonomy":"category","embeddable":true,"href":"https:\/\/justicapotiguar.com.br\/index.php\/wp-json\/wp\/v2\/categories?post=35266"},{"taxonomy":"post_tag","embeddable":true,"href":"https:\/\/justicapotiguar.com.br\/index.php\/wp-json\/wp\/v2\/tags?post=35266"}],"curies":[{"name":"wp","href":"https:\/\/api.w.org\/{rel}","templated":true}]}}