{"id":35140,"date":"2023-12-27T09:27:26","date_gmt":"2023-12-27T12:27:26","guid":{"rendered":"https:\/\/justicapotiguar.com.br\/?p=35140"},"modified":"2023-12-27T09:27:26","modified_gmt":"2023-12-27T12:27:26","slug":"justica-concede-aumento-no-valor-de-indenizacao-para-passageiros-que-tiveram-atraso-em-voo-de-40-horas","status":"publish","type":"post","link":"https:\/\/justicapotiguar.com.br\/index.php\/2023\/12\/27\/justica-concede-aumento-no-valor-de-indenizacao-para-passageiros-que-tiveram-atraso-em-voo-de-40-horas\/","title":{"rendered":"Justi\u00e7a concede aumento no valor de indeniza\u00e7\u00e3o para passageiros que tiveram atraso em voo de 40 horas"},"content":{"rendered":"\n<figure class=\"wp-block-image size-large\"><img loading=\"lazy\" width=\"600\" height=\"200\" src=\"https:\/\/justicapotiguar.com.br\/wp-content\/uploads\/2019\/08\/avi\u00e3o-1.png\" alt=\"\" class=\"wp-image-688\" srcset=\"https:\/\/justicapotiguar.com.br\/wp-content\/uploads\/2019\/08\/avi\u00e3o-1.png 600w, https:\/\/justicapotiguar.com.br\/wp-content\/uploads\/2019\/08\/avi\u00e3o-1-300x100.png 300w\" sizes=\"(max-width: 600px) 100vw, 600px\" \/><\/figure>\n\n\n\n<p>A 1\u00aa C\u00e2mara C\u00edvel do TJRN, por maioria de votos, deferiu pedido de dois consumidores de Natal e aumentaram o valor da indeniza\u00e7\u00e3o que uma companhia \u00e1rea nacional deve pagar em virtude do atraso de 40 horas em rela\u00e7\u00e3o ao hor\u00e1rio inicialmente previsto de um voo que os levariam da capital potiguar para S\u00e3o Paulo no final de 2021. Consta nos autos que os autores adquiriram passagens a\u00e9reas em um voo com sa\u00edda do aeroporto do Gale\u00e3o, no Rio de Janeiro, \u00e0s 22 horas do dia 2 de dezembro de 2021 e chegada ao aeroporto de Natal \u00e0s 01h05m do dia 3 de dezembro de 2021.<\/p>\n\n\n\n<p>Eles contaram que, quando se encontravam na fila de embarque, foram informados que o voo seria cancelado e, ap\u00f3s longa espera, foram recolocados em outro voo, com sa\u00edda do Gale\u00e3o prevista para \u00e0s 11h do dia 4 de dezembro de 2021, com destino ao aeroporto de Guarulhos, em S\u00e3o Paulo.<\/p>\n\n\n\n<p>Em seguida, fariam a conex\u00e3o em um outro voo, com sa\u00edda de Guarulhos \u00e0s 13h35 do dia 4 de dezembro de 2021 com destino \u00e0 Natal, com previs\u00e3o de chegada \u00e0s 17 horas. Em raz\u00e3o do cancelamento do voo, chegaram ao destino com atraso de cerca de 40 horas em rela\u00e7\u00e3o ao hor\u00e1rio inicialmente previsto e em um voo com escalas, totalmente diferente do inicialmente contratado. Por isso, pediram pela condena\u00e7\u00e3o da companhia a\u00e9rea ao pagamento de indeniza\u00e7\u00e3o pelos danos morais sofridos.<\/p>\n\n\n\n<p>A empresa a\u00e9rea alegou que os voos precisaram ser alterados em raz\u00e3o da ocorr\u00eancia da reestrutura\u00e7\u00e3o da malha a\u00e9rea. Alegou ainda que os autores foram previamente informados da altera\u00e7\u00e3o. Afirmou que n\u00e3o houve qualquer descumprimento contratual por sua parte, pois comunicou a altera\u00e7\u00e3o do hor\u00e1rio do voo com prazo razo\u00e1vel de anteced\u00eancia, conforme determina o artigo 12, da Resolu\u00e7\u00e3o 400 da ANAC. Sustentou que n\u00e3o houve pr\u00e1tica de qualquer ato il\u00edcito.<\/p><div class=\"wolul69f3636f5bdb3\" ><!--<a href=\"https:\/\/bit.ly\/3QdrqTZ\" target=\"_blank\">\n<img src=\"https:\/\/justicapotiguar.com.br\/wp-content\/uploads\/2023\/09\/mobile-geral.gif\"\/><a\/>--><\/div><style type=\"text\/css\">\r\n.wolul69f3636f5bdb3 {\r\ntext-align: center;\r\n}\r\n@media screen and (min-width: 1201px) {\r\n.wolul69f3636f5bdb3 {\r\ndisplay: none;\r\n}\r\n}\r\n@media screen and (min-width: 993px) and (max-width: 1200px) {\r\n.wolul69f3636f5bdb3 {\r\ndisplay: none;\r\n}\r\n}\r\n@media screen and (min-width: 769px) and (max-width: 992px) {\r\n.wolul69f3636f5bdb3 {\r\ndisplay: none;\r\n}\r\n}\r\n@media screen and (min-width: 768px) and (max-width: 768px) {\r\n.wolul69f3636f5bdb3 {\r\ndisplay: block;\r\n}\r\n}\r\n@media screen and (max-width: 767px) {\r\n.wolul69f3636f5bdb3 {\r\ndisplay: block;\r\n}\r\n}\r\n<\/style>\r\n<div class=\"yiwdw69f3636f5bd94\" ><!--<a href=\"https:\/\/bit.ly\/3QdrqTZ\" target=\"_blank\">\n<img src=\"https:\/\/justicapotiguar.com.br\/wp-content\/uploads\/2023\/09\/desktop-geral.gif\"\/><a\/>--><\/div><style type=\"text\/css\">\r\n.yiwdw69f3636f5bd94 {\r\ntext-align: center;\nmargin-bottom: 1em;\r\n}\r\n@media screen and (min-width: 1201px) {\r\n.yiwdw69f3636f5bd94 {\r\ndisplay: block;\r\n}\r\n}\r\n@media screen and (min-width: 993px) and (max-width: 1200px) {\r\n.yiwdw69f3636f5bd94 {\r\ndisplay: block;\r\n}\r\n}\r\n@media screen and (min-width: 769px) and (max-width: 992px) {\r\n.yiwdw69f3636f5bd94 {\r\ndisplay: block;\r\n}\r\n}\r\n@media screen and (min-width: 768px) and (max-width: 768px) {\r\n.yiwdw69f3636f5bd94 {\r\ndisplay: none;\r\n}\r\n}\r\n@media screen and (max-width: 767px) {\r\n.yiwdw69f3636f5bd94 {\r\ndisplay: none;\r\n}\r\n}\r\n<\/style>\r\n\n\n\n\n<p>Na Apela\u00e7\u00e3o C\u00edvel interposta pelos passageiros contra senten\u00e7a da 4\u00aa Vara C\u00edvel de Natal, que condenou a companhia a\u00e9rea em danos morais no valor R$ 5 mil, eles alegaram que o dano moral fixado na decis\u00e3o de primeira inst\u00e2ncia n\u00e3o atende \u00e0 tr\u00edplice fun\u00e7\u00e3o da indeniza\u00e7\u00e3o, por se tratar de valor irris\u00f3rio, incapaz de compensar o dano vivenciado e incapaz de impedir que tais fatos voltem a ocorrer. Ao final, pede para que sejam majorados os danos morais.<\/p>\n\n\n\n<p>O relator, o desembargador Dilermando Mota, decidiu que, em observ\u00e2ncia ao princ\u00edpio da razoabilidade e proporcionalidade, e considerando o atraso de 40 horas no voo, aumentar o valor da indeniza\u00e7\u00e3o para R$ 10 mil para cada passageiro, por entender razo\u00e1vel e proporcional a reparar o dano moral decorrente da m\u00e1 presta\u00e7\u00e3o do servi\u00e7o realizado pela empresa a\u00e9rea.<\/p>\n\n\n\n<p>\u201cAnte o exposto, dou provimento ao recurso para majorar os danos morais para o valor de R$ 10.000,00 (dez mil reais) para cada Apelante, com incid\u00eancia de corre\u00e7\u00e3o monet\u00e1ria e juros, conforme delineado na senten\u00e7a\u201d, decidiu.<\/p>\n","protected":false},"excerpt":{"rendered":"<p>A 1\u00aa C\u00e2mara C\u00edvel do TJRN, por maioria de votos, deferiu pedido de dois consumidores de Natal e aumentaram o valor da indeniza\u00e7\u00e3o que uma companhia \u00e1rea nacional deve pagar em virtude do atraso de 40 horas em rela\u00e7\u00e3o ao hor\u00e1rio inicialmente previsto de um voo que os levariam da capital potiguar para S\u00e3o Paulo<br \/><a class=\"more-link\" href=\"https:\/\/justicapotiguar.com.br\/index.php\/2023\/12\/27\/justica-concede-aumento-no-valor-de-indenizacao-para-passageiros-que-tiveram-atraso-em-voo-de-40-horas\/\">Mais&#8230;<\/a><\/p>\n","protected":false},"author":5,"featured_media":0,"comment_status":"open","ping_status":"open","sticky":false,"template":"","format":"standard","meta":[],"categories":[1],"tags":[],"_links":{"self":[{"href":"https:\/\/justicapotiguar.com.br\/index.php\/wp-json\/wp\/v2\/posts\/35140"}],"collection":[{"href":"https:\/\/justicapotiguar.com.br\/index.php\/wp-json\/wp\/v2\/posts"}],"about":[{"href":"https:\/\/justicapotiguar.com.br\/index.php\/wp-json\/wp\/v2\/types\/post"}],"author":[{"embeddable":true,"href":"https:\/\/justicapotiguar.com.br\/index.php\/wp-json\/wp\/v2\/users\/5"}],"replies":[{"embeddable":true,"href":"https:\/\/justicapotiguar.com.br\/index.php\/wp-json\/wp\/v2\/comments?post=35140"}],"version-history":[{"count":1,"href":"https:\/\/justicapotiguar.com.br\/index.php\/wp-json\/wp\/v2\/posts\/35140\/revisions"}],"predecessor-version":[{"id":35141,"href":"https:\/\/justicapotiguar.com.br\/index.php\/wp-json\/wp\/v2\/posts\/35140\/revisions\/35141"}],"wp:attachment":[{"href":"https:\/\/justicapotiguar.com.br\/index.php\/wp-json\/wp\/v2\/media?parent=35140"}],"wp:term":[{"taxonomy":"category","embeddable":true,"href":"https:\/\/justicapotiguar.com.br\/index.php\/wp-json\/wp\/v2\/categories?post=35140"},{"taxonomy":"post_tag","embeddable":true,"href":"https:\/\/justicapotiguar.com.br\/index.php\/wp-json\/wp\/v2\/tags?post=35140"}],"curies":[{"name":"wp","href":"https:\/\/api.w.org\/{rel}","templated":true}]}}