{"id":35137,"date":"2023-12-26T16:01:59","date_gmt":"2023-12-26T19:01:59","guid":{"rendered":"https:\/\/justicapotiguar.com.br\/?p=35137"},"modified":"2023-12-26T16:01:59","modified_gmt":"2023-12-26T19:01:59","slug":"justica-concede-liminar-para-que-banco-suspenda-cobranca-de-quase-r-5-mil-de-festa-que-ocorreria-no-festjoy-apos-anuncio-de-falencia","status":"publish","type":"post","link":"https:\/\/justicapotiguar.com.br\/index.php\/2023\/12\/26\/justica-concede-liminar-para-que-banco-suspenda-cobranca-de-quase-r-5-mil-de-festa-que-ocorreria-no-festjoy-apos-anuncio-de-falencia\/","title":{"rendered":"Justi\u00e7a concede  liminar para que banco suspenda cobran\u00e7a de quase R$ 5 mil de festa que ocorreria no FestJoy ap\u00f3s an\u00fancio de fal\u00eancia"},"content":{"rendered":"\n<figure class=\"wp-block-image size-large\"><img loading=\"lazy\" width=\"984\" height=\"554\" src=\"https:\/\/justicapotiguar.com.br\/wp-content\/uploads\/2023\/12\/whatsapp-image-2023-12-18-at-10.06.44.jpeg\" alt=\"\" class=\"wp-image-35138\" srcset=\"https:\/\/justicapotiguar.com.br\/wp-content\/uploads\/2023\/12\/whatsapp-image-2023-12-18-at-10.06.44.jpeg 984w, https:\/\/justicapotiguar.com.br\/wp-content\/uploads\/2023\/12\/whatsapp-image-2023-12-18-at-10.06.44-300x169.jpeg 300w, https:\/\/justicapotiguar.com.br\/wp-content\/uploads\/2023\/12\/whatsapp-image-2023-12-18-at-10.06.44-768x432.jpeg 768w\" sizes=\"(max-width: 984px) 100vw, 984px\" \/><figcaption>Reprodu\u00e7\u00e3o<\/figcaption><\/figure>\n\n\n\n<p>O juiz Fl\u00e1vio Pires de Amorim, do 2\u00ba Juizado Especial de Parnamirim, concedeu medida liminar em favor de uma consumidora para determinar a uma institui\u00e7\u00e3o banc\u00e1ria que suspenda a cobran\u00e7a, no prazo de 10 dias, relativa a um parcelamento no valor total de R$ 4.914, resultado de uma contrata\u00e7\u00e3o de festa infantil realizada pela autora junto ao FestJoy Buffet que veio a decretar fal\u00eancia antes da presta\u00e7\u00e3o do servi\u00e7o.<\/p>\n\n\n\n<p>De acordo com os autos, a autora celebrou contrato com a empresa visando a loca\u00e7\u00e3o do espa\u00e7o, parque infantil e servi\u00e7os aliment\u00edcios de buffet para a festa de anivers\u00e1rio de 1 ano de vida de seu filho, agendada para janeiro de 2024. Contudo, alega que no \u00faltimo dia 17 de dezembro fora surpreendida com not\u00edcias e relatos de in\u00fameros problemas envolvendo as promovidas, os quais ocasionaram, supostamente, no cancelamento de festas, decaimento na qualidade da presta\u00e7\u00e3o dos servi\u00e7os de atendimento e buffet, bem como, precariedade do sal\u00e3o de festas.<\/p>\n\n\n\n<p>Ao analisar o pedido de antecipa\u00e7\u00e3o de tutela, o magistrado apontou que a pr\u00f3pria demandada informou a impossibilidade do cumprimento integral dos contratos que tinham eventos aprazados a partir do dia 16 de dezembro de 2023, em raz\u00e3o de suposto impedimento de ordem financeira que ocasionou a sua fal\u00eancia. Assim, entendeu que ficou demonstrada a probabilidade do direito, uma vez que \u201cresta demonstrado pelos pr\u00f3prios esclarecimento da demandada quanto a impossibilidade de execu\u00e7\u00e3o do servi\u00e7o\u2019.<\/p><div class=\"tccxs69f31767370a4\" ><!--<a href=\"https:\/\/bit.ly\/3QdrqTZ\" target=\"_blank\">\n<img src=\"https:\/\/justicapotiguar.com.br\/wp-content\/uploads\/2023\/09\/mobile-geral.gif\"\/><a\/>--><\/div><style type=\"text\/css\">\r\n.tccxs69f31767370a4 {\r\ntext-align: center;\r\n}\r\n@media screen and (min-width: 1201px) {\r\n.tccxs69f31767370a4 {\r\ndisplay: none;\r\n}\r\n}\r\n@media screen and (min-width: 993px) and (max-width: 1200px) {\r\n.tccxs69f31767370a4 {\r\ndisplay: none;\r\n}\r\n}\r\n@media screen and (min-width: 769px) and (max-width: 992px) {\r\n.tccxs69f31767370a4 {\r\ndisplay: none;\r\n}\r\n}\r\n@media screen and (min-width: 768px) and (max-width: 768px) {\r\n.tccxs69f31767370a4 {\r\ndisplay: block;\r\n}\r\n}\r\n@media screen and (max-width: 767px) {\r\n.tccxs69f31767370a4 {\r\ndisplay: block;\r\n}\r\n}\r\n<\/style>\r\n<div class=\"svefo69f317673708d\" ><!--<a href=\"https:\/\/bit.ly\/3QdrqTZ\" target=\"_blank\">\n<img src=\"https:\/\/justicapotiguar.com.br\/wp-content\/uploads\/2023\/09\/desktop-geral.gif\"\/><a\/>--><\/div><style type=\"text\/css\">\r\n.svefo69f317673708d {\r\ntext-align: center;\nmargin-bottom: 1em;\r\n}\r\n@media screen and (min-width: 1201px) {\r\n.svefo69f317673708d {\r\ndisplay: block;\r\n}\r\n}\r\n@media screen and (min-width: 993px) and (max-width: 1200px) {\r\n.svefo69f317673708d {\r\ndisplay: block;\r\n}\r\n}\r\n@media screen and (min-width: 769px) and (max-width: 992px) {\r\n.svefo69f317673708d {\r\ndisplay: block;\r\n}\r\n}\r\n@media screen and (min-width: 768px) and (max-width: 768px) {\r\n.svefo69f317673708d {\r\ndisplay: none;\r\n}\r\n}\r\n@media screen and (max-width: 767px) {\r\n.svefo69f317673708d {\r\ndisplay: none;\r\n}\r\n}\r\n<\/style>\r\n\n\n\n\n<p>O juiz Fl\u00e1vio Pires de Amorim tamb\u00e9m indicou da an\u00e1lise dos autos que existem os elementos necess\u00e1rios para o deferimento da medida liminar, \u201cuma vez que, verificou-se a presen\u00e7a da prova inequ\u00edvoca, indispens\u00e1vel para&nbsp;<em>prima facie<\/em>&nbsp;antecipa\u00e7\u00e3o dos efeitos do m\u00e9rito\u201d.<\/p>\n\n\n\n<p>Al\u00e9m disso, entendeu haver fundado receio de dano ao resultado \u00fatil do processo j\u00e1 que a parte autora continuar\u00e1 a ser cobrada, mensalmente, por parcelas oriundas de servi\u00e7os os quais j\u00e1 tem certeza de sua inexecu\u00e7\u00e3o, pela pr\u00f3pria manifesta\u00e7\u00e3o da contratada. Assim, o perigo da demora resta evidenciado no \u00f4nus que a promovente ter\u00e1 que manter suas obriga\u00e7\u00f5es quando essas n\u00e3o ter\u00e3o nenhuma contrapresta\u00e7\u00e3o pela empresa promovida.<\/p>\n\n\n\n<p><strong>(Processo n\u00ba 0820500-73.2023.8.20.5124)<\/strong><\/p>\n","protected":false},"excerpt":{"rendered":"<p>O juiz Fl\u00e1vio Pires de Amorim, do 2\u00ba Juizado Especial de Parnamirim, concedeu medida liminar em favor de uma consumidora para determinar a uma institui\u00e7\u00e3o banc\u00e1ria que suspenda a cobran\u00e7a, no prazo de 10 dias, relativa a um parcelamento no valor total de R$ 4.914, resultado de uma contrata\u00e7\u00e3o de festa infantil realizada pela autora<br \/><a class=\"more-link\" href=\"https:\/\/justicapotiguar.com.br\/index.php\/2023\/12\/26\/justica-concede-liminar-para-que-banco-suspenda-cobranca-de-quase-r-5-mil-de-festa-que-ocorreria-no-festjoy-apos-anuncio-de-falencia\/\">Mais&#8230;<\/a><\/p>\n","protected":false},"author":5,"featured_media":0,"comment_status":"open","ping_status":"open","sticky":false,"template":"","format":"standard","meta":[],"categories":[1],"tags":[],"_links":{"self":[{"href":"https:\/\/justicapotiguar.com.br\/index.php\/wp-json\/wp\/v2\/posts\/35137"}],"collection":[{"href":"https:\/\/justicapotiguar.com.br\/index.php\/wp-json\/wp\/v2\/posts"}],"about":[{"href":"https:\/\/justicapotiguar.com.br\/index.php\/wp-json\/wp\/v2\/types\/post"}],"author":[{"embeddable":true,"href":"https:\/\/justicapotiguar.com.br\/index.php\/wp-json\/wp\/v2\/users\/5"}],"replies":[{"embeddable":true,"href":"https:\/\/justicapotiguar.com.br\/index.php\/wp-json\/wp\/v2\/comments?post=35137"}],"version-history":[{"count":1,"href":"https:\/\/justicapotiguar.com.br\/index.php\/wp-json\/wp\/v2\/posts\/35137\/revisions"}],"predecessor-version":[{"id":35139,"href":"https:\/\/justicapotiguar.com.br\/index.php\/wp-json\/wp\/v2\/posts\/35137\/revisions\/35139"}],"wp:attachment":[{"href":"https:\/\/justicapotiguar.com.br\/index.php\/wp-json\/wp\/v2\/media?parent=35137"}],"wp:term":[{"taxonomy":"category","embeddable":true,"href":"https:\/\/justicapotiguar.com.br\/index.php\/wp-json\/wp\/v2\/categories?post=35137"},{"taxonomy":"post_tag","embeddable":true,"href":"https:\/\/justicapotiguar.com.br\/index.php\/wp-json\/wp\/v2\/tags?post=35137"}],"curies":[{"name":"wp","href":"https:\/\/api.w.org\/{rel}","templated":true}]}}