{"id":35135,"date":"2023-12-26T14:52:17","date_gmt":"2023-12-26T17:52:17","guid":{"rendered":"https:\/\/justicapotiguar.com.br\/?p=35135"},"modified":"2023-12-26T14:52:17","modified_gmt":"2023-12-26T17:52:17","slug":"juiz-suspende-pregao-para-contratacao-de-advogados-dos-correios","status":"publish","type":"post","link":"https:\/\/justicapotiguar.com.br\/index.php\/2023\/12\/26\/juiz-suspende-pregao-para-contratacao-de-advogados-dos-correios\/","title":{"rendered":"Juiz suspende preg\u00e3o para contrata\u00e7\u00e3o de advogados dos Correios"},"content":{"rendered":"\n<p>O concurso p\u00fablico \u00e9 o meio leg\u00edtimo para contrata\u00e7\u00e3o de pessoal para presta\u00e7\u00e3o de servi\u00e7os a empresa p\u00fablica. Esse entendimento \u00e9 do juiz Waldemar Claudio de Carvalho, da 14\u00aa Vara Federal C\u00edvel do Distrito Federal, que determinou que os Correios se abstenham de fazer preg\u00e3o para contrata\u00e7\u00e3o de advogados.<\/p>\n\n\n\n<p><img loading=\"lazy\" width=\"300\" height=\"225\" src=\"https:\/\/www.conjur.com.br\/wp-content\/uploads\/2023\/20\/correios5.jpeg\" alt=\"\"><\/p>\n\n\n\n<p id=\"caption-attachment-329449\"><\/p>\n\n\n\n<p>No processo, a Associa\u00e7\u00e3o dos Procuradores dos Correios (Apect) pediu a suspens\u00e3o do preg\u00e3o para a contrata\u00e7\u00e3o de sociedade de advogados para presta\u00e7\u00e3o de servi\u00e7os jur\u00eddicos.<\/p>\n\n\n\n<p>A entidade argumentou que a contrata\u00e7\u00e3o vai de encontro \u00e0s normas constitucionais vigentes, \u201cn\u00e3o podendo ser estabelecida a diferencia\u00e7\u00e3o entre atividade-meio e atividade-fim\u201d, sendo o concurso p\u00fablico o \u00fanico meio leg\u00edtimo.<\/p><div class=\"dsets69f31e913b9b1\" ><!--<a href=\"https:\/\/bit.ly\/3QdrqTZ\" target=\"_blank\">\n<img src=\"https:\/\/justicapotiguar.com.br\/wp-content\/uploads\/2023\/09\/mobile-geral.gif\"\/><a\/>--><\/div><style type=\"text\/css\">\r\n.dsets69f31e913b9b1 {\r\ntext-align: center;\r\n}\r\n@media screen and (min-width: 1201px) {\r\n.dsets69f31e913b9b1 {\r\ndisplay: none;\r\n}\r\n}\r\n@media screen and (min-width: 993px) and (max-width: 1200px) {\r\n.dsets69f31e913b9b1 {\r\ndisplay: none;\r\n}\r\n}\r\n@media screen and (min-width: 769px) and (max-width: 992px) {\r\n.dsets69f31e913b9b1 {\r\ndisplay: none;\r\n}\r\n}\r\n@media screen and (min-width: 768px) and (max-width: 768px) {\r\n.dsets69f31e913b9b1 {\r\ndisplay: block;\r\n}\r\n}\r\n@media screen and (max-width: 767px) {\r\n.dsets69f31e913b9b1 {\r\ndisplay: block;\r\n}\r\n}\r\n<\/style>\r\n<div class=\"xokuf69f31e913b99c\" ><!--<a href=\"https:\/\/bit.ly\/3QdrqTZ\" target=\"_blank\">\n<img src=\"https:\/\/justicapotiguar.com.br\/wp-content\/uploads\/2023\/09\/desktop-geral.gif\"\/><a\/>--><\/div><style type=\"text\/css\">\r\n.xokuf69f31e913b99c {\r\ntext-align: center;\nmargin-bottom: 1em;\r\n}\r\n@media screen and (min-width: 1201px) {\r\n.xokuf69f31e913b99c {\r\ndisplay: block;\r\n}\r\n}\r\n@media screen and (min-width: 993px) and (max-width: 1200px) {\r\n.xokuf69f31e913b99c {\r\ndisplay: block;\r\n}\r\n}\r\n@media screen and (min-width: 769px) and (max-width: 992px) {\r\n.xokuf69f31e913b99c {\r\ndisplay: block;\r\n}\r\n}\r\n@media screen and (min-width: 768px) and (max-width: 768px) {\r\n.xokuf69f31e913b99c {\r\ndisplay: none;\r\n}\r\n}\r\n@media screen and (max-width: 767px) {\r\n.xokuf69f31e913b99c {\r\ndisplay: none;\r\n}\r\n}\r\n<\/style>\r\n\n\n\n\n<p>Na decis\u00e3o, o juiz afirma que o Superior Tribunal de Justi\u00e7a tem entendimento que equipara os Correios \u00e0 Fazenda P\u00fablica, de forma que a empresa deve respeitar as mesmas regras de contrata\u00e7\u00e3o.<\/p>\n\n\n\n<p>\u201cA fim de se garantir o resultado \u00fatil do processo, determino, com fundamento no poder geral de cautela, que a parte r\u00e9 se abstenha de assinar contratos com as eventuais empresas declaradas vencedoras no certame, at\u00e9 ulterior delibera\u00e7\u00e3o desse ju\u00edzo\u201d, diz o juiz.<\/p>\n\n\n\n<p><strong>Clique\u00a0<a href=\"https:\/\/www.conjur.com.br\/wp-content\/uploads\/2023\/12\/Decisao-1-1.pdf\">aqui<\/a>\u00a0para ler a decis\u00e3o<\/strong><br><strong>Processo 1117820-37.2023.4.01.3400<\/strong><\/p>\n\n\n\n<p>Conjur<\/p>\n","protected":false},"excerpt":{"rendered":"<p>O concurso p\u00fablico \u00e9 o meio leg\u00edtimo para contrata\u00e7\u00e3o de pessoal para presta\u00e7\u00e3o de servi\u00e7os a empresa p\u00fablica. Esse entendimento \u00e9 do juiz Waldemar Claudio de Carvalho, da 14\u00aa Vara Federal C\u00edvel do Distrito Federal, que determinou que os Correios se abstenham de fazer preg\u00e3o para contrata\u00e7\u00e3o de advogados. No processo, a Associa\u00e7\u00e3o dos Procuradores<br \/><a class=\"more-link\" href=\"https:\/\/justicapotiguar.com.br\/index.php\/2023\/12\/26\/juiz-suspende-pregao-para-contratacao-de-advogados-dos-correios\/\">Mais&#8230;<\/a><\/p>\n","protected":false},"author":5,"featured_media":0,"comment_status":"open","ping_status":"open","sticky":false,"template":"","format":"standard","meta":[],"categories":[1],"tags":[],"_links":{"self":[{"href":"https:\/\/justicapotiguar.com.br\/index.php\/wp-json\/wp\/v2\/posts\/35135"}],"collection":[{"href":"https:\/\/justicapotiguar.com.br\/index.php\/wp-json\/wp\/v2\/posts"}],"about":[{"href":"https:\/\/justicapotiguar.com.br\/index.php\/wp-json\/wp\/v2\/types\/post"}],"author":[{"embeddable":true,"href":"https:\/\/justicapotiguar.com.br\/index.php\/wp-json\/wp\/v2\/users\/5"}],"replies":[{"embeddable":true,"href":"https:\/\/justicapotiguar.com.br\/index.php\/wp-json\/wp\/v2\/comments?post=35135"}],"version-history":[{"count":1,"href":"https:\/\/justicapotiguar.com.br\/index.php\/wp-json\/wp\/v2\/posts\/35135\/revisions"}],"predecessor-version":[{"id":35136,"href":"https:\/\/justicapotiguar.com.br\/index.php\/wp-json\/wp\/v2\/posts\/35135\/revisions\/35136"}],"wp:attachment":[{"href":"https:\/\/justicapotiguar.com.br\/index.php\/wp-json\/wp\/v2\/media?parent=35135"}],"wp:term":[{"taxonomy":"category","embeddable":true,"href":"https:\/\/justicapotiguar.com.br\/index.php\/wp-json\/wp\/v2\/categories?post=35135"},{"taxonomy":"post_tag","embeddable":true,"href":"https:\/\/justicapotiguar.com.br\/index.php\/wp-json\/wp\/v2\/tags?post=35135"}],"curies":[{"name":"wp","href":"https:\/\/api.w.org\/{rel}","templated":true}]}}