{"id":35133,"date":"2023-12-26T13:52:46","date_gmt":"2023-12-26T16:52:46","guid":{"rendered":"https:\/\/justicapotiguar.com.br\/?p=35133"},"modified":"2023-12-26T13:52:46","modified_gmt":"2023-12-26T16:52:46","slug":"informativo-1-119-do-stf-de-11-de-dezembro-de-2023","status":"publish","type":"post","link":"https:\/\/justicapotiguar.com.br\/index.php\/2023\/12\/26\/informativo-1-119-do-stf-de-11-de-dezembro-de-2023\/","title":{"rendered":"Informativo 1.119 do STF, de 11 de dezembro de 2023"},"content":{"rendered":"\n<p><strong>Rodrigo Leite | @rodrigocrleite<\/strong><\/p>\n\n\n\n<p><strong>Canal P\u00edlulas Jur\u00eddicas | STF e STJ<\/strong><\/p>\n\n\n\n<p><strong>Link de acesso ao Canal: <\/strong><a href=\"https:\/\/whatsapp.com\/channel\/0029VaD2dLy4yltRhxnIPR0c\">https:\/\/whatsapp.com\/channel\/0029VaD2dLy4yltRhxnIPR0c<\/a><\/p>\n\n\n\n<p><strong>PLEN\u00c1RIO<\/strong><\/p>\n\n\n\n<p>&#8211; \u00c9 inconstitucional a veda\u00e7\u00e3o \u00e0 posse em cargo p\u00fablico de candidato(a) aprovado(a) que, embora tenha sido acometido(a) por doen\u00e7a grave, n\u00e3o apresenta sintoma incapacitante nem possui restri\u00e7\u00e3o relevante que impe\u00e7a o exerc\u00edcio da fun\u00e7\u00e3o pretendida (CF, arts. 1\u00ba, III, 3\u00ba, IV, 5\u00ba, caput, 37, caput, I e II) \u2013 <strong>RE 886.131\/MG<\/strong>, julgamento virtual finalizado em 30\/11\/2023, Tema 1.015.<\/p>\n\n\n\n<p>&#8211; Desde que preenchidos os requisitos legais, os servidores aposentados em cargo de Assistente Jur\u00eddico da Administra\u00e7\u00e3o Direta antes do advento da Lei n\u00ba 9.028\/95 possuem o direito \u00e0 transposi\u00e7\u00e3o ao cargo de Assistente Jur\u00eddico do quadro da Advocacia-Geral da Uni\u00e3o, transformado no cargo de Advogado da Uni\u00e3o pela Lei n\u00ba 10.549\/02, com o apostilamento dessa denomina\u00e7\u00e3o ao t\u00edtulo de inatividade \u2013 <strong>RE 682.934\/DF<\/strong>, julgamento virtual finalizado em 24\/11\/2023, Tema 553.<\/p>\n\n\n\n<p>&#8211; N\u00e3o conflita com a Constitui\u00e7\u00e3o Federal previs\u00e3o de Constitui\u00e7\u00e3o estadual, de natureza declarat\u00f3ria, que reconhece a exist\u00eancia de Tribunal Militar estadual anteriormente institu\u00eddo por lei \u2013 <strong>ADI 4.360\/RS<\/strong>, julgamento virtual finalizado em 1\u00ba\/12\/2023.<\/p>\n\n\n\n<p>&#8211; O art. 125, \u00a7 3\u00ba, da CF\/1988 (1) \u00e9 norma de reprodu\u00e7\u00e3o obrigat\u00f3ria, cabendo \u00e0 lei estadual, mediante proposta do Tribunal de Justi\u00e7a, criar e, consequentemente, organizar a Justi\u00e7a Militar estadual e o Tribunal de Justi\u00e7a Militar \u2013 <strong>ADI 4.360\/RS<\/strong>, julgamento virtual finalizado em 1\u00ba\/12\/2023.<\/p><div class=\"zsqrt69f30846d870f\" ><!--<a href=\"https:\/\/bit.ly\/3QdrqTZ\" target=\"_blank\">\n<img src=\"https:\/\/justicapotiguar.com.br\/wp-content\/uploads\/2023\/09\/mobile-geral.gif\"\/><a\/>--><\/div><style type=\"text\/css\">\r\n.zsqrt69f30846d870f {\r\ntext-align: center;\r\n}\r\n@media screen and (min-width: 1201px) {\r\n.zsqrt69f30846d870f {\r\ndisplay: none;\r\n}\r\n}\r\n@media screen and (min-width: 993px) and (max-width: 1200px) {\r\n.zsqrt69f30846d870f {\r\ndisplay: none;\r\n}\r\n}\r\n@media screen and (min-width: 769px) and (max-width: 992px) {\r\n.zsqrt69f30846d870f {\r\ndisplay: none;\r\n}\r\n}\r\n@media screen and (min-width: 768px) and (max-width: 768px) {\r\n.zsqrt69f30846d870f {\r\ndisplay: block;\r\n}\r\n}\r\n@media screen and (max-width: 767px) {\r\n.zsqrt69f30846d870f {\r\ndisplay: block;\r\n}\r\n}\r\n<\/style>\r\n<div class=\"qcohf69f30846d86f2\" ><!--<a href=\"https:\/\/bit.ly\/3QdrqTZ\" target=\"_blank\">\n<img src=\"https:\/\/justicapotiguar.com.br\/wp-content\/uploads\/2023\/09\/desktop-geral.gif\"\/><a\/>--><\/div><style type=\"text\/css\">\r\n.qcohf69f30846d86f2 {\r\ntext-align: center;\nmargin-bottom: 1em;\r\n}\r\n@media screen and (min-width: 1201px) {\r\n.qcohf69f30846d86f2 {\r\ndisplay: block;\r\n}\r\n}\r\n@media screen and (min-width: 993px) and (max-width: 1200px) {\r\n.qcohf69f30846d86f2 {\r\ndisplay: block;\r\n}\r\n}\r\n@media screen and (min-width: 769px) and (max-width: 992px) {\r\n.qcohf69f30846d86f2 {\r\ndisplay: block;\r\n}\r\n}\r\n@media screen and (min-width: 768px) and (max-width: 768px) {\r\n.qcohf69f30846d86f2 {\r\ndisplay: none;\r\n}\r\n}\r\n@media screen and (max-width: 767px) {\r\n.qcohf69f30846d86f2 {\r\ndisplay: none;\r\n}\r\n}\r\n<\/style>\r\n\n\n\n\n<p>&#8211; \u00c9<em> <\/em>inconstitucional lei municipal que estabelece a obriga\u00e7\u00e3o da implanta\u00e7\u00e3o, nos shopping centers, de ambulat\u00f3rio m\u00e9dico ou servi\u00e7o de pronto-socorro equipado para o atendimento de emerg\u00eancia \u2013 <strong>RE 833.291\/SP<\/strong>, julgamento virtual finalizado em 1\u00ba\/12\/2023.<\/p>\n\n\n\n<p>&#8211; Nos termos do art. 178 da Constitui\u00e7\u00e3o da Rep\u00fablica, as normas e os tratados internacionais limitadores da responsabilidade das transportadoras a\u00e9reas de passageiros, especialmente as Conven\u00e7\u00f5es de Vars\u00f3via e Montreal, t\u00eam preval\u00eancia em rela\u00e7\u00e3o ao C\u00f3digo de Defesa do Consumidor. O presente entendimento n\u00e3o se aplica \u00e0s hip\u00f3teses de danos extrapatrimoniais \u2013 <strong>ARE 766.618 ED\/SP<\/strong>, julgamento finalizado em 30\/11\/2023, Tema 210.<\/p>\n\n\n\n<figure class=\"wp-block-image size-large\"><img loading=\"lazy\" width=\"924\" height=\"616\" src=\"https:\/\/justicapotiguar.com.br\/wp-content\/uploads\/2021\/08\/predio-do-stf-em-brasilia-stf-divulgacao.jpg\" alt=\"\" class=\"wp-image-21137\" srcset=\"https:\/\/justicapotiguar.com.br\/wp-content\/uploads\/2021\/08\/predio-do-stf-em-brasilia-stf-divulgacao.jpg 924w, https:\/\/justicapotiguar.com.br\/wp-content\/uploads\/2021\/08\/predio-do-stf-em-brasilia-stf-divulgacao-300x200.jpg 300w, https:\/\/justicapotiguar.com.br\/wp-content\/uploads\/2021\/08\/predio-do-stf-em-brasilia-stf-divulgacao-768x512.jpg 768w\" sizes=\"(max-width: 924px) 100vw, 924px\" \/><figcaption>Reprodu\u00e7\u00e3o<\/figcaption><\/figure>\n\n\n\n<p>&#8211; \u00c9 v\u00e1lida a abertura de encomenda postada nos Correios por funcion\u00e1rios da empresa, desde que haja ind\u00edcios fundamentados da pr\u00e1tica de atividade il\u00edcita. Nesse caso, \u00e9 necess\u00e1rio formalizar as provid\u00eancias adotadas para permitir o posterior controle administrativo ou judicial. Nos pres\u00eddios, tamb\u00e9m \u00e9 v\u00e1lida a abertura de carta, telegrama, pacote ou meio an\u00e1logo quando houver ind\u00edcios fundamentados da pr\u00e1tica de atividades il\u00edcitas \u2013 <strong>RE 1.116.949 ED\/PR<\/strong>, julgamento finalizado em 30\/11\/2023, Tema 1.041.<\/p>\n\n\n\n<p>&#8211; A aplica\u00e7\u00e3o da LC 190\/2022, que regulamentou a cobran\u00e7a do Diferencial de Al\u00edquotas do ICMS (Difal), n\u00e3o precisa observar os prazos constitucionais de anterioridade anual e nonagesimal, porque n\u00e3o houve institui\u00e7\u00e3o ou majora\u00e7\u00e3o de tributo. No entanto, o legislador complementar pode determinar prazo de 90 dias para a cobran\u00e7a do Difal\/ICMS de forma a garantir maior previsibilidade para os contribuintes \u2013 <strong>ADI 7.066\/DF<\/strong>, <strong>ADI 7.070\/DF<\/strong> e <strong>ADI 7.078\/DF<\/strong>, julgamento finalizado em 29\/11\/2023.<\/p>\n\n\n\n<p>_____________________<\/p>\n\n\n\n<p><strong>Rodrigo Costa Rodrigues Leite&nbsp;<\/strong><\/p>\n\n\n\n<p>Coautor do livro \u201cAn\u00e1lise das Diverg\u00eancias Jurisprudenciais no STF e STJ\u201d, Editora Juspodivm. Autor do livro \u201cTombamento \u2013 Vol. 36 \u2013 Cole\u00e7\u00e3o Leis Especiais para Concursos\u201d, Editora Juspodivm. Autor do livro \u201cDesapropria\u00e7\u00e3o \u2013 Vol. 39 \u2013 Cole\u00e7\u00e3o Especiais para Concursos\u201d, Editora Juspodivm. Coautor do livro \u201cSaberes Jurisprudenciais\u201d, Editora Saraiva.&nbsp; Coorganizador do livro \u201cCPC na Jurisprud\u00eancia\u201d, Editora Foco. Especialista em Direito P\u00fablico e Direito Processual Civil. Mestre em Direito Constitucional. Aluno laureado das Turmas 2005.2 da Universidade Potiguar. Professor da P\u00f3s-gradua\u00e7\u00e3o em Direito Civil da Rede Anhaguera-Kroton. M\u00e1ster Universit\u00e1rio em Direito Constitucional pela Universidad Del Pa\u00eds Vasco, San Sebasti\u00e1n, Espanha. Advogado licenciado. Membro do Conselho Editorial da Revista do Poder Judici\u00e1rio do Estado do Rio Grande do Norte \u2013 REPOJURN. Analista Judici\u00e1rio do TJRN. Assessor de Desembargador do TJRN.<\/p>\n","protected":false},"excerpt":{"rendered":"<p>Rodrigo Leite | @rodrigocrleite Canal P\u00edlulas Jur\u00eddicas | STF e STJ Link de acesso ao Canal: https:\/\/whatsapp.com\/channel\/0029VaD2dLy4yltRhxnIPR0c PLEN\u00c1RIO &#8211; \u00c9 inconstitucional a veda\u00e7\u00e3o \u00e0 posse em cargo p\u00fablico de candidato(a) aprovado(a) que, embora tenha sido acometido(a) por doen\u00e7a grave, n\u00e3o apresenta sintoma incapacitante nem possui restri\u00e7\u00e3o relevante que impe\u00e7a o exerc\u00edcio da fun\u00e7\u00e3o pretendida (CF,<br \/><a class=\"more-link\" href=\"https:\/\/justicapotiguar.com.br\/index.php\/2023\/12\/26\/informativo-1-119-do-stf-de-11-de-dezembro-de-2023\/\">Mais&#8230;<\/a><\/p>\n","protected":false},"author":5,"featured_media":0,"comment_status":"open","ping_status":"open","sticky":false,"template":"","format":"standard","meta":[],"categories":[1],"tags":[],"_links":{"self":[{"href":"https:\/\/justicapotiguar.com.br\/index.php\/wp-json\/wp\/v2\/posts\/35133"}],"collection":[{"href":"https:\/\/justicapotiguar.com.br\/index.php\/wp-json\/wp\/v2\/posts"}],"about":[{"href":"https:\/\/justicapotiguar.com.br\/index.php\/wp-json\/wp\/v2\/types\/post"}],"author":[{"embeddable":true,"href":"https:\/\/justicapotiguar.com.br\/index.php\/wp-json\/wp\/v2\/users\/5"}],"replies":[{"embeddable":true,"href":"https:\/\/justicapotiguar.com.br\/index.php\/wp-json\/wp\/v2\/comments?post=35133"}],"version-history":[{"count":1,"href":"https:\/\/justicapotiguar.com.br\/index.php\/wp-json\/wp\/v2\/posts\/35133\/revisions"}],"predecessor-version":[{"id":35134,"href":"https:\/\/justicapotiguar.com.br\/index.php\/wp-json\/wp\/v2\/posts\/35133\/revisions\/35134"}],"wp:attachment":[{"href":"https:\/\/justicapotiguar.com.br\/index.php\/wp-json\/wp\/v2\/media?parent=35133"}],"wp:term":[{"taxonomy":"category","embeddable":true,"href":"https:\/\/justicapotiguar.com.br\/index.php\/wp-json\/wp\/v2\/categories?post=35133"},{"taxonomy":"post_tag","embeddable":true,"href":"https:\/\/justicapotiguar.com.br\/index.php\/wp-json\/wp\/v2\/tags?post=35133"}],"curies":[{"name":"wp","href":"https:\/\/api.w.org\/{rel}","templated":true}]}}