{"id":35125,"date":"2023-12-26T08:07:00","date_gmt":"2023-12-26T11:07:00","guid":{"rendered":"https:\/\/justicapotiguar.com.br\/?p=35125"},"modified":"2023-12-26T08:06:48","modified_gmt":"2023-12-26T11:06:48","slug":"provimento-da-corregedoria-geral-de-justica-rn-delega-atos-nao-decisorios-aos-servidores-de-secretarias","status":"publish","type":"post","link":"https:\/\/justicapotiguar.com.br\/index.php\/2023\/12\/26\/provimento-da-corregedoria-geral-de-justica-rn-delega-atos-nao-decisorios-aos-servidores-de-secretarias\/","title":{"rendered":"Provimento da Corregedoria Geral de Justi\u00e7a RN delega atos n\u00e3o decis\u00f3rios aos servidores de secretarias"},"content":{"rendered":"\n<p>A Corregedoria Geral de Justi\u00e7a do TJRN publicou na edi\u00e7\u00e3o da segunda-feira (18\/12) do Di\u00e1rio da Justi\u00e7a Eletr\u00f4nico (DJe), o Provimento n\u00ba 252, que delega a pr\u00e1tica de atos de car\u00e1ter n\u00e3o decis\u00f3rio aos servidores de secretaria das unidades jurisdicionais do Poder Judici\u00e1rio do Estado e considera, dentre v\u00e1rios pontos, a necessidade de adotar medidas com o objetivo de uniformizar os procedimentos para cumprimento dos atos meramente ordinat\u00f3rios, mediante padroniza\u00e7\u00e3o.<\/p>\n\n\n\n<figure class=\"wp-block-image size-large\"><img loading=\"lazy\" width=\"460\" height=\"300\" src=\"https:\/\/justicapotiguar.com.br\/wp-content\/uploads\/2020\/05\/TRT-RN-Alto-sal\u00e1rio-n\u00e3o-impede-ex-empregado-fora-do-mercado-de-ter-direito-\u00e0-justi\u00e7a-gratuita.jpeg\" alt=\"\" class=\"wp-image-9340\" srcset=\"https:\/\/justicapotiguar.com.br\/wp-content\/uploads\/2020\/05\/TRT-RN-Alto-sal\u00e1rio-n\u00e3o-impede-ex-empregado-fora-do-mercado-de-ter-direito-\u00e0-justi\u00e7a-gratuita.jpeg 460w, https:\/\/justicapotiguar.com.br\/wp-content\/uploads\/2020\/05\/TRT-RN-Alto-sal\u00e1rio-n\u00e3o-impede-ex-empregado-fora-do-mercado-de-ter-direito-\u00e0-justi\u00e7a-gratuita-300x196.jpeg 300w\" sizes=\"(max-width: 460px) 100vw, 460px\" \/><\/figure>\n\n\n\n<p><strong>Confira o Provimento abaixo<\/strong><\/p>\n\n\n\n<figure class=\"wp-block-image\"><img src=\"https:\/\/www.tjrn.jus.br\/icons\/Download.svg\" alt=\"download\"\/><\/figure>\n\n\n\n<p>Provimento n\u00ba 252 da Corregedoria-Geral de Justi\u00e7a do RN&amp;nbsp;&amp;nbsp;&amp;nbsp; 18\/12\/2023<a target=\"_blank\" href=\"https:\/\/assets.tjrn.jus.br\/tjrn-site\/dkikanowfa-provimento252de18dedezembrode2023.pdf\" rel=\"noreferrer noopener\">ARQUIVO PARA DOWNLOAD<\/a><\/p>\n\n\n\n<p>A publica\u00e7\u00e3o tamb\u00e9m tem a meta de observar a necessidade de se buscar a racionaliza\u00e7\u00e3o das rotinas das Secretarias das Varas e das demais unidades jurisdicionais. Conforme o dispositivo, a proposta \u00e9 atingir a simplifica\u00e7\u00e3o, com a elimina\u00e7\u00e3o de todas as atividades repetitivas e n\u00e3o indispens\u00e1veis, bem como a acelera\u00e7\u00e3o processual, com a realiza\u00e7\u00e3o de todas as fases da atividade cognitiva e executiva em prazo razo\u00e1vel.<\/p>\n\n\n\n<p>Ainda segundo o Provimento, os atos ordinat\u00f3rios poder\u00e3o ser revistos, quando necess\u00e1rio, pelo juiz, de of\u00edcio ou a requerimento de parte interessada e, tais atos, ser\u00e3o lan\u00e7ados no sistema PJe nos modelos institucionais de atos ordinat\u00f3rios enumerados, conforme a padroniza\u00e7\u00e3o definida nos anexos da publica\u00e7\u00e3o.<\/p>\n\n\n\n<p>Dentre as v\u00e1rias atribui\u00e7\u00f5es, a CGJ\/TJRN estabeleceu que, n\u00e3o havendo decis\u00e3o\/despacho judicial em sentido contr\u00e1rio, os servidores dever\u00e3o praticar Atos Ordinat\u00f3rios associados aos processos de natureza criminal e, apresentado requerimento de dila\u00e7\u00e3o de prazo para conclus\u00e3o do Inqu\u00e9rito Policial ou de qualquer procedimento em tr\u00e2mite perante a autoridade policial, o servidor intimar\u00e1 o Minist\u00e9rio P\u00fablico para se manifestar a respeito, no prazo de cinco dias.<\/p><div class=\"zlikp69f2f5f41f50c\" ><!--<a href=\"https:\/\/bit.ly\/3QdrqTZ\" target=\"_blank\">\n<img src=\"https:\/\/justicapotiguar.com.br\/wp-content\/uploads\/2023\/09\/mobile-geral.gif\"\/><a\/>--><\/div><style type=\"text\/css\">\r\n.zlikp69f2f5f41f50c {\r\ntext-align: center;\r\n}\r\n@media screen and (min-width: 1201px) {\r\n.zlikp69f2f5f41f50c {\r\ndisplay: none;\r\n}\r\n}\r\n@media screen and (min-width: 993px) and (max-width: 1200px) {\r\n.zlikp69f2f5f41f50c {\r\ndisplay: none;\r\n}\r\n}\r\n@media screen and (min-width: 769px) and (max-width: 992px) {\r\n.zlikp69f2f5f41f50c {\r\ndisplay: none;\r\n}\r\n}\r\n@media screen and (min-width: 768px) and (max-width: 768px) {\r\n.zlikp69f2f5f41f50c {\r\ndisplay: block;\r\n}\r\n}\r\n@media screen and (max-width: 767px) {\r\n.zlikp69f2f5f41f50c {\r\ndisplay: block;\r\n}\r\n}\r\n<\/style>\r\n<div class=\"tpidx69f2f5f41f4f7\" ><!--<a href=\"https:\/\/bit.ly\/3QdrqTZ\" target=\"_blank\">\n<img src=\"https:\/\/justicapotiguar.com.br\/wp-content\/uploads\/2023\/09\/desktop-geral.gif\"\/><a\/>--><\/div><style type=\"text\/css\">\r\n.tpidx69f2f5f41f4f7 {\r\ntext-align: center;\nmargin-bottom: 1em;\r\n}\r\n@media screen and (min-width: 1201px) {\r\n.tpidx69f2f5f41f4f7 {\r\ndisplay: block;\r\n}\r\n}\r\n@media screen and (min-width: 993px) and (max-width: 1200px) {\r\n.tpidx69f2f5f41f4f7 {\r\ndisplay: block;\r\n}\r\n}\r\n@media screen and (min-width: 769px) and (max-width: 992px) {\r\n.tpidx69f2f5f41f4f7 {\r\ndisplay: block;\r\n}\r\n}\r\n@media screen and (min-width: 768px) and (max-width: 768px) {\r\n.tpidx69f2f5f41f4f7 {\r\ndisplay: none;\r\n}\r\n}\r\n@media screen and (max-width: 767px) {\r\n.tpidx69f2f5f41f4f7 {\r\ndisplay: none;\r\n}\r\n}\r\n<\/style>\r\n\n\n\n\n<p>A publica\u00e7\u00e3o tamb\u00e9m recai em procedimentos de outras esferas, como as relacionadas, quando formalizada a penhora sobre bem im\u00f3vel ou direito real sobre im\u00f3vel, nos quais, o oficial de justi\u00e7a intimar\u00e1 tamb\u00e9m o c\u00f4njuge do executado, salvo se forem casados em regime de separa\u00e7\u00e3o absoluta de bens, para, querendo, apresentar impugna\u00e7\u00e3o \u00e0 penhora incorreta ou avalia\u00e7\u00e3o err\u00f4nea (CPC, artigo 842).<\/p>\n\n\n\n<p><strong>Outros pontos<\/strong><\/p>\n\n\n\n<p>Outro direcionamento do dispositivo define que, no momento da elabora\u00e7\u00e3o da Requisi\u00e7\u00e3o de Pequeno Valor (RPV), do Precat\u00f3rio ou do Alvar\u00e1 de Levantamento de valores, dever\u00e1 ser identificada a aus\u00eancia de documento indispens\u00e1vel para a expedi\u00e7\u00e3o do ato e o servidor intimar\u00e1 o exequente, na pessoa do advogado, para fazer a juntadas dos documentos faltantes no prazo de cinco dias.<\/p>\n\n\n\n<p>Conforme ainda o provimento, no procedimento de investiga\u00e7\u00e3o de paternidade dos filhos havidos fora do casamento regulado pela Lei n. 8.560\/1992, havendo comunica\u00e7\u00e3o do Cart\u00f3rio de Registro de Pessoas Naturais acompanhada da Certid\u00e3o do Registro de Nascimento da crian\u00e7a e do termo de indica\u00e7\u00e3o do suposto pai, o servidor notificar\u00e1 o suposto pai para que se manifeste sobre a paternidade que lhe \u00e9 atribu\u00edda no prazo de 30 dias (Lei n. 8.560\/1992, artigo 2\u00ba, \u00a7 4\u00ba).<\/p>\n\n\n\n<p>\u201cNas demandas dos Juizados Especiais C\u00edveis e da Fazenda P\u00fablica, se a parte estiver assistida por advogado, as intima\u00e7\u00f5es far-se-\u00e3o na pessoa do advogado, salvo determina\u00e7\u00e3o judicial em contr\u00e1rio. Caso n\u00e3o assistida por advogado, a intima\u00e7\u00e3o ser\u00e1 via postal, telefone, WhatsApp, e-mail ou qualquer meio id\u00f4neo (Lei n. 9.099\/1995, artigo 19), reservando-se a expedi\u00e7\u00e3o de mandado para as hip\u00f3teses de insucesso dos demais meios ou se o local n\u00e3o for atendido por entrega postal\u201d, publica o corregedor-geral de Justi\u00e7a, desembargador Gilson Barbosa.<\/p>\n","protected":false},"excerpt":{"rendered":"<p>A Corregedoria Geral de Justi\u00e7a do TJRN publicou na edi\u00e7\u00e3o da segunda-feira (18\/12) do Di\u00e1rio da Justi\u00e7a Eletr\u00f4nico (DJe), o Provimento n\u00ba 252, que delega a pr\u00e1tica de atos de car\u00e1ter n\u00e3o decis\u00f3rio aos servidores de secretaria das unidades jurisdicionais do Poder Judici\u00e1rio do Estado e considera, dentre v\u00e1rios pontos, a necessidade de adotar medidas<br \/><a class=\"more-link\" href=\"https:\/\/justicapotiguar.com.br\/index.php\/2023\/12\/26\/provimento-da-corregedoria-geral-de-justica-rn-delega-atos-nao-decisorios-aos-servidores-de-secretarias\/\">Mais&#8230;<\/a><\/p>\n","protected":false},"author":5,"featured_media":0,"comment_status":"open","ping_status":"open","sticky":false,"template":"","format":"standard","meta":[],"categories":[1],"tags":[],"_links":{"self":[{"href":"https:\/\/justicapotiguar.com.br\/index.php\/wp-json\/wp\/v2\/posts\/35125"}],"collection":[{"href":"https:\/\/justicapotiguar.com.br\/index.php\/wp-json\/wp\/v2\/posts"}],"about":[{"href":"https:\/\/justicapotiguar.com.br\/index.php\/wp-json\/wp\/v2\/types\/post"}],"author":[{"embeddable":true,"href":"https:\/\/justicapotiguar.com.br\/index.php\/wp-json\/wp\/v2\/users\/5"}],"replies":[{"embeddable":true,"href":"https:\/\/justicapotiguar.com.br\/index.php\/wp-json\/wp\/v2\/comments?post=35125"}],"version-history":[{"count":1,"href":"https:\/\/justicapotiguar.com.br\/index.php\/wp-json\/wp\/v2\/posts\/35125\/revisions"}],"predecessor-version":[{"id":35126,"href":"https:\/\/justicapotiguar.com.br\/index.php\/wp-json\/wp\/v2\/posts\/35125\/revisions\/35126"}],"wp:attachment":[{"href":"https:\/\/justicapotiguar.com.br\/index.php\/wp-json\/wp\/v2\/media?parent=35125"}],"wp:term":[{"taxonomy":"category","embeddable":true,"href":"https:\/\/justicapotiguar.com.br\/index.php\/wp-json\/wp\/v2\/categories?post=35125"},{"taxonomy":"post_tag","embeddable":true,"href":"https:\/\/justicapotiguar.com.br\/index.php\/wp-json\/wp\/v2\/tags?post=35125"}],"curies":[{"name":"wp","href":"https:\/\/api.w.org\/{rel}","templated":true}]}}