{"id":35123,"date":"2023-12-25T09:26:28","date_gmt":"2023-12-25T12:26:28","guid":{"rendered":"https:\/\/justicapotiguar.com.br\/?p=35123"},"modified":"2023-12-25T09:26:28","modified_gmt":"2023-12-25T12:26:28","slug":"mae-sera-indenizada-por-municipio-apos-crianca-sair-de-escola-sozinho","status":"publish","type":"post","link":"https:\/\/justicapotiguar.com.br\/index.php\/2023\/12\/25\/mae-sera-indenizada-por-municipio-apos-crianca-sair-de-escola-sozinho\/","title":{"rendered":"M\u00e3e ser\u00e1 indenizada por munic\u00edpio ap\u00f3s crian\u00e7a sair de escola sozinho"},"content":{"rendered":"\n<p>A 13\u00aa c\u00e2mara de Direito P\u00fablico do TJ\/SP manteve decis\u00e3o que condenou munic\u00edpio a indenizar, por danos morais, m\u00e3e de crian\u00e7a que deixou escola desacompanhada por neglig\u00eancia da institui\u00e7\u00e3o. O valor da repara\u00e7\u00e3o foi fixado em R$ 15 mil.<\/p>\n\n\n\n<p>De acordo com o processo, ap\u00f3s ser deixava na escola pela av\u00f3, a crian\u00e7a foi informada por funcion\u00e1rios de que n\u00e3o haveria aula naquele dia e que deveria voltar para casa. Sem meios de se comunicar com a m\u00e3e, o menino saiu da escola desacompanhado e conseguiu encontrar a resid\u00eancia depois de uma hora perdido entre ruas e avenidas da cidade. Ao questionar a dire\u00e7\u00e3o da institui\u00e7\u00e3o, a autora foi insultada e responsabilizada pelo ocorrido.<\/p>\n\n\n\n<figure class=\"wp-block-image size-large\"><img loading=\"lazy\" width=\"768\" height=\"512\" src=\"https:\/\/justicapotiguar.com.br\/wp-content\/uploads\/2020\/05\/escola-ensino-fundamental-768x512.jpg\" alt=\"\" class=\"wp-image-9906\" srcset=\"https:\/\/justicapotiguar.com.br\/wp-content\/uploads\/2020\/05\/escola-ensino-fundamental-768x512.jpg 768w, https:\/\/justicapotiguar.com.br\/wp-content\/uploads\/2020\/05\/escola-ensino-fundamental-768x512-300x200.jpg 300w\" sizes=\"(max-width: 768px) 100vw, 768px\" \/><figcaption>Ilustrativa<\/figcaption><\/figure>\n\n\n\n<p><br>Para a relatora do recurso, desembargadora Isabel Cogan, n\u00e3o h\u00e1 d\u00favidas quanto ao dano moral experimentado pela m\u00e3e da crian\u00e7a.<\/p><div class=\"tgjoq69f307ea03260\" ><!--<a href=\"https:\/\/bit.ly\/3QdrqTZ\" target=\"_blank\">\n<img src=\"https:\/\/justicapotiguar.com.br\/wp-content\/uploads\/2023\/09\/mobile-geral.gif\"\/><a\/>--><\/div><style type=\"text\/css\">\r\n.tgjoq69f307ea03260 {\r\ntext-align: center;\r\n}\r\n@media screen and (min-width: 1201px) {\r\n.tgjoq69f307ea03260 {\r\ndisplay: none;\r\n}\r\n}\r\n@media screen and (min-width: 993px) and (max-width: 1200px) {\r\n.tgjoq69f307ea03260 {\r\ndisplay: none;\r\n}\r\n}\r\n@media screen and (min-width: 769px) and (max-width: 992px) {\r\n.tgjoq69f307ea03260 {\r\ndisplay: none;\r\n}\r\n}\r\n@media screen and (min-width: 768px) and (max-width: 768px) {\r\n.tgjoq69f307ea03260 {\r\ndisplay: block;\r\n}\r\n}\r\n@media screen and (max-width: 767px) {\r\n.tgjoq69f307ea03260 {\r\ndisplay: block;\r\n}\r\n}\r\n<\/style>\r\n<div class=\"vonfu69f307ea03243\" ><!--<a href=\"https:\/\/bit.ly\/3QdrqTZ\" target=\"_blank\">\n<img src=\"https:\/\/justicapotiguar.com.br\/wp-content\/uploads\/2023\/09\/desktop-geral.gif\"\/><a\/>--><\/div><style type=\"text\/css\">\r\n.vonfu69f307ea03243 {\r\ntext-align: center;\nmargin-bottom: 1em;\r\n}\r\n@media screen and (min-width: 1201px) {\r\n.vonfu69f307ea03243 {\r\ndisplay: block;\r\n}\r\n}\r\n@media screen and (min-width: 993px) and (max-width: 1200px) {\r\n.vonfu69f307ea03243 {\r\ndisplay: block;\r\n}\r\n}\r\n@media screen and (min-width: 769px) and (max-width: 992px) {\r\n.vonfu69f307ea03243 {\r\ndisplay: block;\r\n}\r\n}\r\n@media screen and (min-width: 768px) and (max-width: 768px) {\r\n.vonfu69f307ea03243 {\r\ndisplay: none;\r\n}\r\n}\r\n@media screen and (max-width: 767px) {\r\n.vonfu69f307ea03243 {\r\ndisplay: none;\r\n}\r\n}\r\n<\/style>\r\n\n\n\n\n<p>&#8220;Restou inequ\u00edvoca a apontada falha na presta\u00e7\u00e3o dos servi\u00e7os da escola municipal, que ostenta responsabilidade por cuidar e vigiar seus alunos, n\u00e3o se podendo admitir a sa\u00edda de um aluno de apenas cinco anos de idade para a rua, como ocorreu, j\u00e1 que a vida e a integridade do menor foram colocadas em risco. Al\u00e9m disso, a m\u00e3e da crian\u00e7a n\u00e3o apenas sofreu temor pela seguran\u00e7a do filho, como tamb\u00e9m recebeu insultos de um dos funcion\u00e1rios da escola. N\u00e3o h\u00e1 d\u00favidas, portanto, quanto \u00e0 configura\u00e7\u00e3o do evento, do nexo causal e do dano moral experimentado pelos autores, bem fixada a condena\u00e7\u00e3o do r\u00e9u, ora apelante.&#8221;<\/p>\n\n\n\n<p>Processo:&nbsp;1000719-69.2023.8.26.0127<br>Leia a decis\u00e3o.<\/p>\n\n\n\n<p>Migalhas <\/p>\n","protected":false},"excerpt":{"rendered":"<p>A 13\u00aa c\u00e2mara de Direito P\u00fablico do TJ\/SP manteve decis\u00e3o que condenou munic\u00edpio a indenizar, por danos morais, m\u00e3e de crian\u00e7a que deixou escola desacompanhada por neglig\u00eancia da institui\u00e7\u00e3o. O valor da repara\u00e7\u00e3o foi fixado em R$ 15 mil. De acordo com o processo, ap\u00f3s ser deixava na escola pela av\u00f3, a crian\u00e7a foi informada<br \/><a class=\"more-link\" href=\"https:\/\/justicapotiguar.com.br\/index.php\/2023\/12\/25\/mae-sera-indenizada-por-municipio-apos-crianca-sair-de-escola-sozinho\/\">Mais&#8230;<\/a><\/p>\n","protected":false},"author":5,"featured_media":0,"comment_status":"open","ping_status":"open","sticky":false,"template":"","format":"standard","meta":[],"categories":[1],"tags":[],"_links":{"self":[{"href":"https:\/\/justicapotiguar.com.br\/index.php\/wp-json\/wp\/v2\/posts\/35123"}],"collection":[{"href":"https:\/\/justicapotiguar.com.br\/index.php\/wp-json\/wp\/v2\/posts"}],"about":[{"href":"https:\/\/justicapotiguar.com.br\/index.php\/wp-json\/wp\/v2\/types\/post"}],"author":[{"embeddable":true,"href":"https:\/\/justicapotiguar.com.br\/index.php\/wp-json\/wp\/v2\/users\/5"}],"replies":[{"embeddable":true,"href":"https:\/\/justicapotiguar.com.br\/index.php\/wp-json\/wp\/v2\/comments?post=35123"}],"version-history":[{"count":1,"href":"https:\/\/justicapotiguar.com.br\/index.php\/wp-json\/wp\/v2\/posts\/35123\/revisions"}],"predecessor-version":[{"id":35124,"href":"https:\/\/justicapotiguar.com.br\/index.php\/wp-json\/wp\/v2\/posts\/35123\/revisions\/35124"}],"wp:attachment":[{"href":"https:\/\/justicapotiguar.com.br\/index.php\/wp-json\/wp\/v2\/media?parent=35123"}],"wp:term":[{"taxonomy":"category","embeddable":true,"href":"https:\/\/justicapotiguar.com.br\/index.php\/wp-json\/wp\/v2\/categories?post=35123"},{"taxonomy":"post_tag","embeddable":true,"href":"https:\/\/justicapotiguar.com.br\/index.php\/wp-json\/wp\/v2\/tags?post=35123"}],"curies":[{"name":"wp","href":"https:\/\/api.w.org\/{rel}","templated":true}]}}