{"id":35118,"date":"2023-12-23T15:48:16","date_gmt":"2023-12-23T18:48:16","guid":{"rendered":"https:\/\/justicapotiguar.com.br\/?p=35118"},"modified":"2023-12-23T15:48:16","modified_gmt":"2023-12-23T18:48:16","slug":"principais-decisoes-do-stj-e-do-stf-divulgadas-na-semana-periodo-de-11-a-15-de-dezembro","status":"publish","type":"post","link":"https:\/\/justicapotiguar.com.br\/index.php\/2023\/12\/23\/principais-decisoes-do-stj-e-do-stf-divulgadas-na-semana-periodo-de-11-a-15-de-dezembro\/","title":{"rendered":"Principais decis\u00f5es do STJ e do STF divulgadas na semana &#8211; per\u00edodo de 11 a 15 de dezembro"},"content":{"rendered":"\n<p><strong>Canal P\u00edlulas Jur\u00eddicas | STF e STJ<\/strong><\/p>\n\n\n\n<p><strong>Rodrigo Leite | @rodrigocrleite<\/strong><\/p>\n\n\n\n<p><strong>Link de acesso ao Canal: <\/strong><a href=\"https:\/\/whatsapp.com\/channel\/0029VaD2dLy4yltRhxnIPR0c\">https:\/\/whatsapp.com\/channel\/0029VaD2dLy4yltRhxnIPR0c<\/a><\/p>\n\n\n\n<p><strong>STJ<\/strong><\/p>\n\n\n\n<p>&#8211; A pretens\u00e3o de expedi\u00e7\u00e3o de novo precat\u00f3rio ou requisi\u00e7\u00e3o de pequeno valor, fundada nos arts. 2\u00ba e 3\u00ba da Lei 13.463\/2017, sujeita-se \u00e0 prescri\u00e7\u00e3o quinquenal prevista no art. 1\u00ba do Decreto 20.910\/32 e tem, como termo inicial, a notifica\u00e7\u00e3o do credor, na forma do \u00a7 4\u00ba do art. 2\u00ba da referida Lei 13.463\/2017 \u2013 <strong>REsp 1.944.899 \/PE<\/strong>, 1\u00aa Se\u00e7\u00e3o.<\/p>\n\n\n\n<p>&#8211; <strong>S\u00famula 665:<\/strong> o controle jurisdicional do processo administrativo disciplinar restringe-se ao exame da regularidade do procedimento e da legalidade do ato, \u00e0 luz dos princ\u00edpios do contradit\u00f3rio, da ampla defesa e do devido processo legal, n\u00e3o sendo poss\u00edvel incurs\u00e3o no m\u00e9rito administrativo, ressalvadas as hip\u00f3teses de flagrante ilegalidade, teratologia ou manifesta desproporcionalidade da san\u00e7\u00e3o aplicada.<\/p>\n\n\n\n<p>&#8211; \u00c9 admiss\u00edvel a desconsidera\u00e7\u00e3o da personalidade jur\u00eddica de associa\u00e7\u00e3o civil, mas a responsabilidade patrimonial deve se limitar aos associados em posi\u00e7\u00f5es de poder na condu\u00e7\u00e3o da entidade &#8211; <strong>REsp 1.812.929\/DF<\/strong>, 3\u00aa Turma.&nbsp;<\/p>\n\n\n\n<p>&#8211;&nbsp; \u00c9 vedado ao plano de sa\u00fade reduzir o atendimento hospitalar em domic\u00edlio, conhecido como <em>home care<\/em>, sem indica\u00e7\u00e3o m\u00e9dica. A repentina e significativa redu\u00e7\u00e3o da assist\u00eancia \u00e0 sa\u00fade durante tratamento de doen\u00e7a grave e contrariando a indica\u00e7\u00e3o m\u00e9dica viola os princ\u00edpios da boa-f\u00e9 objetiva, da fun\u00e7\u00e3o social do contrato e da dignidade da pessoa humana &#8211; <strong>REsp 2.096.898\/PE<\/strong>, 3\u00aa Turma.<\/p><div class=\"mdrmt69f31d12a1637\" ><!--<a href=\"https:\/\/bit.ly\/3QdrqTZ\" target=\"_blank\">\n<img src=\"https:\/\/justicapotiguar.com.br\/wp-content\/uploads\/2023\/09\/mobile-geral.gif\"\/><a\/>--><\/div><style type=\"text\/css\">\r\n.mdrmt69f31d12a1637 {\r\ntext-align: center;\r\n}\r\n@media screen and (min-width: 1201px) {\r\n.mdrmt69f31d12a1637 {\r\ndisplay: none;\r\n}\r\n}\r\n@media screen and (min-width: 993px) and (max-width: 1200px) {\r\n.mdrmt69f31d12a1637 {\r\ndisplay: none;\r\n}\r\n}\r\n@media screen and (min-width: 769px) and (max-width: 992px) {\r\n.mdrmt69f31d12a1637 {\r\ndisplay: none;\r\n}\r\n}\r\n@media screen and (min-width: 768px) and (max-width: 768px) {\r\n.mdrmt69f31d12a1637 {\r\ndisplay: block;\r\n}\r\n}\r\n@media screen and (max-width: 767px) {\r\n.mdrmt69f31d12a1637 {\r\ndisplay: block;\r\n}\r\n}\r\n<\/style>\r\n<div class=\"qzqwt69f31d12a1620\" ><!--<a href=\"https:\/\/bit.ly\/3QdrqTZ\" target=\"_blank\">\n<img src=\"https:\/\/justicapotiguar.com.br\/wp-content\/uploads\/2023\/09\/desktop-geral.gif\"\/><a\/>--><\/div><style type=\"text\/css\">\r\n.qzqwt69f31d12a1620 {\r\ntext-align: center;\nmargin-bottom: 1em;\r\n}\r\n@media screen and (min-width: 1201px) {\r\n.qzqwt69f31d12a1620 {\r\ndisplay: block;\r\n}\r\n}\r\n@media screen and (min-width: 993px) and (max-width: 1200px) {\r\n.qzqwt69f31d12a1620 {\r\ndisplay: block;\r\n}\r\n}\r\n@media screen and (min-width: 769px) and (max-width: 992px) {\r\n.qzqwt69f31d12a1620 {\r\ndisplay: block;\r\n}\r\n}\r\n@media screen and (min-width: 768px) and (max-width: 768px) {\r\n.qzqwt69f31d12a1620 {\r\ndisplay: none;\r\n}\r\n}\r\n@media screen and (max-width: 767px) {\r\n.qzqwt69f31d12a1620 {\r\ndisplay: none;\r\n}\r\n}\r\n<\/style>\r\n\n\n\n\n<p>&#8211; A falta de registro do contrato de compra e venda de im\u00f3vel com aliena\u00e7\u00e3o fiduci\u00e1ria em garantia n\u00e3o d\u00e1 ao devedor fiduciante o direito de promover a sua rescis\u00e3o por meio diverso do pactuado, nem impede o credor fiduci\u00e1rio de, fazendo o registro, promover a aliena\u00e7\u00e3o do bem em leil\u00e3o, para s\u00f3 ent\u00e3o entregar eventual saldo remanescente ao devedor, descontadas a d\u00edvida e as despesas comprovadas \u2013 <strong>EREsp 1.866.844 \/SP<\/strong>, 2\u00aa Se\u00e7\u00e3o.<\/p>\n\n\n\n<p>&#8211; \u00c9 leg\u00edtima a intima\u00e7\u00e3o de of\u00edcio da Defensoria P\u00fablica para assistir crian\u00e7as e adolescentes v\u00edtimas de viol\u00eancia nos procedimentos de escuta especializada em varas da inf\u00e2ncia e da juventude. A presen\u00e7a da Defensoria P\u00fablica nos espa\u00e7os judiciais e extrajudiciais n\u00e3o se restringe \u00e0 atividade de representa\u00e7\u00e3o &#8211; <strong>RMS 70.679\/MG<\/strong>, 6\u00aa Turma.<\/p>\n\n\n\n<figure class=\"wp-block-image size-large\"><img loading=\"lazy\" width=\"1024\" height=\"678\" src=\"https:\/\/justicapotiguar.com.br\/wp-content\/uploads\/2020\/03\/iStock-638601140_justica-1024x678-7-1024x678.jpg\" alt=\"\" class=\"wp-image-7626\" srcset=\"https:\/\/justicapotiguar.com.br\/wp-content\/uploads\/2020\/03\/iStock-638601140_justica-1024x678-7.jpg 1024w, https:\/\/justicapotiguar.com.br\/wp-content\/uploads\/2020\/03\/iStock-638601140_justica-1024x678-7-300x199.jpg 300w, https:\/\/justicapotiguar.com.br\/wp-content\/uploads\/2020\/03\/iStock-638601140_justica-1024x678-7-768x509.jpg 768w\" sizes=\"(max-width: 1024px) 100vw, 1024px\" \/><figcaption>Ilustrativa<\/figcaption><\/figure>\n\n\n\n<p><strong>STF<\/strong><\/p>\n\n\n\n<p>&#8211; \u00c9 aplic\u00e1vel \u00e0s condena\u00e7\u00f5es da Fazenda P\u00fablica envolvendo rela\u00e7\u00f5es jur\u00eddicas n\u00e3o tribut\u00e1rias o \u00edndice de juros morat\u00f3rios estabelecido no art. 1\u00ba-F da Lei n. 9.494\/1997, na reda\u00e7\u00e3o dada pela Lei n. 11.960\/2009, a partir da vig\u00eancia da referida legisla\u00e7\u00e3o, mesmo havendo previs\u00e3o diversa em t\u00edtulo executivo judicial transitado em julgado &#8211; <strong>RE&nbsp;1.317.982\/ES<\/strong>, Tema 1.170.<\/p>\n\n\n\n<p>&#8211; 1. Existe omiss\u00e3o inconstitucional relativamente \u00e0 edi\u00e7\u00e3o da lei regulamentadora da licen\u00e7a paternidade, prevista no art. 7\u00ba, XIX, da Constitui\u00e7\u00e3o. 2. Fica estabelecido o prazo de 18 meses para o Congresso Nacional sanar a omiss\u00e3o apontada, contados da publica\u00e7\u00e3o da ata de julgamento \u2013 <strong>ADO 20\/DF<\/strong>, Plen\u00e1rio.<\/p>\n\n\n\n<p>___________________________<\/p>\n\n\n\n<p><strong>Rodrigo Costa Rodrigues Leite&nbsp;<\/strong><\/p>\n\n\n\n<p>Coautor do livro \u201cAn\u00e1lise das Diverg\u00eancias Jurisprudenciais no STF e STJ\u201d, Editora Juspodivm. Autor do livro \u201cTombamento \u2013 Vol. 36 \u2013 Cole\u00e7\u00e3o Leis Especiais para Concursos\u201d, Editora Juspodivm. Autor do livro \u201cDesapropria\u00e7\u00e3o \u2013 Vol. 39 \u2013 Cole\u00e7\u00e3o Especiais para Concursos\u201d, Editora Juspodivm. Coautor do livro \u201cSaberes Jurisprudenciais\u201d, Editora Saraiva.&nbsp; Coorganizador do livro \u201cCPC na Jurisprud\u00eancia\u201d, Editora Foco. Especialista em Direito P\u00fablico e Direito Processual Civil. Mestre em Direito Constitucional. Aluno laureado das Turmas 2005.2 da Universidade Potiguar. Professor da P\u00f3s-gradua\u00e7\u00e3o em Direito Civil da Rede Anhaguera-Kroton. M\u00e1ster Universit\u00e1rio em Direito Constitucional pela Universidad Del Pa\u00eds Vasco, San Sebasti\u00e1n, Espanha. Advogado licenciado. Membro do Conselho Editorial da Revista do Poder Judici\u00e1rio do Estado do Rio Grande do Norte \u2013 REPOJURN. Analista Judici\u00e1rio do TJRN. Assessor de Desembargador do TJRN.<\/p>\n","protected":false},"excerpt":{"rendered":"<p>Canal P\u00edlulas Jur\u00eddicas | STF e STJ Rodrigo Leite | @rodrigocrleite Link de acesso ao Canal: https:\/\/whatsapp.com\/channel\/0029VaD2dLy4yltRhxnIPR0c STJ &#8211; A pretens\u00e3o de expedi\u00e7\u00e3o de novo precat\u00f3rio ou requisi\u00e7\u00e3o de pequeno valor, fundada nos arts. 2\u00ba e 3\u00ba da Lei 13.463\/2017, sujeita-se \u00e0 prescri\u00e7\u00e3o quinquenal prevista no art. 1\u00ba do Decreto 20.910\/32 e tem, como termo<br \/><a class=\"more-link\" href=\"https:\/\/justicapotiguar.com.br\/index.php\/2023\/12\/23\/principais-decisoes-do-stj-e-do-stf-divulgadas-na-semana-periodo-de-11-a-15-de-dezembro\/\">Mais&#8230;<\/a><\/p>\n","protected":false},"author":5,"featured_media":0,"comment_status":"open","ping_status":"open","sticky":false,"template":"","format":"standard","meta":[],"categories":[1],"tags":[],"_links":{"self":[{"href":"https:\/\/justicapotiguar.com.br\/index.php\/wp-json\/wp\/v2\/posts\/35118"}],"collection":[{"href":"https:\/\/justicapotiguar.com.br\/index.php\/wp-json\/wp\/v2\/posts"}],"about":[{"href":"https:\/\/justicapotiguar.com.br\/index.php\/wp-json\/wp\/v2\/types\/post"}],"author":[{"embeddable":true,"href":"https:\/\/justicapotiguar.com.br\/index.php\/wp-json\/wp\/v2\/users\/5"}],"replies":[{"embeddable":true,"href":"https:\/\/justicapotiguar.com.br\/index.php\/wp-json\/wp\/v2\/comments?post=35118"}],"version-history":[{"count":1,"href":"https:\/\/justicapotiguar.com.br\/index.php\/wp-json\/wp\/v2\/posts\/35118\/revisions"}],"predecessor-version":[{"id":35119,"href":"https:\/\/justicapotiguar.com.br\/index.php\/wp-json\/wp\/v2\/posts\/35118\/revisions\/35119"}],"wp:attachment":[{"href":"https:\/\/justicapotiguar.com.br\/index.php\/wp-json\/wp\/v2\/media?parent=35118"}],"wp:term":[{"taxonomy":"category","embeddable":true,"href":"https:\/\/justicapotiguar.com.br\/index.php\/wp-json\/wp\/v2\/categories?post=35118"},{"taxonomy":"post_tag","embeddable":true,"href":"https:\/\/justicapotiguar.com.br\/index.php\/wp-json\/wp\/v2\/tags?post=35118"}],"curies":[{"name":"wp","href":"https:\/\/api.w.org\/{rel}","templated":true}]}}