{"id":35115,"date":"2023-12-23T09:21:24","date_gmt":"2023-12-23T12:21:24","guid":{"rendered":"https:\/\/justicapotiguar.com.br\/?p=35115"},"modified":"2023-12-23T09:21:24","modified_gmt":"2023-12-23T12:21:24","slug":"festa-de-fim-de-ano-de-juizes-do-ceara-e-paga-por-empresas-com-acoes-no-tj","status":"publish","type":"post","link":"https:\/\/justicapotiguar.com.br\/index.php\/2023\/12\/23\/festa-de-fim-de-ano-de-juizes-do-ceara-e-paga-por-empresas-com-acoes-no-tj\/","title":{"rendered":"Festa de fim de ano de ju\u00edzes do Cear\u00e1 \u00e9 paga por empresas com a\u00e7\u00f5es no TJ"},"content":{"rendered":"\n<figure class=\"wp-block-image size-large\"><img loading=\"lazy\" width=\"800\" height=\"600\" src=\"https:\/\/justicapotiguar.com.br\/wp-content\/uploads\/2023\/12\/1_acm-24733350.png\" alt=\"\" class=\"wp-image-35116\" srcset=\"https:\/\/justicapotiguar.com.br\/wp-content\/uploads\/2023\/12\/1_acm-24733350.png 800w, https:\/\/justicapotiguar.com.br\/wp-content\/uploads\/2023\/12\/1_acm-24733350-300x225.png 300w, https:\/\/justicapotiguar.com.br\/wp-content\/uploads\/2023\/12\/1_acm-24733350-768x576.png 768w\" sizes=\"(max-width: 800px) 100vw, 800px\" \/><figcaption>Reprodu\u00e7\u00e3o<\/figcaption><\/figure>\n\n\n\n<p>A confraterniza\u00e7\u00e3o de fim de ano dos ju\u00edzes cearenses foi parcialmente custeada por empresas privadas que t\u00eam processos no&nbsp;<a href=\"https:\/\/www.opovo.com.br\/noticias\/politica\/2023\/07\/13\/tribunal-de-justica-do-ceara-tem-a-melhor-produtividade-do-primeiro-semestre-em-cinco-anos.html\" target=\"_blank\" rel=\"noreferrer noopener\">Tribunal de Justi\u00e7a do Cear\u00e1<\/a>&nbsp;(TJCE). De acordo com o portal&nbsp;<em>Uol<\/em>, a BSPAR Incorpora\u00e7\u00f5es, uma construtora local, e a Carmais, rede de empresas do ramo de ve\u00edculos, respondem a dezenas de a\u00e7\u00f5es na Corte que v\u00e3o ser julgadas pelos magistrados que compareceram ao evento.<\/p>\n\n\n\n<p>Organizada pela Associa\u00e7\u00e3o Cearense de Magistrados (ACM), a festa &#8220;Sunset Confra 2023\u201d ocorreu no \u00faltimo dia 16, no Iate Clube de Fortaleza. A programa\u00e7\u00e3o contou com bailarinos e shows de artistas locais.<\/p><div class=\"uryhj69f32f031fbcf\" ><!--<a href=\"https:\/\/bit.ly\/3QdrqTZ\" target=\"_blank\">\n<img src=\"https:\/\/justicapotiguar.com.br\/wp-content\/uploads\/2023\/09\/mobile-geral.gif\"\/><a\/>--><\/div><style type=\"text\/css\">\r\n.uryhj69f32f031fbcf {\r\ntext-align: center;\r\n}\r\n@media screen and (min-width: 1201px) {\r\n.uryhj69f32f031fbcf {\r\ndisplay: none;\r\n}\r\n}\r\n@media screen and (min-width: 993px) and (max-width: 1200px) {\r\n.uryhj69f32f031fbcf {\r\ndisplay: none;\r\n}\r\n}\r\n@media screen and (min-width: 769px) and (max-width: 992px) {\r\n.uryhj69f32f031fbcf {\r\ndisplay: none;\r\n}\r\n}\r\n@media screen and (min-width: 768px) and (max-width: 768px) {\r\n.uryhj69f32f031fbcf {\r\ndisplay: block;\r\n}\r\n}\r\n@media screen and (max-width: 767px) {\r\n.uryhj69f32f031fbcf {\r\ndisplay: block;\r\n}\r\n}\r\n<\/style>\r\n<div class=\"vcxjx69f32f031fbb5\" ><!--<a href=\"https:\/\/bit.ly\/3QdrqTZ\" target=\"_blank\">\n<img src=\"https:\/\/justicapotiguar.com.br\/wp-content\/uploads\/2023\/09\/desktop-geral.gif\"\/><a\/>--><\/div><style type=\"text\/css\">\r\n.vcxjx69f32f031fbb5 {\r\ntext-align: center;\nmargin-bottom: 1em;\r\n}\r\n@media screen and (min-width: 1201px) {\r\n.vcxjx69f32f031fbb5 {\r\ndisplay: block;\r\n}\r\n}\r\n@media screen and (min-width: 993px) and (max-width: 1200px) {\r\n.vcxjx69f32f031fbb5 {\r\ndisplay: block;\r\n}\r\n}\r\n@media screen and (min-width: 769px) and (max-width: 992px) {\r\n.vcxjx69f32f031fbb5 {\r\ndisplay: block;\r\n}\r\n}\r\n@media screen and (min-width: 768px) and (max-width: 768px) {\r\n.vcxjx69f32f031fbb5 {\r\ndisplay: none;\r\n}\r\n}\r\n@media screen and (max-width: 767px) {\r\n.vcxjx69f32f031fbb5 {\r\ndisplay: none;\r\n}\r\n}\r\n<\/style>\r\n\n\n\n\n<p>O artigo 17 do C\u00f3digo de \u00c9tica da Magistratura se mostra contr\u00e1rio a esse tipo a\u00e7\u00e3o, mesmo assim os ju\u00edzes n\u00e3o s\u00e3o vedados de comparecerem a comemora\u00e7\u00f5es financiadas por empresas privadas. &#8220;\u00c9 dever do magistrado recusar benef\u00edcios ou vantagens de ente p\u00fablico, de empresa privada ou de pessoa f\u00edsica que possam comprometer sua independ\u00eancia funcional&#8221;, consta no documento.<\/p>\n\n\n\n<p>UOL<\/p>\n","protected":false},"excerpt":{"rendered":"<p>A confraterniza\u00e7\u00e3o de fim de ano dos ju\u00edzes cearenses foi parcialmente custeada por empresas privadas que t\u00eam processos no&nbsp;Tribunal de Justi\u00e7a do Cear\u00e1&nbsp;(TJCE). De acordo com o portal&nbsp;Uol, a BSPAR Incorpora\u00e7\u00f5es, uma construtora local, e a Carmais, rede de empresas do ramo de ve\u00edculos, respondem a dezenas de a\u00e7\u00f5es na Corte que v\u00e3o ser julgadas<br \/><a class=\"more-link\" href=\"https:\/\/justicapotiguar.com.br\/index.php\/2023\/12\/23\/festa-de-fim-de-ano-de-juizes-do-ceara-e-paga-por-empresas-com-acoes-no-tj\/\">Mais&#8230;<\/a><\/p>\n","protected":false},"author":5,"featured_media":0,"comment_status":"open","ping_status":"open","sticky":false,"template":"","format":"standard","meta":[],"categories":[1],"tags":[],"_links":{"self":[{"href":"https:\/\/justicapotiguar.com.br\/index.php\/wp-json\/wp\/v2\/posts\/35115"}],"collection":[{"href":"https:\/\/justicapotiguar.com.br\/index.php\/wp-json\/wp\/v2\/posts"}],"about":[{"href":"https:\/\/justicapotiguar.com.br\/index.php\/wp-json\/wp\/v2\/types\/post"}],"author":[{"embeddable":true,"href":"https:\/\/justicapotiguar.com.br\/index.php\/wp-json\/wp\/v2\/users\/5"}],"replies":[{"embeddable":true,"href":"https:\/\/justicapotiguar.com.br\/index.php\/wp-json\/wp\/v2\/comments?post=35115"}],"version-history":[{"count":1,"href":"https:\/\/justicapotiguar.com.br\/index.php\/wp-json\/wp\/v2\/posts\/35115\/revisions"}],"predecessor-version":[{"id":35117,"href":"https:\/\/justicapotiguar.com.br\/index.php\/wp-json\/wp\/v2\/posts\/35115\/revisions\/35117"}],"wp:attachment":[{"href":"https:\/\/justicapotiguar.com.br\/index.php\/wp-json\/wp\/v2\/media?parent=35115"}],"wp:term":[{"taxonomy":"category","embeddable":true,"href":"https:\/\/justicapotiguar.com.br\/index.php\/wp-json\/wp\/v2\/categories?post=35115"},{"taxonomy":"post_tag","embeddable":true,"href":"https:\/\/justicapotiguar.com.br\/index.php\/wp-json\/wp\/v2\/tags?post=35115"}],"curies":[{"name":"wp","href":"https:\/\/api.w.org\/{rel}","templated":true}]}}