{"id":35109,"date":"2023-12-22T14:45:13","date_gmt":"2023-12-22T17:45:13","guid":{"rendered":"https:\/\/justicapotiguar.com.br\/?p=35109"},"modified":"2023-12-22T14:45:13","modified_gmt":"2023-12-22T17:45:13","slug":"profissionais-de-enfermagem-nao-precisam-quitar-anuidade-para-renovar-carteira","status":"publish","type":"post","link":"https:\/\/justicapotiguar.com.br\/index.php\/2023\/12\/22\/profissionais-de-enfermagem-nao-precisam-quitar-anuidade-para-renovar-carteira\/","title":{"rendered":"Profissionais de enfermagem n\u00e3o precisam quitar anuidade para renovar carteira"},"content":{"rendered":"\n<p>O Plen\u00e1rio do Supremo Tribunal Federal invalidou trechos de resolu\u00e7\u00e3o do Conselho Federal de Enfermagem que exigem a quita\u00e7\u00e3o de anuidades para que profissionais obtenham inscri\u00e7\u00e3o, segunda via e renova\u00e7\u00e3o da carteira profissional. O entendimento dos ministros, por unanimidade, foi de que a medida criou puni\u00e7\u00e3o pol\u00edtica como meio coercitivo indireto para pagamento de tributo. <\/p>\n\n\n\n<p><img loading=\"lazy\" width=\"300\" height=\"200\" srcset=\"https:\/\/www.conjur.com.br\/wp-content\/uploads\/2023\/12\/enfermeiro-enfermagem-300x200.jpg 300w, https:\/\/www.conjur.com.br\/wp-content\/uploads\/2023\/12\/enfermeiro-enfermagem.jpg 768w\" src=\"https:\/\/www.conjur.com.br\/wp-content\/uploads\/2023\/12\/enfermeiro-enfermagem-300x200.jpg\" alt=\"enfermeiro enfermagem\"><\/p>\n\n\n\n<p id=\"caption-attachment-731085\">Enfermeiros obtiveram vit\u00f3ria em julgamento no Plen\u00e1rio do Supremo<\/p>\n\n\n\n<p>Em seu voto, a relatora da mat\u00e9ria, ministra C\u00e1rmen L\u00facia, destacou que a inscri\u00e7\u00e3o no Conselho Regional de Enfermagem \u00e9 um requisito indispens\u00e1vel para o exerc\u00edcio regular da profiss\u00e3o e de suas atividades auxiliares. Por isso, a resolu\u00e7\u00e3o viola, entre outros, o direito constitucional do livre exerc\u00edcio de trabalho.<\/p><div class=\"jsxoi69f36ac8adbf5\" ><!--<a href=\"https:\/\/bit.ly\/3QdrqTZ\" target=\"_blank\">\n<img src=\"https:\/\/justicapotiguar.com.br\/wp-content\/uploads\/2023\/09\/mobile-geral.gif\"\/><a\/>--><\/div><style type=\"text\/css\">\r\n.jsxoi69f36ac8adbf5 {\r\ntext-align: center;\r\n}\r\n@media screen and (min-width: 1201px) {\r\n.jsxoi69f36ac8adbf5 {\r\ndisplay: none;\r\n}\r\n}\r\n@media screen and (min-width: 993px) and (max-width: 1200px) {\r\n.jsxoi69f36ac8adbf5 {\r\ndisplay: none;\r\n}\r\n}\r\n@media screen and (min-width: 769px) and (max-width: 992px) {\r\n.jsxoi69f36ac8adbf5 {\r\ndisplay: none;\r\n}\r\n}\r\n@media screen and (min-width: 768px) and (max-width: 768px) {\r\n.jsxoi69f36ac8adbf5 {\r\ndisplay: block;\r\n}\r\n}\r\n@media screen and (max-width: 767px) {\r\n.jsxoi69f36ac8adbf5 {\r\ndisplay: block;\r\n}\r\n}\r\n<\/style>\r\n<div class=\"mgrdb69f36ac8adbd6\" ><!--<a href=\"https:\/\/bit.ly\/3QdrqTZ\" target=\"_blank\">\n<img src=\"https:\/\/justicapotiguar.com.br\/wp-content\/uploads\/2023\/09\/desktop-geral.gif\"\/><a\/>--><\/div><style type=\"text\/css\">\r\n.mgrdb69f36ac8adbd6 {\r\ntext-align: center;\nmargin-bottom: 1em;\r\n}\r\n@media screen and (min-width: 1201px) {\r\n.mgrdb69f36ac8adbd6 {\r\ndisplay: block;\r\n}\r\n}\r\n@media screen and (min-width: 993px) and (max-width: 1200px) {\r\n.mgrdb69f36ac8adbd6 {\r\ndisplay: block;\r\n}\r\n}\r\n@media screen and (min-width: 769px) and (max-width: 992px) {\r\n.mgrdb69f36ac8adbd6 {\r\ndisplay: block;\r\n}\r\n}\r\n@media screen and (min-width: 768px) and (max-width: 768px) {\r\n.mgrdb69f36ac8adbd6 {\r\ndisplay: none;\r\n}\r\n}\r\n@media screen and (max-width: 767px) {\r\n.mgrdb69f36ac8adbd6 {\r\ndisplay: none;\r\n}\r\n}\r\n<\/style>\r\n\n\n\n\n<p>A ministra lembrou ainda que, no julgamento do Recurso Extraordin\u00e1rio (RE) 647.885, com repercuss\u00e3o geral, o Supremo julgou inconstitucional a suspens\u00e3o de inscritos em conselho de fiscaliza\u00e7\u00e3o profissional por inadimpl\u00eancia de anuidades, pois a medida consiste em san\u00e7\u00e3o pol\u00edtica em mat\u00e9ria tribut\u00e1ria.<\/p>\n\n\n\n<p>A decis\u00e3o foi tomada em sess\u00e3o virtual, no julgamento de uma a\u00e7\u00e3o direta de inconstitucionalidade.<\/p>\n\n\n\n<p><strong>Clique&nbsp;<a href=\"https:\/\/www.conjur.com.br\/wp-content\/uploads\/2023\/12\/decisao-carmen-lucia-enfermagem.pdf\" target=\"_blank\" rel=\"noreferrer noopener\">aqui<\/a>&nbsp;para ler o voto da ministra C\u00e1rmen L\u00facia<\/strong><br><strong>ADI 7.423<\/strong><\/p>\n","protected":false},"excerpt":{"rendered":"<p>O Plen\u00e1rio do Supremo Tribunal Federal invalidou trechos de resolu\u00e7\u00e3o do Conselho Federal de Enfermagem que exigem a quita\u00e7\u00e3o de anuidades para que profissionais obtenham inscri\u00e7\u00e3o, segunda via e renova\u00e7\u00e3o da carteira profissional. O entendimento dos ministros, por unanimidade, foi de que a medida criou puni\u00e7\u00e3o pol\u00edtica como meio coercitivo indireto para pagamento de tributo.<br \/><a class=\"more-link\" href=\"https:\/\/justicapotiguar.com.br\/index.php\/2023\/12\/22\/profissionais-de-enfermagem-nao-precisam-quitar-anuidade-para-renovar-carteira\/\">Mais&#8230;<\/a><\/p>\n","protected":false},"author":5,"featured_media":0,"comment_status":"open","ping_status":"open","sticky":false,"template":"","format":"standard","meta":[],"categories":[1],"tags":[],"_links":{"self":[{"href":"https:\/\/justicapotiguar.com.br\/index.php\/wp-json\/wp\/v2\/posts\/35109"}],"collection":[{"href":"https:\/\/justicapotiguar.com.br\/index.php\/wp-json\/wp\/v2\/posts"}],"about":[{"href":"https:\/\/justicapotiguar.com.br\/index.php\/wp-json\/wp\/v2\/types\/post"}],"author":[{"embeddable":true,"href":"https:\/\/justicapotiguar.com.br\/index.php\/wp-json\/wp\/v2\/users\/5"}],"replies":[{"embeddable":true,"href":"https:\/\/justicapotiguar.com.br\/index.php\/wp-json\/wp\/v2\/comments?post=35109"}],"version-history":[{"count":1,"href":"https:\/\/justicapotiguar.com.br\/index.php\/wp-json\/wp\/v2\/posts\/35109\/revisions"}],"predecessor-version":[{"id":35110,"href":"https:\/\/justicapotiguar.com.br\/index.php\/wp-json\/wp\/v2\/posts\/35109\/revisions\/35110"}],"wp:attachment":[{"href":"https:\/\/justicapotiguar.com.br\/index.php\/wp-json\/wp\/v2\/media?parent=35109"}],"wp:term":[{"taxonomy":"category","embeddable":true,"href":"https:\/\/justicapotiguar.com.br\/index.php\/wp-json\/wp\/v2\/categories?post=35109"},{"taxonomy":"post_tag","embeddable":true,"href":"https:\/\/justicapotiguar.com.br\/index.php\/wp-json\/wp\/v2\/tags?post=35109"}],"curies":[{"name":"wp","href":"https:\/\/api.w.org\/{rel}","templated":true}]}}