{"id":35107,"date":"2023-12-22T12:19:38","date_gmt":"2023-12-22T15:19:38","guid":{"rendered":"https:\/\/justicapotiguar.com.br\/?p=35107"},"modified":"2023-12-22T12:19:38","modified_gmt":"2023-12-22T15:19:38","slug":"informativo-797-do-stj-de-5-de-dezembro-de-2023","status":"publish","type":"post","link":"https:\/\/justicapotiguar.com.br\/index.php\/2023\/12\/22\/informativo-797-do-stj-de-5-de-dezembro-de-2023\/","title":{"rendered":"Informativo 797 do STJ, de 5 de dezembro de 2023"},"content":{"rendered":"\n<p><strong>Rodrigo Leite | @rodrigocrleite<\/strong><\/p>\n\n\n\n<p><strong>Canal P\u00edlulas Jur\u00eddicas | STF e STJ<\/strong><\/p>\n\n\n\n<p><strong>Link de acesso ao Canal: <\/strong><a href=\"https:\/\/whatsapp.com\/channel\/0029VaD2dLy4yltRhxnIPR0c\">https:\/\/whatsapp.com\/channel\/0029VaD2dLy4yltRhxnIPR0c<\/a><\/p>\n\n\n\n<p><strong>CORTE ESPECIAL<\/strong><\/p>\n\n\n\n<p><strong>&#8211; <\/strong>As pessoas jur\u00eddicas de direito privado t\u00eam legitimidade para formular pedido de suspens\u00e3o de seguran\u00e7a quando prestadoras de servi\u00e7o p\u00fablico ou no exerc\u00edcio de fun\u00e7\u00e3o delegada pelo Poder P\u00fablico, desde que na defesa do interesse p\u00fablico prim\u00e1rio, correspondente aos interesses da coletividade como um todo &#8211; <strong>AgInt na SLS 3.204-SP<\/strong>, julgado em 23\/11\/2023.<\/p>\n\n\n\n<p><strong>PRIMEIRA TURMA<\/strong><\/p>\n\n\n\n<p>&#8211; As regras edital\u00edcias nos concursos p\u00fablicos vinculam tanto a Administra\u00e7\u00e3o como os candidatos participantes &#8211; <strong>Processo em segredo de justi\u00e7a<\/strong>, julgado em 9\/10\/2023.<\/p>\n\n\n\n<p><strong>SEGUNDA TURMA<\/strong><\/p>\n\n\n\n<p>&#8211; Os custos decorrentes da contrata\u00e7\u00e3o de advogado para o ajuizamento de a\u00e7\u00e3o, por si s\u00f3, n\u00e3o s\u00e3o indeniz\u00e1veis, sob pena de atribuir ilicitude a qualquer pretens\u00e3o questionada judicialmente &#8211; <strong>AgInt no AREsp 2.135.717-SP<\/strong>, julgado em 30\/10\/2023.<\/p>\n\n\n\n<p><strong>TERCEIRA TURMA<\/strong><\/p>\n\n\n\n<p>&#8211; Configurada a omiss\u00e3o da operadora na indica\u00e7\u00e3o de prestador de servi\u00e7o de sa\u00fade da rede credenciada, o benefici\u00e1rio faz jus ao reembolso integral das despesas assumidas com o tratamento de sa\u00fade &#8211; <strong>Processo em segredo de justi\u00e7a<\/strong>, julgado em 7\/11\/2023.<\/p><div class=\"ukcfh69ee77480e9b2\" ><!--<a href=\"https:\/\/bit.ly\/3QdrqTZ\" target=\"_blank\">\n<img src=\"https:\/\/justicapotiguar.com.br\/wp-content\/uploads\/2023\/09\/mobile-geral.gif\"\/><a\/>--><\/div><style type=\"text\/css\">\r\n.ukcfh69ee77480e9b2 {\r\ntext-align: center;\r\n}\r\n@media screen and (min-width: 1201px) {\r\n.ukcfh69ee77480e9b2 {\r\ndisplay: none;\r\n}\r\n}\r\n@media screen and (min-width: 993px) and (max-width: 1200px) {\r\n.ukcfh69ee77480e9b2 {\r\ndisplay: none;\r\n}\r\n}\r\n@media screen and (min-width: 769px) and (max-width: 992px) {\r\n.ukcfh69ee77480e9b2 {\r\ndisplay: none;\r\n}\r\n}\r\n@media screen and (min-width: 768px) and (max-width: 768px) {\r\n.ukcfh69ee77480e9b2 {\r\ndisplay: block;\r\n}\r\n}\r\n@media screen and (max-width: 767px) {\r\n.ukcfh69ee77480e9b2 {\r\ndisplay: block;\r\n}\r\n}\r\n<\/style>\r\n<div class=\"ysvwt69ee77480e99c\" ><!--<a href=\"https:\/\/bit.ly\/3QdrqTZ\" target=\"_blank\">\n<img src=\"https:\/\/justicapotiguar.com.br\/wp-content\/uploads\/2023\/09\/desktop-geral.gif\"\/><a\/>--><\/div><style type=\"text\/css\">\r\n.ysvwt69ee77480e99c {\r\ntext-align: center;\nmargin-bottom: 1em;\r\n}\r\n@media screen and (min-width: 1201px) {\r\n.ysvwt69ee77480e99c {\r\ndisplay: block;\r\n}\r\n}\r\n@media screen and (min-width: 993px) and (max-width: 1200px) {\r\n.ysvwt69ee77480e99c {\r\ndisplay: block;\r\n}\r\n}\r\n@media screen and (min-width: 769px) and (max-width: 992px) {\r\n.ysvwt69ee77480e99c {\r\ndisplay: block;\r\n}\r\n}\r\n@media screen and (min-width: 768px) and (max-width: 768px) {\r\n.ysvwt69ee77480e99c {\r\ndisplay: none;\r\n}\r\n}\r\n@media screen and (max-width: 767px) {\r\n.ysvwt69ee77480e99c {\r\ndisplay: none;\r\n}\r\n}\r\n<\/style>\r\n\n\n\n\n<p><strong>QUARTA TURMA<\/strong><\/p>\n\n\n\n<p>&#8211; Em liquida\u00e7\u00e3o de senten\u00e7a de t\u00edtulo executivo que trata da indeniza\u00e7\u00e3o devida ao representante comercial pela rescis\u00e3o contratual sem justa causa do contrato de distribui\u00e7\u00e3o de bebidas, \u00e9 correta a apura\u00e7\u00e3o do valor indenizat\u00f3rio com a inclus\u00e3o da parcela correspondente ao ICMS &#8211; <strong>AgInt no REsp 1.618.035-MG<\/strong>, julgado em 28\/11\/2023.<\/p>\n\n\n\n<p>&#8211;<strong> <\/strong>S\u00e3o cab\u00edveis honor\u00e1rios advocat\u00edcios pela rejei\u00e7\u00e3o da impugna\u00e7\u00e3o ao cumprimento de senten\u00e7a arbitral, na hip\u00f3tese em que se pleiteia anula\u00e7\u00e3o da senten\u00e7a com fundamento nos arts. 26 e 32 da Lei n. 9.307\/1996 &#8211; <strong>REsp 2.102.676-SP<\/strong>, julgado em 21\/11\/2023.<\/p>\n\n\n\n<p><strong>QUINTA TURMA<\/strong><\/p>\n\n\n\n<p>&#8211; O fato de o acordo de n\u00e3o persecu\u00e7\u00e3o penal n\u00e3o gerar reincid\u00eancia ou maus antecedentes n\u00e3o necessariamente implica o reconhecimento de &#8220;bom comportamento p\u00fablico e privado&#8221;, para fins de reabilita\u00e7\u00e3o criminal, conforme estabelecido no art. 94, II, do C\u00f3digo Penal &#8211; <strong>REsp 2.059.742-RS<\/strong>, julgado em 28\/11\/2023.<\/p>\n\n\n\n<figure class=\"wp-block-image size-large\"><img loading=\"lazy\" width=\"300\" height=\"225\" src=\"https:\/\/justicapotiguar.com.br\/wp-content\/uploads\/2020\/03\/fachada-stj-2019.jpeg\" alt=\"\" class=\"wp-image-7121\"\/><figcaption>Reprodu\u00e7\u00e3o<\/figcaption><\/figure>\n\n\n\n<p>&#8211; \u00c9 nulo o julgamento do Tribunal de J\u00fari que n\u00e3o oportuniza ao Minist\u00e9rio P\u00fablico diligenciar pela localiza\u00e7\u00e3o da testemunha arrolada com cl\u00e1usula de imprescindibilidade &#8211; <strong>AgRg no REsp 1.989.459-MG<\/strong>, julgado em 27\/11\/2023.<\/p>\n\n\n\n<p><strong>SEXTA TURMA<\/strong><\/p>\n\n\n\n<p>&#8211; O mero comparecimento da v\u00edtima em observ\u00e2ncia ao mandado de intima\u00e7\u00e3o expedido pela autoridade policial, sem que seja colhida a manifesta\u00e7\u00e3o expressa do interesse de representar, n\u00e3o configura representa\u00e7\u00e3o para fins penais \u2013 <strong>REsp 2.097.134-RJ<\/strong>, julgado em 21\/11\/2023.<\/p>\n\n\n\n<p>_____________________<\/p>\n\n\n\n<p><strong>Rodrigo Costa Rodrigues Leite&nbsp;<\/strong><\/p>\n\n\n\n<p>Coautor do livro \u201cAn\u00e1lise das Diverg\u00eancias Jurisprudenciais no STF e STJ\u201d, Editora Juspodivm. Autor do livro \u201cTombamento \u2013 Vol. 36 \u2013 Cole\u00e7\u00e3o Leis Especiais para Concursos\u201d, Editora Juspodivm. Autor do livro \u201cDesapropria\u00e7\u00e3o \u2013 Vol. 39 \u2013 Cole\u00e7\u00e3o Especiais para Concursos\u201d, Editora Juspodivm. Coautor do livro \u201cSaberes Jurisprudenciais\u201d, Editora Saraiva.&nbsp; Coorganizador do livro \u201cCPC na Jurisprud\u00eancia\u201d, Editora Foco. Especialista em Direito P\u00fablico e Direito Processual Civil. Mestre em Direito Constitucional. Aluno laureado das Turmas 2005.2 da Universidade Potiguar. Professor da P\u00f3s-gradua\u00e7\u00e3o em Direito Civil da Rede Anhaguera-Kroton. M\u00e1ster Universit\u00e1rio em Direito Constitucional pela Universidad Del Pa\u00eds Vasco, San Sebasti\u00e1n, Espanha. Advogado licenciado. Membro do Conselho Editorial da Revista do Poder Judici\u00e1rio do Estado do Rio Grande do Norte \u2013 REPOJURN. Analista Judici\u00e1rio do TJRN. Assessor de Desembargador do TJRN.<\/p>\n","protected":false},"excerpt":{"rendered":"<p>Rodrigo Leite | @rodrigocrleite Canal P\u00edlulas Jur\u00eddicas | STF e STJ Link de acesso ao Canal: https:\/\/whatsapp.com\/channel\/0029VaD2dLy4yltRhxnIPR0c CORTE ESPECIAL &#8211; As pessoas jur\u00eddicas de direito privado t\u00eam legitimidade para formular pedido de suspens\u00e3o de seguran\u00e7a quando prestadoras de servi\u00e7o p\u00fablico ou no exerc\u00edcio de fun\u00e7\u00e3o delegada pelo Poder P\u00fablico, desde que na defesa do interesse<br \/><a class=\"more-link\" href=\"https:\/\/justicapotiguar.com.br\/index.php\/2023\/12\/22\/informativo-797-do-stj-de-5-de-dezembro-de-2023\/\">Mais&#8230;<\/a><\/p>\n","protected":false},"author":5,"featured_media":0,"comment_status":"open","ping_status":"open","sticky":false,"template":"","format":"standard","meta":[],"categories":[1],"tags":[],"_links":{"self":[{"href":"https:\/\/justicapotiguar.com.br\/index.php\/wp-json\/wp\/v2\/posts\/35107"}],"collection":[{"href":"https:\/\/justicapotiguar.com.br\/index.php\/wp-json\/wp\/v2\/posts"}],"about":[{"href":"https:\/\/justicapotiguar.com.br\/index.php\/wp-json\/wp\/v2\/types\/post"}],"author":[{"embeddable":true,"href":"https:\/\/justicapotiguar.com.br\/index.php\/wp-json\/wp\/v2\/users\/5"}],"replies":[{"embeddable":true,"href":"https:\/\/justicapotiguar.com.br\/index.php\/wp-json\/wp\/v2\/comments?post=35107"}],"version-history":[{"count":1,"href":"https:\/\/justicapotiguar.com.br\/index.php\/wp-json\/wp\/v2\/posts\/35107\/revisions"}],"predecessor-version":[{"id":35108,"href":"https:\/\/justicapotiguar.com.br\/index.php\/wp-json\/wp\/v2\/posts\/35107\/revisions\/35108"}],"wp:attachment":[{"href":"https:\/\/justicapotiguar.com.br\/index.php\/wp-json\/wp\/v2\/media?parent=35107"}],"wp:term":[{"taxonomy":"category","embeddable":true,"href":"https:\/\/justicapotiguar.com.br\/index.php\/wp-json\/wp\/v2\/categories?post=35107"},{"taxonomy":"post_tag","embeddable":true,"href":"https:\/\/justicapotiguar.com.br\/index.php\/wp-json\/wp\/v2\/tags?post=35107"}],"curies":[{"name":"wp","href":"https:\/\/api.w.org\/{rel}","templated":true}]}}