{"id":35104,"date":"2023-12-22T11:06:36","date_gmt":"2023-12-22T14:06:36","guid":{"rendered":"https:\/\/justicapotiguar.com.br\/?p=35104"},"modified":"2023-12-22T11:06:36","modified_gmt":"2023-12-22T14:06:36","slug":"desembargador-joao-reboucas-recebe-comenda-do-merito-potiguar-do-desenvolvimento-economico","status":"publish","type":"post","link":"https:\/\/justicapotiguar.com.br\/index.php\/2023\/12\/22\/desembargador-joao-reboucas-recebe-comenda-do-merito-potiguar-do-desenvolvimento-economico\/","title":{"rendered":"Desembargador Jo\u00e3o Rebou\u00e7as recebe comenda do M\u00e9rito Potiguar do Desenvolvimento Econ\u00f4mico"},"content":{"rendered":"\n<figure class=\"wp-block-image size-large\"><img loading=\"lazy\" width=\"1024\" height=\"576\" src=\"https:\/\/justicapotiguar.com.br\/wp-content\/uploads\/2023\/12\/IMG-20231222-WA0019.jpg\" alt=\"\" class=\"wp-image-35105\" srcset=\"https:\/\/justicapotiguar.com.br\/wp-content\/uploads\/2023\/12\/IMG-20231222-WA0019.jpg 1024w, https:\/\/justicapotiguar.com.br\/wp-content\/uploads\/2023\/12\/IMG-20231222-WA0019-300x169.jpg 300w, https:\/\/justicapotiguar.com.br\/wp-content\/uploads\/2023\/12\/IMG-20231222-WA0019-768x432.jpg 768w\" sizes=\"(max-width: 1024px) 100vw, 1024px\" \/><\/figure>\n\n\n\n<p>O Desembargador Jo\u00e3o Rebou\u00e7as recebeu ontem (21\/12\/2023), das m\u00e3os do secret\u00e1rio de desenvolvimento econ\u00f4mico Jaime Calado comenda do M\u00e9rito Potiguar do Desenvolvimento Econ\u00f4mico em reconhecimento aos servi\u00e7os prestados pelo Desembargador, enquanto agente p\u00fablico, de modo a contribuir com avan\u00e7os na economia, gerando emprego e renda para a popula\u00e7\u00e3o potiguar.<\/p>\n","protected":false},"excerpt":{"rendered":"<p>O Desembargador Jo\u00e3o Rebou\u00e7as recebeu ontem (21\/12\/2023), das m\u00e3os do secret\u00e1rio de desenvolvimento econ\u00f4mico Jaime Calado comenda do M\u00e9rito Potiguar do Desenvolvimento Econ\u00f4mico em reconhecimento aos servi\u00e7os prestados pelo Desembargador, enquanto agente p\u00fablico, de modo a contribuir com avan\u00e7os na economia, gerando emprego e renda para a popula\u00e7\u00e3o potiguar.<br \/><a class=\"more-link\" href=\"https:\/\/justicapotiguar.com.br\/index.php\/2023\/12\/22\/desembargador-joao-reboucas-recebe-comenda-do-merito-potiguar-do-desenvolvimento-economico\/\">Mais&#8230;<\/a><\/p>\n","protected":false},"author":5,"featured_media":0,"comment_status":"open","ping_status":"open","sticky":false,"template":"","format":"standard","meta":[],"categories":[1],"tags":[],"_links":{"self":[{"href":"https:\/\/justicapotiguar.com.br\/index.php\/wp-json\/wp\/v2\/posts\/35104"}],"collection":[{"href":"https:\/\/justicapotiguar.com.br\/index.php\/wp-json\/wp\/v2\/posts"}],"about":[{"href":"https:\/\/justicapotiguar.com.br\/index.php\/wp-json\/wp\/v2\/types\/post"}],"author":[{"embeddable":true,"href":"https:\/\/justicapotiguar.com.br\/index.php\/wp-json\/wp\/v2\/users\/5"}],"replies":[{"embeddable":true,"href":"https:\/\/justicapotiguar.com.br\/index.php\/wp-json\/wp\/v2\/comments?post=35104"}],"version-history":[{"count":1,"href":"https:\/\/justicapotiguar.com.br\/index.php\/wp-json\/wp\/v2\/posts\/35104\/revisions"}],"predecessor-version":[{"id":35106,"href":"https:\/\/justicapotiguar.com.br\/index.php\/wp-json\/wp\/v2\/posts\/35104\/revisions\/35106"}],"wp:attachment":[{"href":"https:\/\/justicapotiguar.com.br\/index.php\/wp-json\/wp\/v2\/media?parent=35104"}],"wp:term":[{"taxonomy":"category","embeddable":true,"href":"https:\/\/justicapotiguar.com.br\/index.php\/wp-json\/wp\/v2\/categories?post=35104"},{"taxonomy":"post_tag","embeddable":true,"href":"https:\/\/justicapotiguar.com.br\/index.php\/wp-json\/wp\/v2\/tags?post=35104"}],"curies":[{"name":"wp","href":"https:\/\/api.w.org\/{rel}","templated":true}]}}