{"id":35094,"date":"2023-12-21T15:21:35","date_gmt":"2023-12-21T18:21:35","guid":{"rendered":"https:\/\/justicapotiguar.com.br\/?p=35094"},"modified":"2023-12-21T15:21:35","modified_gmt":"2023-12-21T18:21:35","slug":"apos-acao-do-mprn-e-dpe-municipio-de-natal-deve-garantir-busca-ativa-de-pessoas-idosas-e-pessoas-com-deficiencia-para-completar-o-ciclo-vacinal-contra-a-covid","status":"publish","type":"post","link":"https:\/\/justicapotiguar.com.br\/index.php\/2023\/12\/21\/apos-acao-do-mprn-e-dpe-municipio-de-natal-deve-garantir-busca-ativa-de-pessoas-idosas-e-pessoas-com-deficiencia-para-completar-o-ciclo-vacinal-contra-a-covid\/","title":{"rendered":"Ap\u00f3s a\u00e7\u00e3o do MPRN e DPE, Munic\u00edpio de Natal deve garantir busca ativa de pessoas idosas e pessoas com defici\u00eancia para completar o ciclo vacinal contra a Covid"},"content":{"rendered":"\n<figure class=\"wp-block-image\"><img src=\"https:\/\/www.mprn.mp.br\/wp-content\/uploads\/2023\/12\/WhatsApp-Image-2023-12-18-at-14.02.57.jpeg\" alt=\"Imagem mostrando homem idoso recebendo vacina no bra\u00e7o com aplica\u00e7\u00e3o atrav\u00e9s de agulha.\" class=\"wp-image-20554\"\/><\/figure>\n\n\n\n<p>A Justi\u00e7a potiguar determinou, em a\u00e7\u00e3o civil p\u00fablica ajuizada pelo Minist\u00e9rio P\u00fablico do Rio Grande do Norte (MPRN) e pela Defensoria P\u00fablica do Estado do Rio Grande do Norte (DPE\/RN), que o Munic\u00edpio de Natal implemente mecanismos de busca ativa de pessoas idosas e pessoas com defici\u00eancia para garantir a completude do esquema vacinal contra a Covid -19. A decis\u00e3o foi tomada por unanimidade pelos desembargadores da 3\u00aa C\u00e2mara C\u00edvel do Tribunal de Justi\u00e7a.<\/p>\n\n\n\n<p>O MPRN e a Defensoria P\u00fablica afirmaram, no recurso, que a aplica\u00e7\u00e3o da busca ativa \u00e9 um instrumento eficaz para garantir a maior cobertura vacinal e que a a\u00e7\u00e3o n\u00e3o configura a cria\u00e7\u00e3o de uma pol\u00edtica p\u00fablica, mas sim a implementa\u00e7\u00e3o e execu\u00e7\u00e3o de programa j\u00e1 previsto. Segundo a decis\u00e3o, a busca ativa deve ser feita com participa\u00e7\u00e3o dos agentes comunit\u00e1rios de sa\u00fade das regi\u00f5es\/distritos sanit\u00e1rios e, se necess\u00e1rio, realiza\u00e7\u00e3o de a\u00e7\u00f5es itinerantes de vacina\u00e7\u00e3o.<\/p>\n\n\n\n<p>Nas raz\u00f5es recursais, a 9\u00aa e a 42\u00aa Promotorias e a Defensoria assinalaram que a Portaria n\u00ba 2.488\/2011, que aprova a Pol\u00edtica Nacional de Aten\u00e7\u00e3o B\u00e1sica, traz em seu corpo as Disposi\u00e7\u00f5es Gerais sobre a Aten\u00e7\u00e3o B\u00e1sica, em especial a prioriza\u00e7\u00e3o dos grupos de risco e a realiza\u00e7\u00e3o de busca ativa, sendo este, portanto, um dos instrumentos j\u00e1 adotados na Estrat\u00e9gia Sa\u00fade da Fam\u00edlia (ESF).<\/p><div class=\"efwbo69ee8425c54dd\" ><!--<a href=\"https:\/\/bit.ly\/3QdrqTZ\" target=\"_blank\">\n<img src=\"https:\/\/justicapotiguar.com.br\/wp-content\/uploads\/2023\/09\/mobile-geral.gif\"\/><a\/>--><\/div><style type=\"text\/css\">\r\n.efwbo69ee8425c54dd {\r\ntext-align: center;\r\n}\r\n@media screen and (min-width: 1201px) {\r\n.efwbo69ee8425c54dd {\r\ndisplay: none;\r\n}\r\n}\r\n@media screen and (min-width: 993px) and (max-width: 1200px) {\r\n.efwbo69ee8425c54dd {\r\ndisplay: none;\r\n}\r\n}\r\n@media screen and (min-width: 769px) and (max-width: 992px) {\r\n.efwbo69ee8425c54dd {\r\ndisplay: none;\r\n}\r\n}\r\n@media screen and (min-width: 768px) and (max-width: 768px) {\r\n.efwbo69ee8425c54dd {\r\ndisplay: block;\r\n}\r\n}\r\n@media screen and (max-width: 767px) {\r\n.efwbo69ee8425c54dd {\r\ndisplay: block;\r\n}\r\n}\r\n<\/style>\r\n<div class=\"algrm69ee8425c54c9\" ><!--<a href=\"https:\/\/bit.ly\/3QdrqTZ\" target=\"_blank\">\n<img src=\"https:\/\/justicapotiguar.com.br\/wp-content\/uploads\/2023\/09\/desktop-geral.gif\"\/><a\/>--><\/div><style type=\"text\/css\">\r\n.algrm69ee8425c54c9 {\r\ntext-align: center;\nmargin-bottom: 1em;\r\n}\r\n@media screen and (min-width: 1201px) {\r\n.algrm69ee8425c54c9 {\r\ndisplay: block;\r\n}\r\n}\r\n@media screen and (min-width: 993px) and (max-width: 1200px) {\r\n.algrm69ee8425c54c9 {\r\ndisplay: block;\r\n}\r\n}\r\n@media screen and (min-width: 769px) and (max-width: 992px) {\r\n.algrm69ee8425c54c9 {\r\ndisplay: block;\r\n}\r\n}\r\n@media screen and (min-width: 768px) and (max-width: 768px) {\r\n.algrm69ee8425c54c9 {\r\ndisplay: none;\r\n}\r\n}\r\n@media screen and (max-width: 767px) {\r\n.algrm69ee8425c54c9 {\r\ndisplay: none;\r\n}\r\n}\r\n<\/style>\r\n\n\n\n\n<p>\u201cAs atribui\u00e7\u00f5es de cada um dos profissionais das equipes de aten\u00e7\u00e3o b\u00e1sica devem seguir as referidas disposi\u00e7\u00f5es legais que regulamentam o exerc\u00edcio de cada uma das profiss\u00f5es. S\u00e3o atribui\u00e7\u00f5es comuns a todos os profissionais: [\u2026] VII \u2013 realizar busca ativa e notificar doen\u00e7as e agravos de notifica\u00e7\u00e3o compuls\u00f3ria e de outros agravos e situa\u00e7\u00f5es de import\u00e2ncia local; [\u2026]\u201d, registra a Portaria n\u00ba 2.488\/2011, citada no recurso.<\/p>\n\n\n\n<p>Em dezembro, o Minist\u00e9rio da Sa\u00fade (MS) publicou a Nota T\u00e9cnica n\u00ba83\/2023-CGVDI\/DPNI\/SVSA\/MS recomendando uma dose de refor\u00e7o da vacina Covid-19 (Bivalente) para \u201cpessoas com 60 anos ou mais e imunocomprometidos acima de 12 anos de idade que tenham recebido a \u00faltima dose da vacina h\u00e1 mais de 6 meses\u201d. O MS recomendou ainda a manuten\u00e7\u00e3o da caderneta de vacina\u00e7\u00e3o em dia, de forma que a implementa\u00e7\u00e3o da busca ativa pelo Munic\u00edpio de Natal ser\u00e1 essencial para a preven\u00e7\u00e3o e controle da doen\u00e7a.<\/p>\n","protected":false},"excerpt":{"rendered":"<p>A Justi\u00e7a potiguar determinou, em a\u00e7\u00e3o civil p\u00fablica ajuizada pelo Minist\u00e9rio P\u00fablico do Rio Grande do Norte (MPRN) e pela Defensoria P\u00fablica do Estado do Rio Grande do Norte (DPE\/RN), que o Munic\u00edpio de Natal implemente mecanismos de busca ativa de pessoas idosas e pessoas com defici\u00eancia para garantir a completude do esquema vacinal contra<br \/><a class=\"more-link\" href=\"https:\/\/justicapotiguar.com.br\/index.php\/2023\/12\/21\/apos-acao-do-mprn-e-dpe-municipio-de-natal-deve-garantir-busca-ativa-de-pessoas-idosas-e-pessoas-com-deficiencia-para-completar-o-ciclo-vacinal-contra-a-covid\/\">Mais&#8230;<\/a><\/p>\n","protected":false},"author":5,"featured_media":0,"comment_status":"open","ping_status":"open","sticky":false,"template":"","format":"standard","meta":[],"categories":[1],"tags":[],"_links":{"self":[{"href":"https:\/\/justicapotiguar.com.br\/index.php\/wp-json\/wp\/v2\/posts\/35094"}],"collection":[{"href":"https:\/\/justicapotiguar.com.br\/index.php\/wp-json\/wp\/v2\/posts"}],"about":[{"href":"https:\/\/justicapotiguar.com.br\/index.php\/wp-json\/wp\/v2\/types\/post"}],"author":[{"embeddable":true,"href":"https:\/\/justicapotiguar.com.br\/index.php\/wp-json\/wp\/v2\/users\/5"}],"replies":[{"embeddable":true,"href":"https:\/\/justicapotiguar.com.br\/index.php\/wp-json\/wp\/v2\/comments?post=35094"}],"version-history":[{"count":1,"href":"https:\/\/justicapotiguar.com.br\/index.php\/wp-json\/wp\/v2\/posts\/35094\/revisions"}],"predecessor-version":[{"id":35095,"href":"https:\/\/justicapotiguar.com.br\/index.php\/wp-json\/wp\/v2\/posts\/35094\/revisions\/35095"}],"wp:attachment":[{"href":"https:\/\/justicapotiguar.com.br\/index.php\/wp-json\/wp\/v2\/media?parent=35094"}],"wp:term":[{"taxonomy":"category","embeddable":true,"href":"https:\/\/justicapotiguar.com.br\/index.php\/wp-json\/wp\/v2\/categories?post=35094"},{"taxonomy":"post_tag","embeddable":true,"href":"https:\/\/justicapotiguar.com.br\/index.php\/wp-json\/wp\/v2\/tags?post=35094"}],"curies":[{"name":"wp","href":"https:\/\/api.w.org\/{rel}","templated":true}]}}