{"id":35092,"date":"2023-12-21T15:16:14","date_gmt":"2023-12-21T18:16:14","guid":{"rendered":"https:\/\/justicapotiguar.com.br\/?p=35092"},"modified":"2023-12-21T15:16:14","modified_gmt":"2023-12-21T18:16:14","slug":"justica-decreta-medidas-protetivas-contra-agressor-de-ex-companheira-em-cruzeta","status":"publish","type":"post","link":"https:\/\/justicapotiguar.com.br\/index.php\/2023\/12\/21\/justica-decreta-medidas-protetivas-contra-agressor-de-ex-companheira-em-cruzeta\/","title":{"rendered":"Justi\u00e7a decreta medidas protetivas contra agressor de ex-companheira em Cruzeta"},"content":{"rendered":"\n<figure class=\"wp-block-image size-large\"><img loading=\"lazy\" width=\"1016\" height=\"598\" src=\"https:\/\/justicapotiguar.com.br\/wp-content\/uploads\/2020\/03\/pris\u00e3o.jpg\" alt=\"\" class=\"wp-image-8055\" srcset=\"https:\/\/justicapotiguar.com.br\/wp-content\/uploads\/2020\/03\/pris\u00e3o.jpg 1016w, https:\/\/justicapotiguar.com.br\/wp-content\/uploads\/2020\/03\/pris\u00e3o-300x177.jpg 300w, https:\/\/justicapotiguar.com.br\/wp-content\/uploads\/2020\/03\/pris\u00e3o-768x452.jpg 768w\" sizes=\"(max-width: 1016px) 100vw, 1016px\" \/><figcaption>Reprodu\u00e7\u00e3o<\/figcaption><\/figure>\n\n\n\n<p>A Comarca de Cruzeta determinou que um acusado de agredir a ex-companheira se afaste do lar, domic\u00edlio ou local de conviv\u00eancia com a v\u00edtima e tamb\u00e9m n\u00e3o se aproxime da ofendida e de seus familiares, devendo manter uma dist\u00e2ncia m\u00ednima de 200 metros. Ele ainda deve se abster de manter contato com a v\u00edtima e seus familiares, por qualquer meio de comunica\u00e7\u00e3o e est\u00e1 proibido de frequentar eventual local de trabalho e\/ou escola da ex-mulher, a fim de preservar a integridade f\u00edsica e psicol\u00f3gica dela.<\/p>\n\n\n\n<p>As medidas determinadas atendem a pedido feito pela v\u00edtima e efetuado pela autoridade policial contra o ex-companheiro dela pela suposta pr\u00e1tica do crime de amea\u00e7a, com a influ\u00eancia normativa da Lei n\u00ba 11.340\/2006. Em declara\u00e7\u00f5es prestadas perante o delegado de pol\u00edcia, a v\u00edtima afirmou que viveu uma uni\u00e3o est\u00e1vel com o acusado por 14 anos, tendo encerrado a rela\u00e7\u00e3o h\u00e1 tr\u00eas meses, embora ainda vivam na mesma resid\u00eancia. Relatou que, em 23 novembro de 2023, por volta das 9 horas, foi at\u00e9 a academia, por\u00e9m se sentiu mal e se direcionou ao local de trabalho de sua m\u00e3e.<\/p>\n\n\n\n<p>Ela contou que o acusado chegou falando alto e a indagando onde ela estava, pegando em seu bra\u00e7o com for\u00e7a. Em seguida, passaram a discutir e ele pegou uma machadinha e amea\u00e7ou a ex-mulher, chegando a correr atr\u00e1s dela com o objeto. Nos dias seguintes, o r\u00e9u foi at\u00e9 a casa da m\u00e3e da v\u00edtima, tirou fotos e, falando ao celular, disse \u201cvenham, o local \u00e9 onde tem um ve\u00edculo branco na frente\u201d, o que deixou a v\u00edtima temente pela vida de sua m\u00e3e. Al\u00e9m disso, ela juntou aos autos diversos \u00e1udios enviados pelo ex-companheiro \u00e0 m\u00e3e dela, contendo diversas inj\u00farias.<\/p><div class=\"zfjqo69ef9cf097584\" ><!--<a href=\"https:\/\/bit.ly\/3QdrqTZ\" target=\"_blank\">\n<img src=\"https:\/\/justicapotiguar.com.br\/wp-content\/uploads\/2023\/09\/mobile-geral.gif\"\/><a\/>--><\/div><style type=\"text\/css\">\r\n.zfjqo69ef9cf097584 {\r\ntext-align: center;\r\n}\r\n@media screen and (min-width: 1201px) {\r\n.zfjqo69ef9cf097584 {\r\ndisplay: none;\r\n}\r\n}\r\n@media screen and (min-width: 993px) and (max-width: 1200px) {\r\n.zfjqo69ef9cf097584 {\r\ndisplay: none;\r\n}\r\n}\r\n@media screen and (min-width: 769px) and (max-width: 992px) {\r\n.zfjqo69ef9cf097584 {\r\ndisplay: none;\r\n}\r\n}\r\n@media screen and (min-width: 768px) and (max-width: 768px) {\r\n.zfjqo69ef9cf097584 {\r\ndisplay: block;\r\n}\r\n}\r\n@media screen and (max-width: 767px) {\r\n.zfjqo69ef9cf097584 {\r\ndisplay: block;\r\n}\r\n}\r\n<\/style>\r\n<div class=\"oigyl69ef9cf09756f\" ><!--<a href=\"https:\/\/bit.ly\/3QdrqTZ\" target=\"_blank\">\n<img src=\"https:\/\/justicapotiguar.com.br\/wp-content\/uploads\/2023\/09\/desktop-geral.gif\"\/><a\/>--><\/div><style type=\"text\/css\">\r\n.oigyl69ef9cf09756f {\r\ntext-align: center;\nmargin-bottom: 1em;\r\n}\r\n@media screen and (min-width: 1201px) {\r\n.oigyl69ef9cf09756f {\r\ndisplay: block;\r\n}\r\n}\r\n@media screen and (min-width: 993px) and (max-width: 1200px) {\r\n.oigyl69ef9cf09756f {\r\ndisplay: block;\r\n}\r\n}\r\n@media screen and (min-width: 769px) and (max-width: 992px) {\r\n.oigyl69ef9cf09756f {\r\ndisplay: block;\r\n}\r\n}\r\n@media screen and (min-width: 768px) and (max-width: 768px) {\r\n.oigyl69ef9cf09756f {\r\ndisplay: none;\r\n}\r\n}\r\n@media screen and (max-width: 767px) {\r\n.oigyl69ef9cf09756f {\r\ndisplay: none;\r\n}\r\n}\r\n<\/style>\r\n\n\n\n\n<p>Ao deferir o pedido de medidas protetivas de urg\u00eancia, a ju\u00edza Ana Maria Marinho considerou o contexto em que os fatos ocorreram, a fim de evitar o cometimento de novos delitos da mesma natureza, ou at\u00e9 outros de maior gravidade, especialmente com o objetivo de proteger a v\u00edtima. Ela citou a imposi\u00e7\u00e3o constitucional ao Estado do dever de assegurar a assist\u00eancia \u00e0 fam\u00edlia na pessoa de cada um dos que a integram, impondo a cria\u00e7\u00e3o de mecanismos para coibir a viol\u00eancia na esfera de suas rela\u00e7\u00f5es. Do mesmo modo, citou que a Lei n\u00ba 11.340\/2006 (Maria da Penha), ao cuidar das medidas para coibir a viol\u00eancia dom\u00e9stica, conferiu especial aten\u00e7\u00e3o \u00e0 viol\u00eancia praticada contra a mulher.<\/p>\n\n\n\n<p>Fundamentou sua decis\u00e3o tamb\u00e9m no car\u00e1ter protetivo da legisla\u00e7\u00e3o em vigor, como a Lei Maria da Penha, cabendo ao Estado agir de forma preventiva e ficando ao prudente crit\u00e9rio do juiz reconhecer na esp\u00e9cie o perigo da demora. \u201cNo caso dos autos, as declara\u00e7\u00f5es da v\u00edtima evidenciam a possibilidade s\u00e9ria de ocorrer novas agress\u00f5es verbais e\/ou f\u00edsicas, n\u00e3o restando d\u00favidas que est\u00e3o presentes o fumus boni iuris e o periculum in mora necess\u00e1rios para a concess\u00e3o das medidas protetivas de urg\u00eancia\u201d, concluiu.<\/p>\n","protected":false},"excerpt":{"rendered":"<p>A Comarca de Cruzeta determinou que um acusado de agredir a ex-companheira se afaste do lar, domic\u00edlio ou local de conviv\u00eancia com a v\u00edtima e tamb\u00e9m n\u00e3o se aproxime da ofendida e de seus familiares, devendo manter uma dist\u00e2ncia m\u00ednima de 200 metros. Ele ainda deve se abster de manter contato com a v\u00edtima e<br \/><a class=\"more-link\" href=\"https:\/\/justicapotiguar.com.br\/index.php\/2023\/12\/21\/justica-decreta-medidas-protetivas-contra-agressor-de-ex-companheira-em-cruzeta\/\">Mais&#8230;<\/a><\/p>\n","protected":false},"author":5,"featured_media":0,"comment_status":"open","ping_status":"open","sticky":false,"template":"","format":"standard","meta":[],"categories":[1],"tags":[],"_links":{"self":[{"href":"https:\/\/justicapotiguar.com.br\/index.php\/wp-json\/wp\/v2\/posts\/35092"}],"collection":[{"href":"https:\/\/justicapotiguar.com.br\/index.php\/wp-json\/wp\/v2\/posts"}],"about":[{"href":"https:\/\/justicapotiguar.com.br\/index.php\/wp-json\/wp\/v2\/types\/post"}],"author":[{"embeddable":true,"href":"https:\/\/justicapotiguar.com.br\/index.php\/wp-json\/wp\/v2\/users\/5"}],"replies":[{"embeddable":true,"href":"https:\/\/justicapotiguar.com.br\/index.php\/wp-json\/wp\/v2\/comments?post=35092"}],"version-history":[{"count":1,"href":"https:\/\/justicapotiguar.com.br\/index.php\/wp-json\/wp\/v2\/posts\/35092\/revisions"}],"predecessor-version":[{"id":35093,"href":"https:\/\/justicapotiguar.com.br\/index.php\/wp-json\/wp\/v2\/posts\/35092\/revisions\/35093"}],"wp:attachment":[{"href":"https:\/\/justicapotiguar.com.br\/index.php\/wp-json\/wp\/v2\/media?parent=35092"}],"wp:term":[{"taxonomy":"category","embeddable":true,"href":"https:\/\/justicapotiguar.com.br\/index.php\/wp-json\/wp\/v2\/categories?post=35092"},{"taxonomy":"post_tag","embeddable":true,"href":"https:\/\/justicapotiguar.com.br\/index.php\/wp-json\/wp\/v2\/tags?post=35092"}],"curies":[{"name":"wp","href":"https:\/\/api.w.org\/{rel}","templated":true}]}}