{"id":35056,"date":"2023-12-19T09:31:08","date_gmt":"2023-12-19T12:31:08","guid":{"rendered":"https:\/\/justicapotiguar.com.br\/?p=35056"},"modified":"2023-12-19T09:31:08","modified_gmt":"2023-12-19T12:31:08","slug":"recesso-forense-poder-judiciario-rn-funcionara-em-regime-de-plantao-no-1o-e-2o-graus","status":"publish","type":"post","link":"https:\/\/justicapotiguar.com.br\/index.php\/2023\/12\/19\/recesso-forense-poder-judiciario-rn-funcionara-em-regime-de-plantao-no-1o-e-2o-graus\/","title":{"rendered":"Recesso forense: Poder Judici\u00e1rio RN funcionar\u00e1 em regime de plant\u00e3o no 1\u00ba e 2\u00ba Graus"},"content":{"rendered":"\n<figure class=\"wp-block-image size-large\"><img loading=\"lazy\" width=\"680\" height=\"403\" src=\"https:\/\/justicapotiguar.com.br\/wp-content\/uploads\/2019\/08\/20FEBBFC1E8281A39A385666BF34916232C3_calendario.jpg\" alt=\"\" class=\"wp-image-1259\" srcset=\"https:\/\/justicapotiguar.com.br\/wp-content\/uploads\/2019\/08\/20FEBBFC1E8281A39A385666BF34916232C3_calendario.jpg 680w, https:\/\/justicapotiguar.com.br\/wp-content\/uploads\/2019\/08\/20FEBBFC1E8281A39A385666BF34916232C3_calendario-300x178.jpg 300w\" sizes=\"(max-width: 680px) 100vw, 680px\" \/><figcaption>Ilustrativa<\/figcaption><\/figure>\n\n\n\n<p>Entre os dias 20 de dezembro de 2023 e 6 de janeiro de 2024 o Poder Judici\u00e1rio estar\u00e1 em recesso forense, em todo o pa\u00eds, mas permanece funcionando em regime de plant\u00e3o. Os plant\u00f5es do 1\u00ba e 2\u00ba Graus do Tribunal de Justi\u00e7a do Estado do Rio Grande do Norte funcionar\u00e3o, durante o per\u00edodo.<\/p><div class=\"ubcsp69ee61aaa29fd\" ><!--<a href=\"https:\/\/bit.ly\/3QdrqTZ\" target=\"_blank\">\n<img src=\"https:\/\/justicapotiguar.com.br\/wp-content\/uploads\/2023\/09\/mobile-geral.gif\"\/><a\/>--><\/div><style type=\"text\/css\">\r\n.ubcsp69ee61aaa29fd {\r\ntext-align: center;\r\n}\r\n@media screen and (min-width: 1201px) {\r\n.ubcsp69ee61aaa29fd {\r\ndisplay: none;\r\n}\r\n}\r\n@media screen and (min-width: 993px) and (max-width: 1200px) {\r\n.ubcsp69ee61aaa29fd {\r\ndisplay: none;\r\n}\r\n}\r\n@media screen and (min-width: 769px) and (max-width: 992px) {\r\n.ubcsp69ee61aaa29fd {\r\ndisplay: none;\r\n}\r\n}\r\n@media screen and (min-width: 768px) and (max-width: 768px) {\r\n.ubcsp69ee61aaa29fd {\r\ndisplay: block;\r\n}\r\n}\r\n@media screen and (max-width: 767px) {\r\n.ubcsp69ee61aaa29fd {\r\ndisplay: block;\r\n}\r\n}\r\n<\/style>\r\n<div class=\"mxacb69ee61aaa29e4\" ><!--<a href=\"https:\/\/bit.ly\/3QdrqTZ\" target=\"_blank\">\n<img src=\"https:\/\/justicapotiguar.com.br\/wp-content\/uploads\/2023\/09\/desktop-geral.gif\"\/><a\/>--><\/div><style type=\"text\/css\">\r\n.mxacb69ee61aaa29e4 {\r\ntext-align: center;\nmargin-bottom: 1em;\r\n}\r\n@media screen and (min-width: 1201px) {\r\n.mxacb69ee61aaa29e4 {\r\ndisplay: block;\r\n}\r\n}\r\n@media screen and (min-width: 993px) and (max-width: 1200px) {\r\n.mxacb69ee61aaa29e4 {\r\ndisplay: block;\r\n}\r\n}\r\n@media screen and (min-width: 769px) and (max-width: 992px) {\r\n.mxacb69ee61aaa29e4 {\r\ndisplay: block;\r\n}\r\n}\r\n@media screen and (min-width: 768px) and (max-width: 768px) {\r\n.mxacb69ee61aaa29e4 {\r\ndisplay: none;\r\n}\r\n}\r\n@media screen and (max-width: 767px) {\r\n.mxacb69ee61aaa29e4 {\r\ndisplay: none;\r\n}\r\n}\r\n<\/style>\r\n\n\n\n\n<p>Quanto aos prazos, estes ficam suspensos, por determina\u00e7\u00e3o do C\u00f3digo de Processo Civil (CPC) e do C\u00f3digo do Processo Penal (CPP), at\u00e9 o dia 20 de janeiro. Vale lembrar que o atendimento pelos setores administrativos acontece no hor\u00e1rio das 8h \u00e0s 14h.<\/p>\n","protected":false},"excerpt":{"rendered":"<p>Entre os dias 20 de dezembro de 2023 e 6 de janeiro de 2024 o Poder Judici\u00e1rio estar\u00e1 em recesso forense, em todo o pa\u00eds, mas permanece funcionando em regime de plant\u00e3o. Os plant\u00f5es do 1\u00ba e 2\u00ba Graus do Tribunal de Justi\u00e7a do Estado do Rio Grande do Norte funcionar\u00e3o, durante o per\u00edodo. Quanto<br \/><a class=\"more-link\" href=\"https:\/\/justicapotiguar.com.br\/index.php\/2023\/12\/19\/recesso-forense-poder-judiciario-rn-funcionara-em-regime-de-plantao-no-1o-e-2o-graus\/\">Mais&#8230;<\/a><\/p>\n","protected":false},"author":5,"featured_media":0,"comment_status":"open","ping_status":"open","sticky":false,"template":"","format":"standard","meta":[],"categories":[1],"tags":[],"_links":{"self":[{"href":"https:\/\/justicapotiguar.com.br\/index.php\/wp-json\/wp\/v2\/posts\/35056"}],"collection":[{"href":"https:\/\/justicapotiguar.com.br\/index.php\/wp-json\/wp\/v2\/posts"}],"about":[{"href":"https:\/\/justicapotiguar.com.br\/index.php\/wp-json\/wp\/v2\/types\/post"}],"author":[{"embeddable":true,"href":"https:\/\/justicapotiguar.com.br\/index.php\/wp-json\/wp\/v2\/users\/5"}],"replies":[{"embeddable":true,"href":"https:\/\/justicapotiguar.com.br\/index.php\/wp-json\/wp\/v2\/comments?post=35056"}],"version-history":[{"count":1,"href":"https:\/\/justicapotiguar.com.br\/index.php\/wp-json\/wp\/v2\/posts\/35056\/revisions"}],"predecessor-version":[{"id":35057,"href":"https:\/\/justicapotiguar.com.br\/index.php\/wp-json\/wp\/v2\/posts\/35056\/revisions\/35057"}],"wp:attachment":[{"href":"https:\/\/justicapotiguar.com.br\/index.php\/wp-json\/wp\/v2\/media?parent=35056"}],"wp:term":[{"taxonomy":"category","embeddable":true,"href":"https:\/\/justicapotiguar.com.br\/index.php\/wp-json\/wp\/v2\/categories?post=35056"},{"taxonomy":"post_tag","embeddable":true,"href":"https:\/\/justicapotiguar.com.br\/index.php\/wp-json\/wp\/v2\/tags?post=35056"}],"curies":[{"name":"wp","href":"https:\/\/api.w.org\/{rel}","templated":true}]}}