{"id":35051,"date":"2023-12-18T16:49:12","date_gmt":"2023-12-18T19:49:12","guid":{"rendered":"https:\/\/justicapotiguar.com.br\/?p=35051"},"modified":"2023-12-18T16:49:12","modified_gmt":"2023-12-18T19:49:12","slug":"procuradoras-entram-na-justica-contra-o-estado-para-garantir-escolha-de-assessores","status":"publish","type":"post","link":"https:\/\/justicapotiguar.com.br\/index.php\/2023\/12\/18\/procuradoras-entram-na-justica-contra-o-estado-para-garantir-escolha-de-assessores\/","title":{"rendered":"Procuradoras entram na Justi\u00e7a contra o Estado para garantir escolha de assessores"},"content":{"rendered":"\n<p><\/p>\n\n\n\n<p><\/p>\n\n\n\n<figure class=\"wp-block-image size-large\"><img loading=\"lazy\" width=\"936\" height=\"625\" src=\"https:\/\/justicapotiguar.com.br\/wp-content\/uploads\/2019\/10\/Procurador-Municipal.jpg\" alt=\"\" class=\"wp-image-3265\" srcset=\"https:\/\/justicapotiguar.com.br\/wp-content\/uploads\/2019\/10\/Procurador-Municipal.jpg 936w, https:\/\/justicapotiguar.com.br\/wp-content\/uploads\/2019\/10\/Procurador-Municipal-300x200.jpg 300w, https:\/\/justicapotiguar.com.br\/wp-content\/uploads\/2019\/10\/Procurador-Municipal-768x513.jpg 768w\" sizes=\"(max-width: 936px) 100vw, 936px\" \/><\/figure>\n\n\n\n<p>As procuradoras do estado Lucia Cocentino e Tereza Ramalho Teixeira ingressaram com a\u00e7\u00e3o na Justi\u00e7a contra nomea\u00e7\u00f5es de assessores de Procuradores sem qualquer procedimento seletivo feito pela Procuradoria Geral do Estado, chefiada pelo procurador Antenor Roberto.<\/p>\n\n\n\n<p>As autoras pedem o direito da prerrogativa da livre escolha para nomea\u00e7\u00e3o dos assessores que atuar\u00e3o diretamente com cada procurador. Segundo as autoras, apenas alguns procuradores tiveram a livre escolha enquanto os demais tiveram que aceitar as pessoas enviadas com as quais n\u00e3o tinham qualquer v\u00ednculo ou possibilidade de sele\u00e7\u00e3o.<\/p><div class=\"ggnrd69ee6407e8cd1\" ><!--<a href=\"https:\/\/bit.ly\/3QdrqTZ\" target=\"_blank\">\n<img src=\"https:\/\/justicapotiguar.com.br\/wp-content\/uploads\/2023\/09\/mobile-geral.gif\"\/><a\/>--><\/div><style type=\"text\/css\">\r\n.ggnrd69ee6407e8cd1 {\r\ntext-align: center;\r\n}\r\n@media screen and (min-width: 1201px) {\r\n.ggnrd69ee6407e8cd1 {\r\ndisplay: none;\r\n}\r\n}\r\n@media screen and (min-width: 993px) and (max-width: 1200px) {\r\n.ggnrd69ee6407e8cd1 {\r\ndisplay: none;\r\n}\r\n}\r\n@media screen and (min-width: 769px) and (max-width: 992px) {\r\n.ggnrd69ee6407e8cd1 {\r\ndisplay: none;\r\n}\r\n}\r\n@media screen and (min-width: 768px) and (max-width: 768px) {\r\n.ggnrd69ee6407e8cd1 {\r\ndisplay: block;\r\n}\r\n}\r\n@media screen and (max-width: 767px) {\r\n.ggnrd69ee6407e8cd1 {\r\ndisplay: block;\r\n}\r\n}\r\n<\/style>\r\n<div class=\"xwuzu69ee6407e8cb6\" ><!--<a href=\"https:\/\/bit.ly\/3QdrqTZ\" target=\"_blank\">\n<img src=\"https:\/\/justicapotiguar.com.br\/wp-content\/uploads\/2023\/09\/desktop-geral.gif\"\/><a\/>--><\/div><style type=\"text\/css\">\r\n.xwuzu69ee6407e8cb6 {\r\ntext-align: center;\nmargin-bottom: 1em;\r\n}\r\n@media screen and (min-width: 1201px) {\r\n.xwuzu69ee6407e8cb6 {\r\ndisplay: block;\r\n}\r\n}\r\n@media screen and (min-width: 993px) and (max-width: 1200px) {\r\n.xwuzu69ee6407e8cb6 {\r\ndisplay: block;\r\n}\r\n}\r\n@media screen and (min-width: 769px) and (max-width: 992px) {\r\n.xwuzu69ee6407e8cb6 {\r\ndisplay: block;\r\n}\r\n}\r\n@media screen and (min-width: 768px) and (max-width: 768px) {\r\n.xwuzu69ee6407e8cb6 {\r\ndisplay: none;\r\n}\r\n}\r\n@media screen and (max-width: 767px) {\r\n.xwuzu69ee6407e8cb6 {\r\ndisplay: none;\r\n}\r\n}\r\n<\/style>\r\n\n\n\n\n<p>Ainda segundo a pe\u00e7a, algumas pessoas nomeadas por ato da governadora n\u00e3o tinham qualquer conhecimento t\u00e9cnico com a fun\u00e7\u00e3o que foram desempenha, como \u00e9 o caso das duas procuradoras.<\/p>\n\n\n\n<p>Por fim, a peti\u00e7\u00e3o requer que seja garantido o direto de prerrogativa para nomea\u00e7\u00e3o por parte de cada procurador de seus respectivos assessor.<\/p>\n\n\n","protected":false},"excerpt":{"rendered":"<p>As procuradoras do estado Lucia Cocentino e Tereza Ramalho Teixeira ingressaram com a\u00e7\u00e3o na Justi\u00e7a contra nomea\u00e7\u00f5es de assessores de Procuradores sem qualquer procedimento seletivo feito pela Procuradoria Geral do Estado, chefiada pelo procurador Antenor Roberto. As autoras pedem o direito da prerrogativa da livre escolha para nomea\u00e7\u00e3o dos assessores que atuar\u00e3o diretamente com cada<br \/><a class=\"more-link\" href=\"https:\/\/justicapotiguar.com.br\/index.php\/2023\/12\/18\/procuradoras-entram-na-justica-contra-o-estado-para-garantir-escolha-de-assessores\/\">Mais&#8230;<\/a><\/p>\n","protected":false},"author":5,"featured_media":0,"comment_status":"open","ping_status":"open","sticky":false,"template":"","format":"standard","meta":[],"categories":[1],"tags":[],"_links":{"self":[{"href":"https:\/\/justicapotiguar.com.br\/index.php\/wp-json\/wp\/v2\/posts\/35051"}],"collection":[{"href":"https:\/\/justicapotiguar.com.br\/index.php\/wp-json\/wp\/v2\/posts"}],"about":[{"href":"https:\/\/justicapotiguar.com.br\/index.php\/wp-json\/wp\/v2\/types\/post"}],"author":[{"embeddable":true,"href":"https:\/\/justicapotiguar.com.br\/index.php\/wp-json\/wp\/v2\/users\/5"}],"replies":[{"embeddable":true,"href":"https:\/\/justicapotiguar.com.br\/index.php\/wp-json\/wp\/v2\/comments?post=35051"}],"version-history":[{"count":1,"href":"https:\/\/justicapotiguar.com.br\/index.php\/wp-json\/wp\/v2\/posts\/35051\/revisions"}],"predecessor-version":[{"id":35052,"href":"https:\/\/justicapotiguar.com.br\/index.php\/wp-json\/wp\/v2\/posts\/35051\/revisions\/35052"}],"wp:attachment":[{"href":"https:\/\/justicapotiguar.com.br\/index.php\/wp-json\/wp\/v2\/media?parent=35051"}],"wp:term":[{"taxonomy":"category","embeddable":true,"href":"https:\/\/justicapotiguar.com.br\/index.php\/wp-json\/wp\/v2\/categories?post=35051"},{"taxonomy":"post_tag","embeddable":true,"href":"https:\/\/justicapotiguar.com.br\/index.php\/wp-json\/wp\/v2\/tags?post=35051"}],"curies":[{"name":"wp","href":"https:\/\/api.w.org\/{rel}","templated":true}]}}