{"id":35046,"date":"2023-12-18T10:57:22","date_gmt":"2023-12-18T13:57:22","guid":{"rendered":"https:\/\/justicapotiguar.com.br\/?p=35046"},"modified":"2023-12-18T10:57:22","modified_gmt":"2023-12-18T13:57:22","slug":"principais-decisoes-do-stj-e-do-stf-divulgadas-na-semana-periodo-de-27-11-a-1o-de-dezembro","status":"publish","type":"post","link":"https:\/\/justicapotiguar.com.br\/index.php\/2023\/12\/18\/principais-decisoes-do-stj-e-do-stf-divulgadas-na-semana-periodo-de-27-11-a-1o-de-dezembro\/","title":{"rendered":"Principais decis\u00f5es do STJ e do STF divulgadas na semana &#8211; per\u00edodo de 27\/11 a 1\u00ba de dezembro"},"content":{"rendered":"\n<p><strong>Canal P\u00edlulas Jur\u00eddicas | STF e STJ<\/strong><\/p>\n\n\n\n<p><strong>Rodrigo Leite | @rodrigocrleite<\/strong><\/p>\n\n\n\n<p><strong>Link de acesso ao Canal: <\/strong><a href=\"https:\/\/whatsapp.com\/channel\/0029VaD2dLy4yltRhxnIPR0c\">https:\/\/whatsapp.com\/channel\/0029VaD2dLy4yltRhxnIPR0c<\/a><\/p>\n\n\n\n<p><strong>STJ<\/strong><\/p>\n\n\n\n<p>&#8211; A aliena\u00e7\u00e3o de im\u00f3vel que sirva de resid\u00eancia do executado e de sua fam\u00edlia ap\u00f3s a constitui\u00e7\u00e3o do cr\u00e9dito tribut\u00e1rio n\u00e3o afasta a cl\u00e1usula de impenhorabilidade do bem, raz\u00e3o pela qual resta descaracterizada a fraude \u00e0 execu\u00e7\u00e3o fiscal &#8211; <strong>AgInt no AREsp&nbsp; 2.174.427\/RJ<\/strong>, 1\u00aa Turma.<\/p>\n\n\n\n<p>&#8211; Em direito p\u00fablico, s\u00f3 se declara a nulidade de ato ou de processo quando a inobserv\u00e2ncia de formalidade legal causa preju\u00edzo \u2013 <strong>REsp 2.021.212\/PR<\/strong>, 2\u00aa Turma.&nbsp;<\/p>\n\n\n\n<p>&#8211; A impenhorabilidade da quantia depositada em conta banc\u00e1ria, at\u00e9 o limite de 40 (quarenta) sal\u00e1rios m\u00ednimos, \u00e9 uma prote\u00e7\u00e3o destinada \u00e0s pessoas naturais, n\u00e3o podendo ser estendida indistintamente \u00e0s pessoas jur\u00eddicas, ainda que estas mantenham poupan\u00e7a como \u00fanica conta banc\u00e1ria \u2013 <strong>REsp 2.062.497\/SP<\/strong>, 3\u00aa Turma.<\/p>\n\n\n\n<p>&#8211; O habeas corpus n\u00e3o \u00e9 a via adequada para discutir direito de visita ou de guarda de menores, especialmente em virtude da inviabilidade de incurs\u00e3o aprofundada em elementos probat\u00f3rios \u2013 <strong>processo em segredo judicial<\/strong>, 3\u00aa Turma.<\/p>\n\n\n\n<p>&#8211; \u00c9 \u00f4nus do fornecedor a demonstra\u00e7\u00e3o de ter promovido adequada e clara informa\u00e7\u00e3o sobre seus produtos e servi\u00e7os, bem como acerca dos riscos envolvidos, sob pena de lhe ser atribu\u00edda a responsabilidade pela inexatid\u00e3o no exerc\u00edcio da autonomia da vontade por parte de seus consumidores \u2013 <strong>REsp 1.908.549\/SP<\/strong>, 3\u00aa Turma.<\/p>\n\n\n\n<p>&#8211; A S\u00famula 647 do STJ que estabelece que s\u00e3o imprescrit\u00edveis as pretens\u00f5es indenizat\u00f3rias por danos morais e materiais decorrentes de atos de persegui\u00e7\u00e3o pol\u00edtica com viola\u00e7\u00e3o de direitos fundamentais ocorridos durante o regime militar diz respeito a a\u00e7\u00f5es indenizat\u00f3rias que discutem a responsabilidade objetiva do Estado, mas sua previs\u00e3o de imprescritibilidade n\u00e3o se aplica a casos em que se controverte a prop\u00f3sito da responsabilidade civil com base no direito privado \u2013 <strong>REsp 2.054.390\/SP<\/strong>, 4\u00aa Turma.&nbsp;<\/p>\n\n\n\n<p><strong>STF<\/strong><\/p><div class=\"coaex69ee77480e30b\" ><!--<a href=\"https:\/\/bit.ly\/3QdrqTZ\" target=\"_blank\">\n<img src=\"https:\/\/justicapotiguar.com.br\/wp-content\/uploads\/2023\/09\/mobile-geral.gif\"\/><a\/>--><\/div><style type=\"text\/css\">\r\n.coaex69ee77480e30b {\r\ntext-align: center;\r\n}\r\n@media screen and (min-width: 1201px) {\r\n.coaex69ee77480e30b {\r\ndisplay: none;\r\n}\r\n}\r\n@media screen and (min-width: 993px) and (max-width: 1200px) {\r\n.coaex69ee77480e30b {\r\ndisplay: none;\r\n}\r\n}\r\n@media screen and (min-width: 769px) and (max-width: 992px) {\r\n.coaex69ee77480e30b {\r\ndisplay: none;\r\n}\r\n}\r\n@media screen and (min-width: 768px) and (max-width: 768px) {\r\n.coaex69ee77480e30b {\r\ndisplay: block;\r\n}\r\n}\r\n@media screen and (max-width: 767px) {\r\n.coaex69ee77480e30b {\r\ndisplay: block;\r\n}\r\n}\r\n<\/style>\r\n<div class=\"sgmvz69ee77480e2f1\" ><!--<a href=\"https:\/\/bit.ly\/3QdrqTZ\" target=\"_blank\">\n<img src=\"https:\/\/justicapotiguar.com.br\/wp-content\/uploads\/2023\/09\/desktop-geral.gif\"\/><a\/>--><\/div><style type=\"text\/css\">\r\n.sgmvz69ee77480e2f1 {\r\ntext-align: center;\nmargin-bottom: 1em;\r\n}\r\n@media screen and (min-width: 1201px) {\r\n.sgmvz69ee77480e2f1 {\r\ndisplay: block;\r\n}\r\n}\r\n@media screen and (min-width: 993px) and (max-width: 1200px) {\r\n.sgmvz69ee77480e2f1 {\r\ndisplay: block;\r\n}\r\n}\r\n@media screen and (min-width: 769px) and (max-width: 992px) {\r\n.sgmvz69ee77480e2f1 {\r\ndisplay: block;\r\n}\r\n}\r\n@media screen and (min-width: 768px) and (max-width: 768px) {\r\n.sgmvz69ee77480e2f1 {\r\ndisplay: none;\r\n}\r\n}\r\n@media screen and (max-width: 767px) {\r\n.sgmvz69ee77480e2f1 {\r\ndisplay: none;\r\n}\r\n}\r\n<\/style>\r\n\n\n\n\n<p>&#8211; \u00c9 v\u00e1lida a abertura de encomenda postada nos Correios por funcion\u00e1rios da empresa, desde que haja ind\u00edcios fundamentados da pr\u00e1tica de atividade il\u00edcita. Nesse caso, \u00e9 necess\u00e1rio formalizar as provid\u00eancias adotadas para permitir o posterior controle administrativo ou judicial \u2013 <strong>RE 1.116.949 ED\/PE<\/strong>, Tema 1.041, Pleno.<\/p>\n\n\n\n<p>&#8211; As a\u00e7\u00f5es que visam ao pagamento de indeniza\u00e7\u00e3o por danos morais decorrentes de problemas em contratos de transporte a\u00e9reo internacional, como atraso de voos, podem ser ajuizadas em at\u00e9 cinco anos, conforme prev\u00ea o CDC &#8211; <strong>ARE 766.618\/SP<\/strong>, Plen\u00e1rio.<\/p>\n\n\n\n<p>&#8211; O recolhimento do Diferencial de Al\u00edquota do Imposto sobre Circula\u00e7\u00e3o de Mercadorias e Servi\u00e7os (Difal\/ICMS) sobre opera\u00e7\u00f5es destinadas ao consumidor final deve valer sobre transa\u00e7\u00f5es ocorridas 90 dias ap\u00f3s a data da publica\u00e7\u00e3o da Lei Complementar 190\/2022, que o regulamentou \u2013 <strong>ADIs 7066\/DF<\/strong>, <strong>7078\/DF<\/strong> e <strong>7070\/CE<\/strong>.<\/p>\n\n\n\n<figure class=\"wp-block-image size-large\"><img loading=\"lazy\" width=\"680\" height=\"427\" src=\"https:\/\/justicapotiguar.com.br\/wp-content\/uploads\/2020\/03\/7E9BF3BF035A18A1D518A9F6259A03FA1D7E_stj.jpg\" alt=\"\" class=\"wp-image-7439\" srcset=\"https:\/\/justicapotiguar.com.br\/wp-content\/uploads\/2020\/03\/7E9BF3BF035A18A1D518A9F6259A03FA1D7E_stj.jpg 680w, https:\/\/justicapotiguar.com.br\/wp-content\/uploads\/2020\/03\/7E9BF3BF035A18A1D518A9F6259A03FA1D7E_stj-300x188.jpg 300w\" sizes=\"(max-width: 680px) 100vw, 680px\" \/><figcaption>Reprodu\u00e7\u00e3o<\/figcaption><\/figure>\n\n\n\n<p>&#8211; A vaga de senador aberta em decorr\u00eancia de cassa\u00e7\u00e3o da chapa pela Justi\u00e7a Eleitoral deve ser preenchida somente ap\u00f3s elei\u00e7\u00e3o suplementar, n\u00e3o sendo poss\u00edvel a ocupa\u00e7\u00e3o interina da vaga pelo pr\u00f3ximo candidato mais votado &#8211; <strong>ADPFs 643\/DF<\/strong> e <strong>644\/DF<\/strong>, Pleno.<\/p>\n\n\n\n<p>&#8211; As investiga\u00e7\u00f5es contra autoridades com prerrogativa de foro se submetem ao pr\u00e9vio controle judicial, o que inclui a autoriza\u00e7\u00e3o judicial para as investiga\u00e7\u00f5es &#8211; <strong>ADI 7.447\/PA<\/strong>, Pleno.<\/p>\n\n\n\n<p>&#8211; A Constitui\u00e7\u00e3o pro\u00edbe a censura pr\u00e9via, mas a liberdade de imprensa e o direito \u00e0 informa\u00e7\u00e3o n\u00e3o s\u00e3o absolutos, o que possibilita a responsabiliza\u00e7\u00e3o posterior em caso de divulga\u00e7\u00e3o de not\u00edcias falsas \u2013 <strong>RE 1.075.412\/PE<\/strong>, Plen\u00e1rio.<\/p>\n\n\n\n<p>&#8211; Os valores recebidos de boa-f\u00e9 em a\u00e7\u00f5es trabalhistas anteriores \u00e0 decis\u00e3o do STF sobre a legalidade da terceiriza\u00e7\u00e3o da atividade-fim (ADPF 324, julgada em 30\/08\/2018) n\u00e3o dever\u00e3o ser restitu\u00eddos. N\u00e3o cabe mais a\u00e7\u00e3o rescis\u00f3ria com base no entendimento do STF, uma vez que j\u00e1 se passou o prazo de dois anos depois de transitado em julgado da decis\u00e3o tomada na ADPF 324 \u2013 <strong>RE 958.252 ED\/MG<\/strong>, Tema 725.<\/p>\n\n\n\n<p>___________________________<\/p>\n\n\n\n<p><strong>Rodrigo Costa Rodrigues Leite&nbsp;<\/strong><\/p>\n\n\n\n<p>Coautor do livro \u201cAn\u00e1lise das Diverg\u00eancias Jurisprudenciais no STF e STJ\u201d, Editora Juspodivm. Autor do livro \u201cTombamento \u2013 Vol. 36 \u2013 Cole\u00e7\u00e3o Leis Especiais para Concursos\u201d, Editora Juspodivm. Autor do livro \u201cDesapropria\u00e7\u00e3o \u2013 Vol. 39 \u2013 Cole\u00e7\u00e3o Especiais para Concursos\u201d, Editora Juspodivm. Coautor do livro \u201cSaberes Jurisprudenciais\u201d, Editora Saraiva.&nbsp; Coorganizador do livro \u201cCPC na Jurisprud\u00eancia\u201d, Editora Foco. Especialista em Direito P\u00fablico e Direito Processual Civil. Mestre em Direito Constitucional. Aluno laureado das Turmas 2005.2 da Universidade Potiguar. Professor da P\u00f3s-gradua\u00e7\u00e3o em Direito Civil da Rede Anhaguera-Kroton. M\u00e1ster Universit\u00e1rio em Direito Constitucional pela Universidad Del Pa\u00eds Vasco, San Sebasti\u00e1n, Espanha. Advogado licenciado. Membro do Conselho Editorial da Revista do Poder Judici\u00e1rio do Estado do Rio Grande do Norte \u2013 REPOJURN. Analista Judici\u00e1rio do TJRN. Assessor de Desembargador do TJRN.<\/p>\n","protected":false},"excerpt":{"rendered":"<p>Canal P\u00edlulas Jur\u00eddicas | STF e STJ Rodrigo Leite | @rodrigocrleite Link de acesso ao Canal: https:\/\/whatsapp.com\/channel\/0029VaD2dLy4yltRhxnIPR0c STJ &#8211; A aliena\u00e7\u00e3o de im\u00f3vel que sirva de resid\u00eancia do executado e de sua fam\u00edlia ap\u00f3s a constitui\u00e7\u00e3o do cr\u00e9dito tribut\u00e1rio n\u00e3o afasta a cl\u00e1usula de impenhorabilidade do bem, raz\u00e3o pela qual resta descaracterizada a fraude \u00e0<br \/><a class=\"more-link\" href=\"https:\/\/justicapotiguar.com.br\/index.php\/2023\/12\/18\/principais-decisoes-do-stj-e-do-stf-divulgadas-na-semana-periodo-de-27-11-a-1o-de-dezembro\/\">Mais&#8230;<\/a><\/p>\n","protected":false},"author":5,"featured_media":0,"comment_status":"open","ping_status":"open","sticky":false,"template":"","format":"standard","meta":[],"categories":[1],"tags":[],"_links":{"self":[{"href":"https:\/\/justicapotiguar.com.br\/index.php\/wp-json\/wp\/v2\/posts\/35046"}],"collection":[{"href":"https:\/\/justicapotiguar.com.br\/index.php\/wp-json\/wp\/v2\/posts"}],"about":[{"href":"https:\/\/justicapotiguar.com.br\/index.php\/wp-json\/wp\/v2\/types\/post"}],"author":[{"embeddable":true,"href":"https:\/\/justicapotiguar.com.br\/index.php\/wp-json\/wp\/v2\/users\/5"}],"replies":[{"embeddable":true,"href":"https:\/\/justicapotiguar.com.br\/index.php\/wp-json\/wp\/v2\/comments?post=35046"}],"version-history":[{"count":1,"href":"https:\/\/justicapotiguar.com.br\/index.php\/wp-json\/wp\/v2\/posts\/35046\/revisions"}],"predecessor-version":[{"id":35047,"href":"https:\/\/justicapotiguar.com.br\/index.php\/wp-json\/wp\/v2\/posts\/35046\/revisions\/35047"}],"wp:attachment":[{"href":"https:\/\/justicapotiguar.com.br\/index.php\/wp-json\/wp\/v2\/media?parent=35046"}],"wp:term":[{"taxonomy":"category","embeddable":true,"href":"https:\/\/justicapotiguar.com.br\/index.php\/wp-json\/wp\/v2\/categories?post=35046"},{"taxonomy":"post_tag","embeddable":true,"href":"https:\/\/justicapotiguar.com.br\/index.php\/wp-json\/wp\/v2\/tags?post=35046"}],"curies":[{"name":"wp","href":"https:\/\/api.w.org\/{rel}","templated":true}]}}