{"id":35035,"date":"2023-12-17T08:25:17","date_gmt":"2023-12-17T11:25:17","guid":{"rendered":"https:\/\/justicapotiguar.com.br\/?p=35035"},"modified":"2023-12-17T08:25:17","modified_gmt":"2023-12-17T11:25:17","slug":"mantida-condenacao-de-ex-prefeito-por-improbidade-ao-contratar-consultoria-juridica-sem-licitacao","status":"publish","type":"post","link":"https:\/\/justicapotiguar.com.br\/index.php\/2023\/12\/17\/mantida-condenacao-de-ex-prefeito-por-improbidade-ao-contratar-consultoria-juridica-sem-licitacao\/","title":{"rendered":"Mantida condena\u00e7\u00e3o de ex-prefeito por improbidade ao contratar consultoria jur\u00eddica sem licita\u00e7\u00e3o"},"content":{"rendered":"\n<figure class=\"wp-block-image size-large\"><img loading=\"lazy\" width=\"680\" height=\"453\" src=\"https:\/\/justicapotiguar.com.br\/wp-content\/uploads\/2019\/08\/advogado-dia.jpg\" alt=\"\" class=\"wp-image-652\" srcset=\"https:\/\/justicapotiguar.com.br\/wp-content\/uploads\/2019\/08\/advogado-dia.jpg 680w, https:\/\/justicapotiguar.com.br\/wp-content\/uploads\/2019\/08\/advogado-dia-300x200.jpg 300w\" sizes=\"(max-width: 680px) 100vw, 680px\" \/><figcaption>Reprodu\u00e7\u00e3o<\/figcaption><\/figure>\n\n\n\n<p>A 3\u00aa C\u00e2mara C\u00edvel do Tribunal de Justi\u00e7a negou apela\u00e7\u00e3o c\u00edvel interposta por um ex-prefeito do Munic\u00edpio de Upanema para manter a senten\u00e7a que o condenou pela pr\u00e1tica de Atos de Improbidade Administrativa. Ele foi acusado pelo Minist\u00e9rio P\u00fablico de fazer dispensa indevida de licita\u00e7\u00e3o para contrata\u00e7\u00e3o de aluguel de autom\u00f3vel e de advogados para presta\u00e7\u00e3o de assessoria e consultoria jur\u00eddica e aquisi\u00e7\u00e3o de materiais de constru\u00e7\u00e3o com recurso p\u00fablicos para doa\u00e7\u00e3o a particulares sem crit\u00e9rios objetivos.<\/p>\n\n\n\n<p>A apela\u00e7\u00e3o foi interposta nos autos de a\u00e7\u00e3o civil p\u00fablica de responsabiliza\u00e7\u00e3o pela pr\u00e1tica de Ato de Improbidade Administrativa. Na primeira inst\u00e2ncia, ele foi condenado, junto com a ent\u00e3o secret\u00e1ria de assist\u00eancia social do Munic\u00edpio, ao ressarcimento integral dos danos causados no valor de R$ R$ 10.555.60; suspens\u00e3o dos direitos pol\u00edticos, pelo per\u00edodo de cinco anos; aplica\u00e7\u00e3o de multa civil no importe de tr\u00eas vezes o valor da remunera\u00e7\u00e3o percebida \u00e0 \u00e9poca dos fatos; e proibi\u00e7\u00e3o de contratar com o Poder P\u00fablico ou receber benef\u00edcios ou incentivos fiscais ou credit\u00edcios pelo prazo de cinco anos.<\/p>\n\n\n\n<p>Ao apelar, o ex-prefeito defendeu a impossibilidade de sua condena\u00e7\u00e3o na forma dolosa, ao argumento da inexist\u00eancia de elementos jur\u00eddicos que comprovem a ocorr\u00eancia de pr\u00e1tica de ato de improbidade administrativa, bem como a caracteriza\u00e7\u00e3o da prescri\u00e7\u00e3o, uma vez que o processo relata fatos do ano de 2006 e a peti\u00e7\u00e3o inicial foi protocolada em 2013, passados mais de sete anos e o processo sentenciado em 2019, depois de decorrido mais de cinco anos. Ao final, pediu pela reforma da senten\u00e7a, no sentido de afastar o reconhecimento do dolo procedido e, consequentemente, declarar a ocorr\u00eancia da prescri\u00e7\u00e3o.<\/p>\n\n\n\n<p><strong>An\u00e1lise em segunda inst\u00e2ncia<\/strong><\/p><div class=\"fcfcs69ee608065cf4\" ><!--<a href=\"https:\/\/bit.ly\/3QdrqTZ\" target=\"_blank\">\n<img src=\"https:\/\/justicapotiguar.com.br\/wp-content\/uploads\/2023\/09\/mobile-geral.gif\"\/><a\/>--><\/div><style type=\"text\/css\">\r\n.fcfcs69ee608065cf4 {\r\ntext-align: center;\r\n}\r\n@media screen and (min-width: 1201px) {\r\n.fcfcs69ee608065cf4 {\r\ndisplay: none;\r\n}\r\n}\r\n@media screen and (min-width: 993px) and (max-width: 1200px) {\r\n.fcfcs69ee608065cf4 {\r\ndisplay: none;\r\n}\r\n}\r\n@media screen and (min-width: 769px) and (max-width: 992px) {\r\n.fcfcs69ee608065cf4 {\r\ndisplay: none;\r\n}\r\n}\r\n@media screen and (min-width: 768px) and (max-width: 768px) {\r\n.fcfcs69ee608065cf4 {\r\ndisplay: block;\r\n}\r\n}\r\n@media screen and (max-width: 767px) {\r\n.fcfcs69ee608065cf4 {\r\ndisplay: block;\r\n}\r\n}\r\n<\/style>\r\n<div class=\"zzvfx69ee608065cd3\" ><!--<a href=\"https:\/\/bit.ly\/3QdrqTZ\" target=\"_blank\">\n<img src=\"https:\/\/justicapotiguar.com.br\/wp-content\/uploads\/2023\/09\/desktop-geral.gif\"\/><a\/>--><\/div><style type=\"text\/css\">\r\n.zzvfx69ee608065cd3 {\r\ntext-align: center;\nmargin-bottom: 1em;\r\n}\r\n@media screen and (min-width: 1201px) {\r\n.zzvfx69ee608065cd3 {\r\ndisplay: block;\r\n}\r\n}\r\n@media screen and (min-width: 993px) and (max-width: 1200px) {\r\n.zzvfx69ee608065cd3 {\r\ndisplay: block;\r\n}\r\n}\r\n@media screen and (min-width: 769px) and (max-width: 992px) {\r\n.zzvfx69ee608065cd3 {\r\ndisplay: block;\r\n}\r\n}\r\n@media screen and (min-width: 768px) and (max-width: 768px) {\r\n.zzvfx69ee608065cd3 {\r\ndisplay: none;\r\n}\r\n}\r\n@media screen and (max-width: 767px) {\r\n.zzvfx69ee608065cd3 {\r\ndisplay: none;\r\n}\r\n}\r\n<\/style>\r\n\n\n\n\n<p>A Justi\u00e7a, ent\u00e3o, baseou seu entendimento para manter a condena\u00e7\u00e3o do ex-prefeito na jurisprud\u00eancia do Supremo Tribunal Federal e rejeitou os pedidos de reconhecimento de ocorr\u00eancia de prescri\u00e7\u00e3o intercorrente na esp\u00e9cie e, em consequ\u00eancia da condena\u00e7\u00e3o proferida se fundar em elementos f\u00e1ticos e probat\u00f3rios que comprovam que houve dolo por parte dos acusados, manteve a condena\u00e7\u00e3o interposta na senten\u00e7a.<\/p>\n\n\n\n<p>A relatoria do processo analisou a senten\u00e7a e constatou que ela se encontra em total harmonia com as orienta\u00e7\u00f5es proferidas pelo STF, especialmente no que diz respeito a inocorr\u00eancia de prescri\u00e7\u00e3o intercorrente.<\/p>\n\n\n\n<p>Quanto ao m\u00e9rito, entende por caracterizado o dolo espec\u00edfico do r\u00e9u pelas condutas da contrata\u00e7\u00e3o de servi\u00e7os de advocacia, mediante inexigibilidade de licita\u00e7\u00e3o, sem que estivessem presentes os requisitos da singularidade do servi\u00e7o e da not\u00f3ria especializa\u00e7\u00e3o do profissional, bem como a conduta de efetuar entrega de bens a particulares sem crit\u00e9rios objetivos e justificativa de necessidade social.<\/p>\n\n\n\n<p>\u201cLogo, verifica-se a toda evid\u00eancia que a atua\u00e7\u00e3o do ent\u00e3o agente p\u00fablico ocorreu ao arrepio da legalidade estrita, raz\u00e3o pela qual n\u00e3o tem como fugir ao controle da lei de improbidade administrativa, estando correta a condena\u00e7\u00e3o do r\u00e9u, ora apelante, baseando-se no art. 12, inciso II e III, da Lei de Licita\u00e7\u00f5es\u201d, comentou o relator, completando que \u201coutra n\u00e3o pode ser a conclus\u00e3o sen\u00e3o a de que se revela \u00edmprobo o ato de contratar os servi\u00e7os advocat\u00edcios n\u00e3o especializados\u201d.<\/p>\n","protected":false},"excerpt":{"rendered":"<p>A 3\u00aa C\u00e2mara C\u00edvel do Tribunal de Justi\u00e7a negou apela\u00e7\u00e3o c\u00edvel interposta por um ex-prefeito do Munic\u00edpio de Upanema para manter a senten\u00e7a que o condenou pela pr\u00e1tica de Atos de Improbidade Administrativa. Ele foi acusado pelo Minist\u00e9rio P\u00fablico de fazer dispensa indevida de licita\u00e7\u00e3o para contrata\u00e7\u00e3o de aluguel de autom\u00f3vel e de advogados para<br \/><a class=\"more-link\" href=\"https:\/\/justicapotiguar.com.br\/index.php\/2023\/12\/17\/mantida-condenacao-de-ex-prefeito-por-improbidade-ao-contratar-consultoria-juridica-sem-licitacao\/\">Mais&#8230;<\/a><\/p>\n","protected":false},"author":5,"featured_media":0,"comment_status":"open","ping_status":"open","sticky":false,"template":"","format":"standard","meta":[],"categories":[1],"tags":[],"_links":{"self":[{"href":"https:\/\/justicapotiguar.com.br\/index.php\/wp-json\/wp\/v2\/posts\/35035"}],"collection":[{"href":"https:\/\/justicapotiguar.com.br\/index.php\/wp-json\/wp\/v2\/posts"}],"about":[{"href":"https:\/\/justicapotiguar.com.br\/index.php\/wp-json\/wp\/v2\/types\/post"}],"author":[{"embeddable":true,"href":"https:\/\/justicapotiguar.com.br\/index.php\/wp-json\/wp\/v2\/users\/5"}],"replies":[{"embeddable":true,"href":"https:\/\/justicapotiguar.com.br\/index.php\/wp-json\/wp\/v2\/comments?post=35035"}],"version-history":[{"count":1,"href":"https:\/\/justicapotiguar.com.br\/index.php\/wp-json\/wp\/v2\/posts\/35035\/revisions"}],"predecessor-version":[{"id":35036,"href":"https:\/\/justicapotiguar.com.br\/index.php\/wp-json\/wp\/v2\/posts\/35035\/revisions\/35036"}],"wp:attachment":[{"href":"https:\/\/justicapotiguar.com.br\/index.php\/wp-json\/wp\/v2\/media?parent=35035"}],"wp:term":[{"taxonomy":"category","embeddable":true,"href":"https:\/\/justicapotiguar.com.br\/index.php\/wp-json\/wp\/v2\/categories?post=35035"},{"taxonomy":"post_tag","embeddable":true,"href":"https:\/\/justicapotiguar.com.br\/index.php\/wp-json\/wp\/v2\/tags?post=35035"}],"curies":[{"name":"wp","href":"https:\/\/api.w.org\/{rel}","templated":true}]}}