{"id":35024,"date":"2023-12-15T16:47:27","date_gmt":"2023-12-15T19:47:27","guid":{"rendered":"https:\/\/justicapotiguar.com.br\/?p=35024"},"modified":"2023-12-15T16:47:27","modified_gmt":"2023-12-15T19:47:27","slug":"em-juri-popular-mprn-obtem-condenacao-de-trio-por-assassinato-de-advogado-em-mossoro","status":"publish","type":"post","link":"https:\/\/justicapotiguar.com.br\/index.php\/2023\/12\/15\/em-juri-popular-mprn-obtem-condenacao-de-trio-por-assassinato-de-advogado-em-mossoro\/","title":{"rendered":"Em j\u00fari popular, MPRN obt\u00e9m condena\u00e7\u00e3o de trio por assassinato de advogado em Mossor\u00f3"},"content":{"rendered":"\n<figure class=\"wp-block-image\"><img src=\"https:\/\/www.mprn.mp.br\/wp-content\/uploads\/2023\/10\/WhatsApp-Image-2023-10-26-at-13.30.41.jpeg\" alt=\"Imagem de uma sala de j\u00fari popular, mesa e cadeiras em madeira e uma balan\u00e7a sobre a mesa.\" class=\"wp-image-19178\"\/><\/figure>\n\n\n\n<p>O Minist\u00e9rio P\u00fablico do Estado do Rio Grande do Norte (MPRN) obteve a condena\u00e7\u00e3o de tr\u00eas homens pelo assassinato do advogado Eliel Ferreira Cavalcante J\u00fanior. O j\u00fari popular do trio teve in\u00edcio na ter\u00e7a-feira (12) e foi encerrado na quarta (13) com a condena\u00e7\u00e3o deles pelos crimes de homic\u00eddio qualificado contra Eliel J\u00fanior e a tentativa de homic\u00eddio qualificado contra Lucas Emanoel Pereira de Menezes Ferreira.<\/p>\n\n\n\n<p>O advogado Eliel Ferreira Cavalcante J\u00fanior, de 25 anos, foi executado no dia 9 de abril de 2022, em Mossor\u00f3, regi\u00e3o Oeste potiguar. Segundo demonstrado no processo, o jovem foi v\u00edtima de nove disparos de arma de fogo ap\u00f3s ser acusado de ser \u201cladr\u00e3o\u201d. Lucas Emanoel, companheiro de Eliel J\u00fanior, estava no momento do crime, mas conseguiu fugir.<\/p>\n\n\n\n<p>A senten\u00e7a final proferida no f\u00f3rum Miguel Seabra Fagundes, em Natal, e determinou o cumprimento em regime fechado para os tr\u00eas homens. Ialamy Gonzaga, conhecido como J\u00fanior Preto, foi condenado a 23 anos e 7 meses de pris\u00e3o. Francisco de Assis Ferreira da Silva, o Nen\u00e9m, recebeu pena de 25 anos de reclus\u00e3o. E Josemberg Alexandre da Silva, conhecido como Beberg, foi condenado a 22 anos e 1 m\u00eas de pris\u00e3o. Entre os qualificadores do crime foi apontado o meio que dificultou a defesa da v\u00edtima e o motivo torpe.<\/p><div class=\"liftw69ee75bd432a7\" ><!--<a href=\"https:\/\/bit.ly\/3QdrqTZ\" target=\"_blank\">\n<img src=\"https:\/\/justicapotiguar.com.br\/wp-content\/uploads\/2023\/09\/mobile-geral.gif\"\/><a\/>--><\/div><style type=\"text\/css\">\r\n.liftw69ee75bd432a7 {\r\ntext-align: center;\r\n}\r\n@media screen and (min-width: 1201px) {\r\n.liftw69ee75bd432a7 {\r\ndisplay: none;\r\n}\r\n}\r\n@media screen and (min-width: 993px) and (max-width: 1200px) {\r\n.liftw69ee75bd432a7 {\r\ndisplay: none;\r\n}\r\n}\r\n@media screen and (min-width: 769px) and (max-width: 992px) {\r\n.liftw69ee75bd432a7 {\r\ndisplay: none;\r\n}\r\n}\r\n@media screen and (min-width: 768px) and (max-width: 768px) {\r\n.liftw69ee75bd432a7 {\r\ndisplay: block;\r\n}\r\n}\r\n@media screen and (max-width: 767px) {\r\n.liftw69ee75bd432a7 {\r\ndisplay: block;\r\n}\r\n}\r\n<\/style>\r\n<div class=\"rezcs69ee75bd4328c\" ><!--<a href=\"https:\/\/bit.ly\/3QdrqTZ\" target=\"_blank\">\n<img src=\"https:\/\/justicapotiguar.com.br\/wp-content\/uploads\/2023\/09\/desktop-geral.gif\"\/><a\/>--><\/div><style type=\"text\/css\">\r\n.rezcs69ee75bd4328c {\r\ntext-align: center;\nmargin-bottom: 1em;\r\n}\r\n@media screen and (min-width: 1201px) {\r\n.rezcs69ee75bd4328c {\r\ndisplay: block;\r\n}\r\n}\r\n@media screen and (min-width: 993px) and (max-width: 1200px) {\r\n.rezcs69ee75bd4328c {\r\ndisplay: block;\r\n}\r\n}\r\n@media screen and (min-width: 769px) and (max-width: 992px) {\r\n.rezcs69ee75bd4328c {\r\ndisplay: block;\r\n}\r\n}\r\n@media screen and (min-width: 768px) and (max-width: 768px) {\r\n.rezcs69ee75bd4328c {\r\ndisplay: none;\r\n}\r\n}\r\n@media screen and (max-width: 767px) {\r\n.rezcs69ee75bd4328c {\r\ndisplay: none;\r\n}\r\n}\r\n<\/style>\r\n\n\n\n\n<p>Os disparos, segundo demonstrado na den\u00fancia apresentada pelo MPRN, foram todos efetuados por Ialamy Gonzaga. No entanto, como ele n\u00e3o tinha antecedentes criminais e confessou o crime, teve a pena reduzida. Uma terceira v\u00edtima tamb\u00e9m foi atingida por disparos de arma de fogo. Jos\u00e9 Luiz Vieira dos Santos foi alvo de um dos tiros durante a persegui\u00e7\u00e3o dos condenados a Eliel J\u00fanior.<\/p>\n\n\n\n<p>\u201cH\u00e1 evid\u00eancias nos autos, atrav\u00e9s de relatos de testemunhas, que a pr\u00e1tica criminosa ocorreu em raz\u00e3o de meras suspeitas infundadas de que o as v\u00edtimas poderiam ser ladr\u00f5es, embora n\u00e3o se saiba ao certo, at\u00e9 este momento, o que levou os acusados a terem este entendimento\u201d, registra a den\u00fancia apresentada pelo MPRN. O documento aponta ainda que os condenados agiram como \u201cjusticeiros\u201d promovendo um \u201cjulgamento\u201d sum\u00e1rio e sem proporcionar defesa, segundo \u201csuas pr\u00f3prias e medievais regras, escolhendo tirar a vida de inocentes, algo que n\u00e3o se justificaria ainda que fossem as v\u00edtimas de fato ladr\u00f5es\u201d.<\/p>\n\n\n\n<ul><li><a href=\"https:\/\/www.mprn.mp.br\/2023\/12\/14\/\"><\/a><\/li><\/ul>\n","protected":false},"excerpt":{"rendered":"<p>O Minist\u00e9rio P\u00fablico do Estado do Rio Grande do Norte (MPRN) obteve a condena\u00e7\u00e3o de tr\u00eas homens pelo assassinato do advogado Eliel Ferreira Cavalcante J\u00fanior. O j\u00fari popular do trio teve in\u00edcio na ter\u00e7a-feira (12) e foi encerrado na quarta (13) com a condena\u00e7\u00e3o deles pelos crimes de homic\u00eddio qualificado contra Eliel J\u00fanior e a<br \/><a class=\"more-link\" href=\"https:\/\/justicapotiguar.com.br\/index.php\/2023\/12\/15\/em-juri-popular-mprn-obtem-condenacao-de-trio-por-assassinato-de-advogado-em-mossoro\/\">Mais&#8230;<\/a><\/p>\n","protected":false},"author":5,"featured_media":0,"comment_status":"open","ping_status":"open","sticky":false,"template":"","format":"standard","meta":[],"categories":[1],"tags":[],"_links":{"self":[{"href":"https:\/\/justicapotiguar.com.br\/index.php\/wp-json\/wp\/v2\/posts\/35024"}],"collection":[{"href":"https:\/\/justicapotiguar.com.br\/index.php\/wp-json\/wp\/v2\/posts"}],"about":[{"href":"https:\/\/justicapotiguar.com.br\/index.php\/wp-json\/wp\/v2\/types\/post"}],"author":[{"embeddable":true,"href":"https:\/\/justicapotiguar.com.br\/index.php\/wp-json\/wp\/v2\/users\/5"}],"replies":[{"embeddable":true,"href":"https:\/\/justicapotiguar.com.br\/index.php\/wp-json\/wp\/v2\/comments?post=35024"}],"version-history":[{"count":1,"href":"https:\/\/justicapotiguar.com.br\/index.php\/wp-json\/wp\/v2\/posts\/35024\/revisions"}],"predecessor-version":[{"id":35025,"href":"https:\/\/justicapotiguar.com.br\/index.php\/wp-json\/wp\/v2\/posts\/35024\/revisions\/35025"}],"wp:attachment":[{"href":"https:\/\/justicapotiguar.com.br\/index.php\/wp-json\/wp\/v2\/media?parent=35024"}],"wp:term":[{"taxonomy":"category","embeddable":true,"href":"https:\/\/justicapotiguar.com.br\/index.php\/wp-json\/wp\/v2\/categories?post=35024"},{"taxonomy":"post_tag","embeddable":true,"href":"https:\/\/justicapotiguar.com.br\/index.php\/wp-json\/wp\/v2\/tags?post=35024"}],"curies":[{"name":"wp","href":"https:\/\/api.w.org\/{rel}","templated":true}]}}