{"id":35016,"date":"2023-12-15T10:52:01","date_gmt":"2023-12-15T13:52:01","guid":{"rendered":"https:\/\/justicapotiguar.com.br\/?p=35016"},"modified":"2023-12-15T10:52:01","modified_gmt":"2023-12-15T13:52:01","slug":"advogado-se-torna-reu-por-stalking-contra-ex-colega-no-parana","status":"publish","type":"post","link":"https:\/\/justicapotiguar.com.br\/index.php\/2023\/12\/15\/advogado-se-torna-reu-por-stalking-contra-ex-colega-no-parana\/","title":{"rendered":"Advogado se torna r\u00e9u por stalking contra ex-colega no Paran\u00e1"},"content":{"rendered":"\n<p>Um advogado paranaense foi denunciado pelo Minist\u00e9rio P\u00fablico por praticar persegui\u00e7\u00e3o processual contra uma advogada que trabalhava para ele e o processou ap\u00f3s deixar o escrit\u00f3rio.<img loading=\"lazy\" width=\"300\" height=\"200\" srcset=\"https:\/\/www.conjur.com.br\/wp-content\/uploads\/2023\/12\/close-up-maduro-homem-negocios-documento-papel-escrivaninha-300x200.jpg 300w, https:\/\/www.conjur.com.br\/wp-content\/uploads\/2023\/12\/close-up-maduro-homem-negocios-documento-papel-escrivaninha-768x512.jpg 768w, https:\/\/www.conjur.com.br\/wp-content\/uploads\/2023\/12\/close-up-maduro-homem-negocios-documento-papel-escrivaninha.jpg 1000w\" src=\"https:\/\/www.conjur.com.br\/wp-content\/uploads\/2023\/12\/close-up-maduro-homem-negocios-documento-papel-escrivaninha-300x200.jpg\" alt=\"Advogado, homem de neg\u00f3cios\"><\/p>\n\n\n\n<p id=\"caption-attachment-727380\">Advogado se torna r\u00e9u pelo crime de stalking no Paran\u00e1 por perseguir ex-colega de trabalho<\/p>\n\n\n\n<p>Segundo o portal Bem Paran\u00e1, a den\u00fancia, oferecida em julho, foi aceita em agosto pela Vara Criminal de Camb\u00e9, tornando o advogado r\u00e9u pelo crime de stalking.<\/p>\n\n\n\n<p>Na den\u00fancia, o MP-PR afirma que o advogado persegue uma colega que havia trabalhado em seu escrit\u00f3rio e, em um curto per\u00edodo de tempo, havia ajuizado seis a\u00e7\u00f5es judiciais e duas notifica\u00e7\u00f5es extrajudiciais contra a ex-colaboradora.<\/p><div class=\"fpevi69f451418b8dd\" ><!--<a href=\"https:\/\/bit.ly\/3QdrqTZ\" target=\"_blank\">\n<img src=\"https:\/\/justicapotiguar.com.br\/wp-content\/uploads\/2023\/09\/mobile-geral.gif\"\/><a\/>--><\/div><style type=\"text\/css\">\r\n.fpevi69f451418b8dd {\r\ntext-align: center;\r\n}\r\n@media screen and (min-width: 1201px) {\r\n.fpevi69f451418b8dd {\r\ndisplay: none;\r\n}\r\n}\r\n@media screen and (min-width: 993px) and (max-width: 1200px) {\r\n.fpevi69f451418b8dd {\r\ndisplay: none;\r\n}\r\n}\r\n@media screen and (min-width: 769px) and (max-width: 992px) {\r\n.fpevi69f451418b8dd {\r\ndisplay: none;\r\n}\r\n}\r\n@media screen and (min-width: 768px) and (max-width: 768px) {\r\n.fpevi69f451418b8dd {\r\ndisplay: block;\r\n}\r\n}\r\n@media screen and (max-width: 767px) {\r\n.fpevi69f451418b8dd {\r\ndisplay: block;\r\n}\r\n}\r\n<\/style>\r\n<div class=\"ndifg69f451418b8c3\" ><!--<a href=\"https:\/\/bit.ly\/3QdrqTZ\" target=\"_blank\">\n<img src=\"https:\/\/justicapotiguar.com.br\/wp-content\/uploads\/2023\/09\/desktop-geral.gif\"\/><a\/>--><\/div><style type=\"text\/css\">\r\n.ndifg69f451418b8c3 {\r\ntext-align: center;\nmargin-bottom: 1em;\r\n}\r\n@media screen and (min-width: 1201px) {\r\n.ndifg69f451418b8c3 {\r\ndisplay: block;\r\n}\r\n}\r\n@media screen and (min-width: 993px) and (max-width: 1200px) {\r\n.ndifg69f451418b8c3 {\r\ndisplay: block;\r\n}\r\n}\r\n@media screen and (min-width: 769px) and (max-width: 992px) {\r\n.ndifg69f451418b8c3 {\r\ndisplay: block;\r\n}\r\n}\r\n@media screen and (min-width: 768px) and (max-width: 768px) {\r\n.ndifg69f451418b8c3 {\r\ndisplay: none;\r\n}\r\n}\r\n@media screen and (max-width: 767px) {\r\n.ndifg69f451418b8c3 {\r\ndisplay: none;\r\n}\r\n}\r\n<\/style>\r\n\n\n\n\n<p>Segundo o MP, a conduta do advogado teria a inten\u00e7\u00e3o de \u201cdesestimular a v\u00edtima em prosseguir com a reivindica\u00e7\u00e3o de seus direitos trabalhistas e desvi\u00e1-la de suas atividades profissionais para apresentar defesa nos diversos feitos judiciais que contra ela prop\u00f4s\u201d.<\/p>\n\n\n\n<p>O promotor Edmarcio Real \u2014 que assina a den\u00fancia \u2014 sustenta que a persegui\u00e7\u00e3o processual do advogado contra a ex-funcion\u00e1ria estaria causando dano emocional \u00e0 v\u00edtima e prejudicando seu pleno desenvolvimento profissional e pessoal.<\/p>\n\n\n\n<p>Conjur<\/p>\n","protected":false},"excerpt":{"rendered":"<p>Um advogado paranaense foi denunciado pelo Minist\u00e9rio P\u00fablico por praticar persegui\u00e7\u00e3o processual contra uma advogada que trabalhava para ele e o processou ap\u00f3s deixar o escrit\u00f3rio. Advogado se torna r\u00e9u pelo crime de stalking no Paran\u00e1 por perseguir ex-colega de trabalho Segundo o portal Bem Paran\u00e1, a den\u00fancia, oferecida em julho, foi aceita em agosto<br \/><a class=\"more-link\" href=\"https:\/\/justicapotiguar.com.br\/index.php\/2023\/12\/15\/advogado-se-torna-reu-por-stalking-contra-ex-colega-no-parana\/\">Mais&#8230;<\/a><\/p>\n","protected":false},"author":5,"featured_media":0,"comment_status":"open","ping_status":"open","sticky":false,"template":"","format":"standard","meta":[],"categories":[1],"tags":[],"_links":{"self":[{"href":"https:\/\/justicapotiguar.com.br\/index.php\/wp-json\/wp\/v2\/posts\/35016"}],"collection":[{"href":"https:\/\/justicapotiguar.com.br\/index.php\/wp-json\/wp\/v2\/posts"}],"about":[{"href":"https:\/\/justicapotiguar.com.br\/index.php\/wp-json\/wp\/v2\/types\/post"}],"author":[{"embeddable":true,"href":"https:\/\/justicapotiguar.com.br\/index.php\/wp-json\/wp\/v2\/users\/5"}],"replies":[{"embeddable":true,"href":"https:\/\/justicapotiguar.com.br\/index.php\/wp-json\/wp\/v2\/comments?post=35016"}],"version-history":[{"count":1,"href":"https:\/\/justicapotiguar.com.br\/index.php\/wp-json\/wp\/v2\/posts\/35016\/revisions"}],"predecessor-version":[{"id":35017,"href":"https:\/\/justicapotiguar.com.br\/index.php\/wp-json\/wp\/v2\/posts\/35016\/revisions\/35017"}],"wp:attachment":[{"href":"https:\/\/justicapotiguar.com.br\/index.php\/wp-json\/wp\/v2\/media?parent=35016"}],"wp:term":[{"taxonomy":"category","embeddable":true,"href":"https:\/\/justicapotiguar.com.br\/index.php\/wp-json\/wp\/v2\/categories?post=35016"},{"taxonomy":"post_tag","embeddable":true,"href":"https:\/\/justicapotiguar.com.br\/index.php\/wp-json\/wp\/v2\/tags?post=35016"}],"curies":[{"name":"wp","href":"https:\/\/api.w.org\/{rel}","templated":true}]}}