{"id":35003,"date":"2023-12-14T20:15:26","date_gmt":"2023-12-14T23:15:26","guid":{"rendered":"https:\/\/justicapotiguar.com.br\/?p=35003"},"modified":"2023-12-14T20:15:26","modified_gmt":"2023-12-14T23:15:26","slug":"acoes-do-judiciario-surtem-efeitos-e-adocoes-crescem-47-no-rio-grande-do-norte-em-2023","status":"publish","type":"post","link":"https:\/\/justicapotiguar.com.br\/index.php\/2023\/12\/14\/acoes-do-judiciario-surtem-efeitos-e-adocoes-crescem-47-no-rio-grande-do-norte-em-2023\/","title":{"rendered":"A\u00e7\u00f5es do Judici\u00e1rio surtem efeitos e ado\u00e7\u00f5es crescem 47% no Rio Grande do Norte, em 2023"},"content":{"rendered":"\n<p>As ado\u00e7\u00f5es do Rio Grande do Norte cresceram 47% na compara\u00e7\u00e3o entre os anos de 2023 e 2022. Ano passado, foram 34 registradas, dois ter\u00e7os do \u00e9 computado no atual exerc\u00edcio. O dado \u00e9 da Coordenadoria da Inf\u00e2ncia e Juventude do Poder Judici\u00e1rio potiguar (CEJI\/TJRN). S\u00e3o 50 ado\u00e7\u00f5es em 2023, registrado algumas semanas antes do encerramento do ano.<\/p>\n\n\n\n<p>\u201cO aumento expressivo das ado\u00e7\u00f5es em 2023, comparado ao ano passado, deu-se pela presen\u00e7a marcante da CEIJ na gest\u00e3o do Eixo de Prote\u00e7\u00e3o (Ado\u00e7\u00e3o e Acolhimento) ao realizar monitoramento, permanente dos procedimentos referentes \u00e0 Inf\u00e2ncia e Juventude\u201d, ressalta o juiz coordenador do \u00f3rg\u00e3o, Jos\u00e9 Dantas de Paiva. Com esta a\u00e7\u00e3o, crian\u00e7as e adolescentes em situa\u00e7\u00e3o de acolhimento institucional ou familiar, acolhidos e que n\u00e3o puderam retornar \u00e0s suas fam\u00edlias de origem, foram colocadas, de imediato, em ado\u00e7\u00e3o.<\/p>\n\n\n\n<p>Jos\u00e9 Dantas de Paiva salienta que em 2023, houve a realiza\u00e7\u00e3o do treinamento &#8220;Sistema Nacional de Ado\u00e7\u00e3o e Acolhimento (SNA) e Suas Funcionalidades&#8221;, para servidores e magistrados. A iniciativa contribuiu para o aperfei\u00e7oamento dos usu\u00e1rios do sistema. Com a forma\u00e7\u00e3o, os dados processuais passaram a ser atualizados com mais frequ\u00eancia, dando celeridade ao cumprimento dos prazos. A implementa\u00e7\u00e3o de programas como o Atitude Legal (entrega volunt\u00e1ria, pelas m\u00e3es, de crian\u00e7as para ado\u00e7\u00e3o) e a Semana Estadual da Ado\u00e7\u00e3o ajudam a impulsionador as ado\u00e7\u00f5es no estado.<img alt=\"Busca Ativa tornou grupos das ado\u00e7\u00f5es necess\u00e1rias mais vis\u00edvel e oferece oportunidade para pretendentes \u00e0 ado\u00e7\u00e3o de todo o pa\u00eds - destaca juiz Jos\u00e9 Dantas de Paiva\" src=\"https:\/\/assets.tjrn.jus.br\/tjrn-site\/cpcsycibbq-whatsapp-image-2023-12-13-at-102320.jpeg\"><\/p><div class=\"wykiv69ee4dbd53792\" ><!--<a href=\"https:\/\/bit.ly\/3QdrqTZ\" target=\"_blank\">\n<img src=\"https:\/\/justicapotiguar.com.br\/wp-content\/uploads\/2023\/09\/mobile-geral.gif\"\/><a\/>--><\/div><style type=\"text\/css\">\r\n.wykiv69ee4dbd53792 {\r\ntext-align: center;\r\n}\r\n@media screen and (min-width: 1201px) {\r\n.wykiv69ee4dbd53792 {\r\ndisplay: none;\r\n}\r\n}\r\n@media screen and (min-width: 993px) and (max-width: 1200px) {\r\n.wykiv69ee4dbd53792 {\r\ndisplay: none;\r\n}\r\n}\r\n@media screen and (min-width: 769px) and (max-width: 992px) {\r\n.wykiv69ee4dbd53792 {\r\ndisplay: none;\r\n}\r\n}\r\n@media screen and (min-width: 768px) and (max-width: 768px) {\r\n.wykiv69ee4dbd53792 {\r\ndisplay: block;\r\n}\r\n}\r\n@media screen and (max-width: 767px) {\r\n.wykiv69ee4dbd53792 {\r\ndisplay: block;\r\n}\r\n}\r\n<\/style>\r\n<div class=\"irrra69ee4dbd5377d\" ><!--<a href=\"https:\/\/bit.ly\/3QdrqTZ\" target=\"_blank\">\n<img src=\"https:\/\/justicapotiguar.com.br\/wp-content\/uploads\/2023\/09\/desktop-geral.gif\"\/><a\/>--><\/div><style type=\"text\/css\">\r\n.irrra69ee4dbd5377d {\r\ntext-align: center;\nmargin-bottom: 1em;\r\n}\r\n@media screen and (min-width: 1201px) {\r\n.irrra69ee4dbd5377d {\r\ndisplay: block;\r\n}\r\n}\r\n@media screen and (min-width: 993px) and (max-width: 1200px) {\r\n.irrra69ee4dbd5377d {\r\ndisplay: block;\r\n}\r\n}\r\n@media screen and (min-width: 769px) and (max-width: 992px) {\r\n.irrra69ee4dbd5377d {\r\ndisplay: block;\r\n}\r\n}\r\n@media screen and (min-width: 768px) and (max-width: 768px) {\r\n.irrra69ee4dbd5377d {\r\ndisplay: none;\r\n}\r\n}\r\n@media screen and (max-width: 767px) {\r\n.irrra69ee4dbd5377d {\r\ndisplay: none;\r\n}\r\n}\r\n<\/style>\r\n\n\n\n\n<p>Busca Ativa tornou grupos das ado\u00e7\u00f5es necess\u00e1rias mais vis\u00edvel e oferece oportunidade para pretendentes \u00e0 ado\u00e7\u00e3o de todo o pa\u00eds &#8211; destaca juiz Jos\u00e9 Dantas de Paiva<\/p>\n\n\n\n<p>Em rela\u00e7\u00e3o \u00e0 etnia, os n\u00fameros apontam que as crian\u00e7as e adolescentes pardos predominam nas escolhas feitas por casais ou pessoas aptas a adotar. De 2022 para 2023 o aumento \u00e9 de 40% no n\u00famero de ado\u00e7\u00f5es. Neste segmento, ainda h\u00e1 a necessidade de avan\u00e7os. Apenas uma crian\u00e7a da cor preta foi adotada este ano. \u201cInfelizmente, ainda existe a prefer\u00eancia pelos pretendentes \u00e0 ado\u00e7\u00e3o, por crian\u00e7as brancas, pardas e rec\u00e9m-nascidas. \u00c9 uma realidade n\u00e3o apenas no Rio Grande do Norte mas, em todo o Brasil. De acordo com o Relat\u00f3rio Estat\u00edstico Nacional do CNJ, de 35.813 pretendentes \u00e0 ado\u00e7\u00e3o, apenas 2.180 aceitam crian\u00e7as de cor preta. Por isso, a necessidade, permanente, de campanhas de sensibiliza\u00e7\u00e3o. Adotar \u00e9 um ato de amor\u201d, vaticina o magistrado.<\/p>\n","protected":false},"excerpt":{"rendered":"<p>As ado\u00e7\u00f5es do Rio Grande do Norte cresceram 47% na compara\u00e7\u00e3o entre os anos de 2023 e 2022. Ano passado, foram 34 registradas, dois ter\u00e7os do \u00e9 computado no atual exerc\u00edcio. O dado \u00e9 da Coordenadoria da Inf\u00e2ncia e Juventude do Poder Judici\u00e1rio potiguar (CEJI\/TJRN). S\u00e3o 50 ado\u00e7\u00f5es em 2023, registrado algumas semanas antes do<br \/><a class=\"more-link\" href=\"https:\/\/justicapotiguar.com.br\/index.php\/2023\/12\/14\/acoes-do-judiciario-surtem-efeitos-e-adocoes-crescem-47-no-rio-grande-do-norte-em-2023\/\">Mais&#8230;<\/a><\/p>\n","protected":false},"author":5,"featured_media":0,"comment_status":"open","ping_status":"open","sticky":false,"template":"","format":"standard","meta":[],"categories":[1],"tags":[],"_links":{"self":[{"href":"https:\/\/justicapotiguar.com.br\/index.php\/wp-json\/wp\/v2\/posts\/35003"}],"collection":[{"href":"https:\/\/justicapotiguar.com.br\/index.php\/wp-json\/wp\/v2\/posts"}],"about":[{"href":"https:\/\/justicapotiguar.com.br\/index.php\/wp-json\/wp\/v2\/types\/post"}],"author":[{"embeddable":true,"href":"https:\/\/justicapotiguar.com.br\/index.php\/wp-json\/wp\/v2\/users\/5"}],"replies":[{"embeddable":true,"href":"https:\/\/justicapotiguar.com.br\/index.php\/wp-json\/wp\/v2\/comments?post=35003"}],"version-history":[{"count":1,"href":"https:\/\/justicapotiguar.com.br\/index.php\/wp-json\/wp\/v2\/posts\/35003\/revisions"}],"predecessor-version":[{"id":35004,"href":"https:\/\/justicapotiguar.com.br\/index.php\/wp-json\/wp\/v2\/posts\/35003\/revisions\/35004"}],"wp:attachment":[{"href":"https:\/\/justicapotiguar.com.br\/index.php\/wp-json\/wp\/v2\/media?parent=35003"}],"wp:term":[{"taxonomy":"category","embeddable":true,"href":"https:\/\/justicapotiguar.com.br\/index.php\/wp-json\/wp\/v2\/categories?post=35003"},{"taxonomy":"post_tag","embeddable":true,"href":"https:\/\/justicapotiguar.com.br\/index.php\/wp-json\/wp\/v2\/tags?post=35003"}],"curies":[{"name":"wp","href":"https:\/\/api.w.org\/{rel}","templated":true}]}}