{"id":34991,"date":"2023-12-13T06:35:38","date_gmt":"2023-12-13T09:35:38","guid":{"rendered":"https:\/\/justicapotiguar.com.br\/?p=34991"},"modified":"2023-12-13T06:35:38","modified_gmt":"2023-12-13T09:35:38","slug":"habibs-e-condenada-em-r-20-mil-por-carcere-privado-de-trabalhadora-que-denunciou-chefe-em-natal","status":"publish","type":"post","link":"https:\/\/justicapotiguar.com.br\/index.php\/2023\/12\/13\/habibs-e-condenada-em-r-20-mil-por-carcere-privado-de-trabalhadora-que-denunciou-chefe-em-natal\/","title":{"rendered":"Habib&#8217;s \u00e9 condenada em R$ 20 mil por c\u00e1rcere privado de trabalhadora que denunciou chefe em Natal"},"content":{"rendered":"\n<figure class=\"wp-block-image\"><img src=\"https:\/\/www.trt21.jus.br\/sites\/default\/files\/styles\/346x231\/public\/2023-12\/Site-Empresa-%C3%A9-condenada-por-c%C3%A1rcere-privado-de-trabalhadora-que-denunciou-chefe%20%282%29.jpg?itok=Azu3pV9O\" alt=\"Habibs\"\/><\/figure>\n\n\n\n<p>A Primeira Turma do Tribunal Regional da 21\u00aa Regi\u00e3o (TRT-RN) condenou o Grupo Gennius Brasil Produ\u00e7\u00e3o e Comercializa\u00e7\u00e3o de Alimentos S.A. (restaurante Habib\u2019s) a pagar indeniza\u00e7\u00e3o por dano moral, no valor de R$ 20 mil, a ex-empregada.<\/p>\n\n\n\n<p>No caso, ela foi mantida em c\u00e1rcere privado no escrit\u00f3rio do restaurante, sofrendo humilha\u00e7\u00f5es por cerca de tr\u00eas horas, ap\u00f3s denunciar o chefe.<\/p>\n\n\n\n<p>A autora do processo trabalhou para o Habib\u2019s de novembro de 2018 a mar\u00e7o de 2023.&nbsp;<\/p>\n\n\n\n<p>De acordo com ela, no dia 13 de julho de 2022, durante sua jornada de trabalho, foi trancada em uma sala por sua chefe imediata.<\/p>\n\n\n\n<p>Durante o tempo em foi obrigada a estar sala, ela&nbsp; passou a sofrer insultos, amea\u00e7as f\u00edsicas e psicol\u00f3gicas, sendo, tamb\u00e9m, v\u00edtima de&nbsp; cal\u00fanias, inj\u00farias e difama\u00e7\u00f5es.<\/p>\n\n\n\n<p>Isso teria ocorrido porque a ex-empregada denunciou a chefe e o marido dela, tamb\u00e9m empregado, ao superior deles por estarem supostamente cometendo desvios financeiros.&nbsp;<\/p>\n\n\n\n<p>O superior, em vez de investigar, revelou a den\u00fancia \u00e0 chefe da autora do processo, que, um dia depois da den\u00fancia, foi trancada na sala e submetida \u00e0s humilha\u00e7\u00f5es.&nbsp;<\/p><div class=\"fjjom69f2e90d6db8a\" ><!--<a href=\"https:\/\/bit.ly\/3QdrqTZ\" target=\"_blank\">\n<img src=\"https:\/\/justicapotiguar.com.br\/wp-content\/uploads\/2023\/09\/mobile-geral.gif\"\/><a\/>--><\/div><style type=\"text\/css\">\r\n.fjjom69f2e90d6db8a {\r\ntext-align: center;\r\n}\r\n@media screen and (min-width: 1201px) {\r\n.fjjom69f2e90d6db8a {\r\ndisplay: none;\r\n}\r\n}\r\n@media screen and (min-width: 993px) and (max-width: 1200px) {\r\n.fjjom69f2e90d6db8a {\r\ndisplay: none;\r\n}\r\n}\r\n@media screen and (min-width: 769px) and (max-width: 992px) {\r\n.fjjom69f2e90d6db8a {\r\ndisplay: none;\r\n}\r\n}\r\n@media screen and (min-width: 768px) and (max-width: 768px) {\r\n.fjjom69f2e90d6db8a {\r\ndisplay: block;\r\n}\r\n}\r\n@media screen and (max-width: 767px) {\r\n.fjjom69f2e90d6db8a {\r\ndisplay: block;\r\n}\r\n}\r\n<\/style>\r\n<div class=\"thqvj69f2e90d6db6f\" ><!--<a href=\"https:\/\/bit.ly\/3QdrqTZ\" target=\"_blank\">\n<img src=\"https:\/\/justicapotiguar.com.br\/wp-content\/uploads\/2023\/09\/desktop-geral.gif\"\/><a\/>--><\/div><style type=\"text\/css\">\r\n.thqvj69f2e90d6db6f {\r\ntext-align: center;\nmargin-bottom: 1em;\r\n}\r\n@media screen and (min-width: 1201px) {\r\n.thqvj69f2e90d6db6f {\r\ndisplay: block;\r\n}\r\n}\r\n@media screen and (min-width: 993px) and (max-width: 1200px) {\r\n.thqvj69f2e90d6db6f {\r\ndisplay: block;\r\n}\r\n}\r\n@media screen and (min-width: 769px) and (max-width: 992px) {\r\n.thqvj69f2e90d6db6f {\r\ndisplay: block;\r\n}\r\n}\r\n@media screen and (min-width: 768px) and (max-width: 768px) {\r\n.thqvj69f2e90d6db6f {\r\ndisplay: none;\r\n}\r\n}\r\n@media screen and (max-width: 767px) {\r\n.thqvj69f2e90d6db6f {\r\ndisplay: none;\r\n}\r\n}\r\n<\/style>\r\n\n\n\n\n<p>A situa\u00e7\u00e3o, de acordo com a ex-empregada, resultou em danos ps\u00edquicos e emocionais severos.<\/p>\n\n\n\n<p>Em sua defesa, a empresa alegou que a ex-empregada sempre foi respeitada e bem tratada e que jamais ocorreram os fatos alegados por ela.<\/p>\n\n\n\n<p>Ressaltou tamb\u00e9m que &#8220;aborrecimentos, contrariedades, frustra\u00e7\u00f5es, irrita\u00e7\u00f5es ou pequenas m\u00e1goas s\u00e3o sentimentos que de maneira geral fazem parte do cotidiano do dia a dia de qualquer ser humano, seja no trabalho, no tr\u00e2nsito, entre amigos e at\u00e9 no ambiente familiar&#8221;.<\/p>\n\n\n\n<p>No entanto, de acordo com a desembargadora Auxiliadora Rodrigues, relatora do processo no TRT-RN, o tratamento do gestor da unidade demonstra total frieza e descaso, \u201ca quem deveria, al\u00e9m de manter o sigilo da den\u00fancia, providenciar medidas de apura\u00e7\u00e3o e responsabiliza\u00e7\u00e3o das condutas denunciadas\u201d.<\/p>\n\n\n\n<p>\u201cPelo contr\u00e1rio, o teor da den\u00fancia foi compartilhado justamente com os denunciados, que rapidamente trataram de amea\u00e7ar a empregada, bem como deslegitimar sua sanidade mental frente aos demais colegas de trabalho, chamando-a de \u2018doida, louca\u2019, e, ainda, que \u2018precisava estar internada\u2019\u201d.<\/p>\n\n\n\n<p>Assim, para a desembargadora Auxiliadora Rodrigues, no contexto \u201cf\u00e1tico-probat\u00f3rio, restou configurado o ass\u00e9dio moral proveniente de c\u00e1rcere da reclamante no escrit\u00f3rio da reclamada\u201d, com humilha\u00e7\u00f5es, amea\u00e7as, terror psicol\u00f3gico e hostiliza\u00e7\u00e3o constantes, criando um ambiente insalubre de recorrente beliger\u00e2ncia.<\/p>\n\n\n\n<p>A decis\u00e3o da Primeira Turma TRT-RN foi por unanimidade e alterou o julgamento da 5\u00aa Vara do Trabalho de Natal, que tinha, originalmente, quantificado em R$ 5 mil o valor da indeniza\u00e7\u00e3o por dano moral.<\/p>\n","protected":false},"excerpt":{"rendered":"<p>A Primeira Turma do Tribunal Regional da 21\u00aa Regi\u00e3o (TRT-RN) condenou o Grupo Gennius Brasil Produ\u00e7\u00e3o e Comercializa\u00e7\u00e3o de Alimentos S.A. (restaurante Habib\u2019s) a pagar indeniza\u00e7\u00e3o por dano moral, no valor de R$ 20 mil, a ex-empregada. No caso, ela foi mantida em c\u00e1rcere privado no escrit\u00f3rio do restaurante, sofrendo humilha\u00e7\u00f5es por cerca de tr\u00eas<br \/><a class=\"more-link\" href=\"https:\/\/justicapotiguar.com.br\/index.php\/2023\/12\/13\/habibs-e-condenada-em-r-20-mil-por-carcere-privado-de-trabalhadora-que-denunciou-chefe-em-natal\/\">Mais&#8230;<\/a><\/p>\n","protected":false},"author":5,"featured_media":0,"comment_status":"open","ping_status":"open","sticky":false,"template":"","format":"standard","meta":[],"categories":[1],"tags":[],"_links":{"self":[{"href":"https:\/\/justicapotiguar.com.br\/index.php\/wp-json\/wp\/v2\/posts\/34991"}],"collection":[{"href":"https:\/\/justicapotiguar.com.br\/index.php\/wp-json\/wp\/v2\/posts"}],"about":[{"href":"https:\/\/justicapotiguar.com.br\/index.php\/wp-json\/wp\/v2\/types\/post"}],"author":[{"embeddable":true,"href":"https:\/\/justicapotiguar.com.br\/index.php\/wp-json\/wp\/v2\/users\/5"}],"replies":[{"embeddable":true,"href":"https:\/\/justicapotiguar.com.br\/index.php\/wp-json\/wp\/v2\/comments?post=34991"}],"version-history":[{"count":1,"href":"https:\/\/justicapotiguar.com.br\/index.php\/wp-json\/wp\/v2\/posts\/34991\/revisions"}],"predecessor-version":[{"id":34992,"href":"https:\/\/justicapotiguar.com.br\/index.php\/wp-json\/wp\/v2\/posts\/34991\/revisions\/34992"}],"wp:attachment":[{"href":"https:\/\/justicapotiguar.com.br\/index.php\/wp-json\/wp\/v2\/media?parent=34991"}],"wp:term":[{"taxonomy":"category","embeddable":true,"href":"https:\/\/justicapotiguar.com.br\/index.php\/wp-json\/wp\/v2\/categories?post=34991"},{"taxonomy":"post_tag","embeddable":true,"href":"https:\/\/justicapotiguar.com.br\/index.php\/wp-json\/wp\/v2\/tags?post=34991"}],"curies":[{"name":"wp","href":"https:\/\/api.w.org\/{rel}","templated":true}]}}