{"id":34977,"date":"2023-12-11T11:32:39","date_gmt":"2023-12-11T14:32:39","guid":{"rendered":"https:\/\/justicapotiguar.com.br\/?p=34977"},"modified":"2023-12-11T11:32:39","modified_gmt":"2023-12-11T14:32:39","slug":"empregados-da-ceasa-fecham-acordo-de-r-14-milhao-para-quitar-dissidio-de-2018-2019","status":"publish","type":"post","link":"https:\/\/justicapotiguar.com.br\/index.php\/2023\/12\/11\/empregados-da-ceasa-fecham-acordo-de-r-14-milhao-para-quitar-dissidio-de-2018-2019\/","title":{"rendered":"Empregados da Ceasa fecham acordo de R$ 1,4 milh\u00e3o para quitar diss\u00eddio de 2018\/2019"},"content":{"rendered":"\n<figure class=\"wp-block-image\"><img src=\"https:\/\/www.trt21.jus.br\/sites\/default\/files\/styles\/346x231\/public\/2023-12\/Site-Empregados-da-Ceasa-fecham-acordo-de-R%24-1%2C4-milh%C3%A3o-para-quitar-diss%C3%ADdio-de-2018-2019.jpg?itok=P8PKNYwT\" alt=\"ceasa\"\/><\/figure>\n\n\n\n<p>A partir de fevereiro de 2024, os empregados da Central de Abastecimento do Rio Grande do Norte (Ceasa) receber\u00e3o a primeira das dez parcelas, de um total de R$ 1.468.297,98, referentes \u00e0 quita\u00e7\u00e3o de uma d\u00edvida trabalhista de 2019, referente a um reajuste salarial de 5% e ao pagamento do vale-refei\u00e7\u00e3o.<\/p>\n\n\n\n<p>Al\u00e9m disso, restou ajustada a efetiva implanta\u00e7\u00e3o do reajuste de 5% da remunera\u00e7\u00e3o dos empregados, concedida por decis\u00e3o judicial, a partir de janeiro de 2024.<\/p>\n\n\n\n<p>Esse foi o resultado de um acordo firmado pela ju\u00edza Maria Rita Manzarra, durante audi\u00eancia de concilia\u00e7\u00e3o realizada no Centro Judici\u00e1rio de Solu\u00e7\u00e3o de Conflitos e Cidadania (CEJUSC) do Tribunal Regional do Trabalho da 21\u00aa Regi\u00e3o (TRT-RN), em Natal.<\/p><div class=\"xdxcv69ee63c023bd3\" ><!--<a href=\"https:\/\/bit.ly\/3QdrqTZ\" target=\"_blank\">\n<img src=\"https:\/\/justicapotiguar.com.br\/wp-content\/uploads\/2023\/09\/mobile-geral.gif\"\/><a\/>--><\/div><style type=\"text\/css\">\r\n.xdxcv69ee63c023bd3 {\r\ntext-align: center;\r\n}\r\n@media screen and (min-width: 1201px) {\r\n.xdxcv69ee63c023bd3 {\r\ndisplay: none;\r\n}\r\n}\r\n@media screen and (min-width: 993px) and (max-width: 1200px) {\r\n.xdxcv69ee63c023bd3 {\r\ndisplay: none;\r\n}\r\n}\r\n@media screen and (min-width: 769px) and (max-width: 992px) {\r\n.xdxcv69ee63c023bd3 {\r\ndisplay: none;\r\n}\r\n}\r\n@media screen and (min-width: 768px) and (max-width: 768px) {\r\n.xdxcv69ee63c023bd3 {\r\ndisplay: block;\r\n}\r\n}\r\n@media screen and (max-width: 767px) {\r\n.xdxcv69ee63c023bd3 {\r\ndisplay: block;\r\n}\r\n}\r\n<\/style>\r\n<div class=\"sszdr69ee63c023bbf\" ><!--<a href=\"https:\/\/bit.ly\/3QdrqTZ\" target=\"_blank\">\n<img src=\"https:\/\/justicapotiguar.com.br\/wp-content\/uploads\/2023\/09\/desktop-geral.gif\"\/><a\/>--><\/div><style type=\"text\/css\">\r\n.sszdr69ee63c023bbf {\r\ntext-align: center;\nmargin-bottom: 1em;\r\n}\r\n@media screen and (min-width: 1201px) {\r\n.sszdr69ee63c023bbf {\r\ndisplay: block;\r\n}\r\n}\r\n@media screen and (min-width: 993px) and (max-width: 1200px) {\r\n.sszdr69ee63c023bbf {\r\ndisplay: block;\r\n}\r\n}\r\n@media screen and (min-width: 769px) and (max-width: 992px) {\r\n.sszdr69ee63c023bbf {\r\ndisplay: block;\r\n}\r\n}\r\n@media screen and (min-width: 768px) and (max-width: 768px) {\r\n.sszdr69ee63c023bbf {\r\ndisplay: none;\r\n}\r\n}\r\n@media screen and (max-width: 767px) {\r\n.sszdr69ee63c023bbf {\r\ndisplay: none;\r\n}\r\n}\r\n<\/style>\r\n\n\n\n\n<p>Para a ju\u00edza \u201cfoi um verdadeiro sucesso a concilia\u00e7\u00e3o celebrada. Houve a sensibilidade de todos os presentes. Cada qual cedeu em algum ponto e, finalmente, pudemos encerrar esse processo e da melhora forma poss\u00edvel\u201d.<\/p>\n\n\n\n<p>Participaram da reuni\u00e3o, que encerrou um longo processo de negocia\u00e7\u00e3o entre as partes conduzido pela ju\u00edza Simone Jalil, do Cejusc-Natal, os representantes da Ceasa, do Sindicato dos Servidores da Administra\u00e7\u00e3o Indireta do Estado (Sinai), da Procuradoria Geral do Estado e da Secretaria do Tesouro da Secretaria Estadual de Fazenda,.<\/p>\n\n\n\n<p>\u201cDurante as audi\u00eancias anteriores, as partes foram propondo cl\u00e1usulas para conciliar. O objeto era o pagamento dos valores em atraso referentes ao Diss\u00eddio Coletivo 2018\/2019 e um reajuste salarial de 5% na folha de pagamento e agora chegamos a um consenso\u201d, comemora a ju\u00edza.<\/p>\n","protected":false},"excerpt":{"rendered":"<p>A partir de fevereiro de 2024, os empregados da Central de Abastecimento do Rio Grande do Norte (Ceasa) receber\u00e3o a primeira das dez parcelas, de um total de R$ 1.468.297,98, referentes \u00e0 quita\u00e7\u00e3o de uma d\u00edvida trabalhista de 2019, referente a um reajuste salarial de 5% e ao pagamento do vale-refei\u00e7\u00e3o. Al\u00e9m disso, restou ajustada<br \/><a class=\"more-link\" href=\"https:\/\/justicapotiguar.com.br\/index.php\/2023\/12\/11\/empregados-da-ceasa-fecham-acordo-de-r-14-milhao-para-quitar-dissidio-de-2018-2019\/\">Mais&#8230;<\/a><\/p>\n","protected":false},"author":5,"featured_media":0,"comment_status":"open","ping_status":"open","sticky":false,"template":"","format":"standard","meta":[],"categories":[1],"tags":[],"_links":{"self":[{"href":"https:\/\/justicapotiguar.com.br\/index.php\/wp-json\/wp\/v2\/posts\/34977"}],"collection":[{"href":"https:\/\/justicapotiguar.com.br\/index.php\/wp-json\/wp\/v2\/posts"}],"about":[{"href":"https:\/\/justicapotiguar.com.br\/index.php\/wp-json\/wp\/v2\/types\/post"}],"author":[{"embeddable":true,"href":"https:\/\/justicapotiguar.com.br\/index.php\/wp-json\/wp\/v2\/users\/5"}],"replies":[{"embeddable":true,"href":"https:\/\/justicapotiguar.com.br\/index.php\/wp-json\/wp\/v2\/comments?post=34977"}],"version-history":[{"count":1,"href":"https:\/\/justicapotiguar.com.br\/index.php\/wp-json\/wp\/v2\/posts\/34977\/revisions"}],"predecessor-version":[{"id":34978,"href":"https:\/\/justicapotiguar.com.br\/index.php\/wp-json\/wp\/v2\/posts\/34977\/revisions\/34978"}],"wp:attachment":[{"href":"https:\/\/justicapotiguar.com.br\/index.php\/wp-json\/wp\/v2\/media?parent=34977"}],"wp:term":[{"taxonomy":"category","embeddable":true,"href":"https:\/\/justicapotiguar.com.br\/index.php\/wp-json\/wp\/v2\/categories?post=34977"},{"taxonomy":"post_tag","embeddable":true,"href":"https:\/\/justicapotiguar.com.br\/index.php\/wp-json\/wp\/v2\/tags?post=34977"}],"curies":[{"name":"wp","href":"https:\/\/api.w.org\/{rel}","templated":true}]}}