{"id":34972,"date":"2023-12-11T08:30:00","date_gmt":"2023-12-11T11:30:00","guid":{"rendered":"https:\/\/justicapotiguar.com.br\/?p=34972"},"modified":"2023-12-10T23:31:55","modified_gmt":"2023-12-11T02:31:55","slug":"apos-intervencao-da-oab-rn-tjrn-disciplina-inventario-extrajudicial-em-cartorio-com-herdeiro-incapaz-ou-menor-de-idade","status":"publish","type":"post","link":"https:\/\/justicapotiguar.com.br\/index.php\/2023\/12\/11\/apos-intervencao-da-oab-rn-tjrn-disciplina-inventario-extrajudicial-em-cartorio-com-herdeiro-incapaz-ou-menor-de-idade\/","title":{"rendered":"Ap\u00f3s interven\u00e7\u00e3o da OAB\/RN, TJRN disciplina invent\u00e1rio extrajudicial em cart\u00f3rio com herdeiro incapaz ou menor de idade"},"content":{"rendered":"\n<figure class=\"wp-block-image size-large\"><img loading=\"lazy\" width=\"300\" height=\"225\" src=\"https:\/\/justicapotiguar.com.br\/wp-content\/uploads\/2020\/03\/cartorio-acessorio-acordo-aplicacao1.png\" alt=\"\" class=\"wp-image-7096\"\/><figcaption>Ilustrativa<\/figcaption><\/figure>\n\n\n\n<p>Ap\u00f3s interven\u00e7\u00e3o da Ordem dos Advogados do Brasil no Rio Grande do Norte (OAB\/RN), o Tribunal de Justi\u00e7a do Estado (TJRN) publicou um Provimento que disciplina a lavratura de escritura p\u00fablica de invent\u00e1rio e partilha extrajudicial quando houver interessado incapaz ou menor de idade. A Seccional Potiguar encaminhou a sugest\u00e3o de mudan\u00e7a nas normas \u00e0 Corregedoria do TJRN por meio da Comiss\u00e3o de Direito de Fam\u00edlias e Sucess\u00f5es.<\/p>\n\n\n\n<p>Segundo Daniel Lacerda, presidente da comiss\u00e3o, com o novo provimento os cart\u00f3rios j\u00e1 podem fazer invent\u00e1rios com herdeiro incapaz ou menor de idade nas situa\u00e7\u00f5es previstas no documento. Com a mudan\u00e7a, a escritura p\u00fablica de invent\u00e1rio extrajudicial pode ser lavrada sem autoriza\u00e7\u00e3o judicial, quando a partilha dos bens entre todos os herdeiros, respeitada a mea\u00e7\u00e3o do c\u00f4njuge, em observ\u00e2ncia ao respectivo quinh\u00e3o ideal; ou com autoriza\u00e7\u00e3o judicial caso a partilha n\u00e3o obede\u00e7a, em rela\u00e7\u00e3o a cada um dos bens, ao respectivo quinh\u00e3o ideal.<\/p><div class=\"ohgcp69ee4df090966\" ><!--<a href=\"https:\/\/bit.ly\/3QdrqTZ\" target=\"_blank\">\n<img src=\"https:\/\/justicapotiguar.com.br\/wp-content\/uploads\/2023\/09\/mobile-geral.gif\"\/><a\/>--><\/div><style type=\"text\/css\">\r\n.ohgcp69ee4df090966 {\r\ntext-align: center;\r\n}\r\n@media screen and (min-width: 1201px) {\r\n.ohgcp69ee4df090966 {\r\ndisplay: none;\r\n}\r\n}\r\n@media screen and (min-width: 993px) and (max-width: 1200px) {\r\n.ohgcp69ee4df090966 {\r\ndisplay: none;\r\n}\r\n}\r\n@media screen and (min-width: 769px) and (max-width: 992px) {\r\n.ohgcp69ee4df090966 {\r\ndisplay: none;\r\n}\r\n}\r\n@media screen and (min-width: 768px) and (max-width: 768px) {\r\n.ohgcp69ee4df090966 {\r\ndisplay: block;\r\n}\r\n}\r\n@media screen and (max-width: 767px) {\r\n.ohgcp69ee4df090966 {\r\ndisplay: block;\r\n}\r\n}\r\n<\/style>\r\n<div class=\"hyvfk69ee4df090951\" ><!--<a href=\"https:\/\/bit.ly\/3QdrqTZ\" target=\"_blank\">\n<img src=\"https:\/\/justicapotiguar.com.br\/wp-content\/uploads\/2023\/09\/desktop-geral.gif\"\/><a\/>--><\/div><style type=\"text\/css\">\r\n.hyvfk69ee4df090951 {\r\ntext-align: center;\nmargin-bottom: 1em;\r\n}\r\n@media screen and (min-width: 1201px) {\r\n.hyvfk69ee4df090951 {\r\ndisplay: block;\r\n}\r\n}\r\n@media screen and (min-width: 993px) and (max-width: 1200px) {\r\n.hyvfk69ee4df090951 {\r\ndisplay: block;\r\n}\r\n}\r\n@media screen and (min-width: 769px) and (max-width: 992px) {\r\n.hyvfk69ee4df090951 {\r\ndisplay: block;\r\n}\r\n}\r\n@media screen and (min-width: 768px) and (max-width: 768px) {\r\n.hyvfk69ee4df090951 {\r\ndisplay: none;\r\n}\r\n}\r\n@media screen and (max-width: 767px) {\r\n.hyvfk69ee4df090951 {\r\ndisplay: none;\r\n}\r\n}\r\n<\/style>\r\n\n\n\n\n<p>De acordo com o provimento, assinado pelo Corregedor-Geral de Justi\u00e7a, desembargador Gilson Barbosa, o Tabeli\u00e3o de Notas respons\u00e1vel pela lavratura da escritura p\u00fablica de invent\u00e1rio ou partilha dever\u00e1 submeter a minuta final ao Minist\u00e9rio P\u00fablico, que emitir\u00e1 parecer no prazo de 10 dias. \u201cEm caso de parecer favor\u00e1vel do Minist\u00e9rio P\u00fablico pelo procedimento, independentemente de autoriza\u00e7\u00e3o judicial, o ato poder\u00e1 ser lavrado\u201d, diz o texto.<\/p>\n\n\n\n<p>Caso haja impugna\u00e7\u00e3o do MP ou terceiro interessado, esta ser\u00e1 remetida pelo Tabeli\u00e3o de Notas ao Ju\u00edzo competente, a quem caber\u00e1 apreci\u00e1-la no prazo de 10 &nbsp;dias. \u201cA an\u00e1lise da impugna\u00e7\u00e3o caber\u00e1 ao Ju\u00edzo competente para decidir a mat\u00e9ria sucess\u00f3ria na comarca em que a serventia respons\u00e1vel pela lavratura do invent\u00e1rio ou partilha extrajudicial esteja vinculada, conforme as regras estabelecidas na Lei de Organiza\u00e7\u00e3o Judici\u00e1ria\u201d, conclui o texto do provimento.<\/p>\n","protected":false},"excerpt":{"rendered":"<p>Ap\u00f3s interven\u00e7\u00e3o da Ordem dos Advogados do Brasil no Rio Grande do Norte (OAB\/RN), o Tribunal de Justi\u00e7a do Estado (TJRN) publicou um Provimento que disciplina a lavratura de escritura p\u00fablica de invent\u00e1rio e partilha extrajudicial quando houver interessado incapaz ou menor de idade. A Seccional Potiguar encaminhou a sugest\u00e3o de mudan\u00e7a nas normas \u00e0<br \/><a class=\"more-link\" href=\"https:\/\/justicapotiguar.com.br\/index.php\/2023\/12\/11\/apos-intervencao-da-oab-rn-tjrn-disciplina-inventario-extrajudicial-em-cartorio-com-herdeiro-incapaz-ou-menor-de-idade\/\">Mais&#8230;<\/a><\/p>\n","protected":false},"author":5,"featured_media":0,"comment_status":"open","ping_status":"open","sticky":false,"template":"","format":"standard","meta":[],"categories":[1],"tags":[],"_links":{"self":[{"href":"https:\/\/justicapotiguar.com.br\/index.php\/wp-json\/wp\/v2\/posts\/34972"}],"collection":[{"href":"https:\/\/justicapotiguar.com.br\/index.php\/wp-json\/wp\/v2\/posts"}],"about":[{"href":"https:\/\/justicapotiguar.com.br\/index.php\/wp-json\/wp\/v2\/types\/post"}],"author":[{"embeddable":true,"href":"https:\/\/justicapotiguar.com.br\/index.php\/wp-json\/wp\/v2\/users\/5"}],"replies":[{"embeddable":true,"href":"https:\/\/justicapotiguar.com.br\/index.php\/wp-json\/wp\/v2\/comments?post=34972"}],"version-history":[{"count":1,"href":"https:\/\/justicapotiguar.com.br\/index.php\/wp-json\/wp\/v2\/posts\/34972\/revisions"}],"predecessor-version":[{"id":34973,"href":"https:\/\/justicapotiguar.com.br\/index.php\/wp-json\/wp\/v2\/posts\/34972\/revisions\/34973"}],"wp:attachment":[{"href":"https:\/\/justicapotiguar.com.br\/index.php\/wp-json\/wp\/v2\/media?parent=34972"}],"wp:term":[{"taxonomy":"category","embeddable":true,"href":"https:\/\/justicapotiguar.com.br\/index.php\/wp-json\/wp\/v2\/categories?post=34972"},{"taxonomy":"post_tag","embeddable":true,"href":"https:\/\/justicapotiguar.com.br\/index.php\/wp-json\/wp\/v2\/tags?post=34972"}],"curies":[{"name":"wp","href":"https:\/\/api.w.org\/{rel}","templated":true}]}}