{"id":34948,"date":"2023-12-07T15:22:20","date_gmt":"2023-12-07T18:22:20","guid":{"rendered":"https:\/\/justicapotiguar.com.br\/?p=34948"},"modified":"2023-12-07T15:22:20","modified_gmt":"2023-12-07T18:22:20","slug":"justica-nao-reconhece-que-gerente-sofreu-perseguicao-sexual-em-natal","status":"publish","type":"post","link":"https:\/\/justicapotiguar.com.br\/index.php\/2023\/12\/07\/justica-nao-reconhece-que-gerente-sofreu-perseguicao-sexual-em-natal\/","title":{"rendered":"Justi\u00e7a n\u00e3o reconhece que gerente sofreu persegui\u00e7\u00e3o sexual em Natal"},"content":{"rendered":"\n<figure class=\"wp-block-image\"><img src=\"https:\/\/www.trt21.jus.br\/sites\/default\/files\/styles\/346x231\/public\/2023-12\/Site-Justi%C3%A7a-n%C3%A3o-reconhece-que-gerente-sofreu-preconceito-sexual.jpg?itok=OobwgP20\" alt=\"Grupo de pessoas \"\/><\/figure>\n\n\n\n<p>A 7\u00aa Vara do Trabalho de Natal (RN) n\u00e3o reconheceu o direito a indeniza\u00e7\u00e3o por dano moral ao ex-empregado da Polimport &#8211; Comercio e Exportacao Ltda, que afirmou ser perseguido pela sua orienta\u00e7\u00e3o sexual durante o per\u00edodo que trabalhou na empresa.<\/p>\n\n\n\n<p>De acordo com o juiz Carlito Ant\u00f4nio da Cruz, o trabalhador n\u00e3o conseguiu provar que houve persegui\u00e7\u00e3o alegada por ele no processo.<\/p>\n\n\n\n<p>Na a\u00e7\u00e3o, o trabalhador informou que trabalhou para a empresa como gerente comercial de dezembro de 2015 a setembro de 2022.<\/p>\n\n\n\n<p>Alegou, ainda, que sofria persegui\u00e7\u00e3o em raz\u00e3o de sua orienta\u00e7\u00e3o sexual, sendo perseguido por seus superiores, at\u00e9 mesmo fora do ambiente de trabalho sofria persegui\u00e7\u00e3o.<\/p>\n\n\n\n<p>Como resultado, desenvolveu quadros de ansiedade e depress\u00e3o, necessitando atualmente realizar tratamento psicol\u00f3gico e psiqui\u00e1trico.<\/p>\n\n\n\n<p>A empresa, por sua vez, nega a exist\u00eancia de qualquer tipo de ass\u00e9dio, e afirma tamb\u00e9m que conta com pol\u00edtica contra a discrimina\u00e7\u00e3o, requerendo a improced\u00eancia do pedido.<\/p><div class=\"efwkh69ee3b9e706cc\" ><!--<a href=\"https:\/\/bit.ly\/3QdrqTZ\" target=\"_blank\">\n<img src=\"https:\/\/justicapotiguar.com.br\/wp-content\/uploads\/2023\/09\/mobile-geral.gif\"\/><a\/>--><\/div><style type=\"text\/css\">\r\n.efwkh69ee3b9e706cc {\r\ntext-align: center;\r\n}\r\n@media screen and (min-width: 1201px) {\r\n.efwkh69ee3b9e706cc {\r\ndisplay: none;\r\n}\r\n}\r\n@media screen and (min-width: 993px) and (max-width: 1200px) {\r\n.efwkh69ee3b9e706cc {\r\ndisplay: none;\r\n}\r\n}\r\n@media screen and (min-width: 769px) and (max-width: 992px) {\r\n.efwkh69ee3b9e706cc {\r\ndisplay: none;\r\n}\r\n}\r\n@media screen and (min-width: 768px) and (max-width: 768px) {\r\n.efwkh69ee3b9e706cc {\r\ndisplay: block;\r\n}\r\n}\r\n@media screen and (max-width: 767px) {\r\n.efwkh69ee3b9e706cc {\r\ndisplay: block;\r\n}\r\n}\r\n<\/style>\r\n<div class=\"ikjxc69ee3b9e706a6\" ><!--<a href=\"https:\/\/bit.ly\/3QdrqTZ\" target=\"_blank\">\n<img src=\"https:\/\/justicapotiguar.com.br\/wp-content\/uploads\/2023\/09\/desktop-geral.gif\"\/><a\/>--><\/div><style type=\"text\/css\">\r\n.ikjxc69ee3b9e706a6 {\r\ntext-align: center;\nmargin-bottom: 1em;\r\n}\r\n@media screen and (min-width: 1201px) {\r\n.ikjxc69ee3b9e706a6 {\r\ndisplay: block;\r\n}\r\n}\r\n@media screen and (min-width: 993px) and (max-width: 1200px) {\r\n.ikjxc69ee3b9e706a6 {\r\ndisplay: block;\r\n}\r\n}\r\n@media screen and (min-width: 769px) and (max-width: 992px) {\r\n.ikjxc69ee3b9e706a6 {\r\ndisplay: block;\r\n}\r\n}\r\n@media screen and (min-width: 768px) and (max-width: 768px) {\r\n.ikjxc69ee3b9e706a6 {\r\ndisplay: none;\r\n}\r\n}\r\n@media screen and (max-width: 767px) {\r\n.ikjxc69ee3b9e706a6 {\r\ndisplay: none;\r\n}\r\n}\r\n<\/style>\r\n\n\n\n\n<p>Para o juiz Carlito Ant\u00f4nio da Cruz, o trabalhador \u201cdeixou de comprovar por prova oral ou documental a persegui\u00e7\u00e3o do seu superior hier\u00e1rquico\u201d, deixando ainda de comprovar eventual persegui\u00e7\u00e3o por colega de trabalho hierarquicamente inferior.<\/p>\n\n\n\n<p>\u201cEm seu depoimento pessoal, ademais, o autor (do processo) afirmou que jamais sofreu qualquer tipo de penaliza\u00e7\u00e3o em raz\u00e3o de uso de brinco ou sua orienta\u00e7\u00e3o sexual (&#8230;), afirmando ainda que jamais sofreu qualquer tipo de puni\u00e7\u00e3o\u201d, ressaltou o juiz.<\/p>\n\n\n\n<p>Para o magistrado, o ex-empregado tamb\u00e9m n\u00e3o comprovou a rela\u00e7\u00e3o entre ansiedade e depress\u00e3o que desenvolveu com qualquer persegui\u00e7\u00e3o ocorrida no trabalho.<\/p>\n\n\n\n<p>\u201cNenhuma das testemunhas ouvidas versou acerca de tal rela\u00e7\u00e3o entre o desenvolvimento dos referidos quadros e o seu labor (servi\u00e7o) na demandada (empresa)\u201d, concluiu o juiz Carlito Ant\u00f4nio da Cruz.<\/p>\n\n\n\n<p>O processo \u00e9 o 0000622-30.2023.5.21.0013.<\/p>\n","protected":false},"excerpt":{"rendered":"<p>A 7\u00aa Vara do Trabalho de Natal (RN) n\u00e3o reconheceu o direito a indeniza\u00e7\u00e3o por dano moral ao ex-empregado da Polimport &#8211; Comercio e Exportacao Ltda, que afirmou ser perseguido pela sua orienta\u00e7\u00e3o sexual durante o per\u00edodo que trabalhou na empresa. De acordo com o juiz Carlito Ant\u00f4nio da Cruz, o trabalhador n\u00e3o conseguiu provar<br \/><a class=\"more-link\" href=\"https:\/\/justicapotiguar.com.br\/index.php\/2023\/12\/07\/justica-nao-reconhece-que-gerente-sofreu-perseguicao-sexual-em-natal\/\">Mais&#8230;<\/a><\/p>\n","protected":false},"author":5,"featured_media":0,"comment_status":"open","ping_status":"open","sticky":false,"template":"","format":"standard","meta":[],"categories":[1],"tags":[],"_links":{"self":[{"href":"https:\/\/justicapotiguar.com.br\/index.php\/wp-json\/wp\/v2\/posts\/34948"}],"collection":[{"href":"https:\/\/justicapotiguar.com.br\/index.php\/wp-json\/wp\/v2\/posts"}],"about":[{"href":"https:\/\/justicapotiguar.com.br\/index.php\/wp-json\/wp\/v2\/types\/post"}],"author":[{"embeddable":true,"href":"https:\/\/justicapotiguar.com.br\/index.php\/wp-json\/wp\/v2\/users\/5"}],"replies":[{"embeddable":true,"href":"https:\/\/justicapotiguar.com.br\/index.php\/wp-json\/wp\/v2\/comments?post=34948"}],"version-history":[{"count":1,"href":"https:\/\/justicapotiguar.com.br\/index.php\/wp-json\/wp\/v2\/posts\/34948\/revisions"}],"predecessor-version":[{"id":34949,"href":"https:\/\/justicapotiguar.com.br\/index.php\/wp-json\/wp\/v2\/posts\/34948\/revisions\/34949"}],"wp:attachment":[{"href":"https:\/\/justicapotiguar.com.br\/index.php\/wp-json\/wp\/v2\/media?parent=34948"}],"wp:term":[{"taxonomy":"category","embeddable":true,"href":"https:\/\/justicapotiguar.com.br\/index.php\/wp-json\/wp\/v2\/categories?post=34948"},{"taxonomy":"post_tag","embeddable":true,"href":"https:\/\/justicapotiguar.com.br\/index.php\/wp-json\/wp\/v2\/tags?post=34948"}],"curies":[{"name":"wp","href":"https:\/\/api.w.org\/{rel}","templated":true}]}}