{"id":34933,"date":"2023-12-06T16:49:44","date_gmt":"2023-12-06T19:49:44","guid":{"rendered":"https:\/\/justicapotiguar.com.br\/?p=34933"},"modified":"2023-12-06T16:49:44","modified_gmt":"2023-12-06T19:49:44","slug":"aplicacao-de-plano-de-cargos-exige-analise-individualizada-para-cada-servidor","status":"publish","type":"post","link":"https:\/\/justicapotiguar.com.br\/index.php\/2023\/12\/06\/aplicacao-de-plano-de-cargos-exige-analise-individualizada-para-cada-servidor\/","title":{"rendered":"Aplica\u00e7\u00e3o de plano de cargos exige an\u00e1lise individualizada para cada servidor"},"content":{"rendered":"\n<figure class=\"wp-block-image size-large\"><img loading=\"lazy\" width=\"1024\" height=\"678\" src=\"https:\/\/justicapotiguar.com.br\/wp-content\/uploads\/2020\/03\/iStock-638601140_justica-1024x678-1-1024x678.jpg\" alt=\"\" class=\"wp-image-7129\" srcset=\"https:\/\/justicapotiguar.com.br\/wp-content\/uploads\/2020\/03\/iStock-638601140_justica-1024x678-1.jpg 1024w, https:\/\/justicapotiguar.com.br\/wp-content\/uploads\/2020\/03\/iStock-638601140_justica-1024x678-1-300x199.jpg 300w, https:\/\/justicapotiguar.com.br\/wp-content\/uploads\/2020\/03\/iStock-638601140_justica-1024x678-1-768x509.jpg 768w\" sizes=\"(max-width: 1024px) 100vw, 1024px\" \/><\/figure>\n\n\n\n<p>A 2\u00aa C\u00e2mara C\u00edvel do TJRN reformou, em parte, senten\u00e7a inicial, dada pela Vara da Fazenda P\u00fablica da Comarca de Parnamirim, apenas para determinar que o munic\u00edpio realize a implanta\u00e7\u00e3o do que est\u00e1 definido nos termos na Lei Municipal n\u00ba 900\/1996, relacionada ao Plano de Cargos dos servidores, em montante a ser apurado em liquida\u00e7\u00e3o de senten\u00e7a. Contudo, a relatora do recurso, desembargadora Lourdes Azev\u00eado, negou provimento ao pleito recursal em rela\u00e7\u00e3o aos demais autores.<\/p>\n\n\n\n<p>No recurso, os apelantes sustentaram que possuem direito ao enquadramento pleiteado, com o pagamento da diferen\u00e7a salarial em raz\u00e3o da n\u00e3o implanta\u00e7\u00e3o do padr\u00e3o remunerat\u00f3rio conforme a Lei Municipal n\u00ba 900\/16, instituidora do Plano de Cargos, Carreiras e Sal\u00e1rios \u2013 PCCS. Entendimento diverso, parcialmente, no \u00f3rg\u00e3o julgador.<\/p>\n\n\n\n<p>\u201cFaz-se necess\u00e1rio o exame individualizado da situa\u00e7\u00e3o de cada autor, uma vez que o enquadramento pleiteado ser\u00e1 devido apenas para os servidores que ingressaram na carreira em data anterior \u00e0 vig\u00eancia da Lei Complementar n\u00ba 13\/2003, publicada em 15 de julho daquele ano\u201d, explica a relatora.<\/p><div class=\"mjvcd69ee357a19798\" ><!--<a href=\"https:\/\/bit.ly\/3QdrqTZ\" target=\"_blank\">\n<img src=\"https:\/\/justicapotiguar.com.br\/wp-content\/uploads\/2023\/09\/mobile-geral.gif\"\/><a\/>--><\/div><style type=\"text\/css\">\r\n.mjvcd69ee357a19798 {\r\ntext-align: center;\r\n}\r\n@media screen and (min-width: 1201px) {\r\n.mjvcd69ee357a19798 {\r\ndisplay: none;\r\n}\r\n}\r\n@media screen and (min-width: 993px) and (max-width: 1200px) {\r\n.mjvcd69ee357a19798 {\r\ndisplay: none;\r\n}\r\n}\r\n@media screen and (min-width: 769px) and (max-width: 992px) {\r\n.mjvcd69ee357a19798 {\r\ndisplay: none;\r\n}\r\n}\r\n@media screen and (min-width: 768px) and (max-width: 768px) {\r\n.mjvcd69ee357a19798 {\r\ndisplay: block;\r\n}\r\n}\r\n@media screen and (max-width: 767px) {\r\n.mjvcd69ee357a19798 {\r\ndisplay: block;\r\n}\r\n}\r\n<\/style>\r\n<div class=\"nzsmj69ee357a19785\" ><!--<a href=\"https:\/\/bit.ly\/3QdrqTZ\" target=\"_blank\">\n<img src=\"https:\/\/justicapotiguar.com.br\/wp-content\/uploads\/2023\/09\/desktop-geral.gif\"\/><a\/>--><\/div><style type=\"text\/css\">\r\n.nzsmj69ee357a19785 {\r\ntext-align: center;\nmargin-bottom: 1em;\r\n}\r\n@media screen and (min-width: 1201px) {\r\n.nzsmj69ee357a19785 {\r\ndisplay: block;\r\n}\r\n}\r\n@media screen and (min-width: 993px) and (max-width: 1200px) {\r\n.nzsmj69ee357a19785 {\r\ndisplay: block;\r\n}\r\n}\r\n@media screen and (min-width: 769px) and (max-width: 992px) {\r\n.nzsmj69ee357a19785 {\r\ndisplay: block;\r\n}\r\n}\r\n@media screen and (min-width: 768px) and (max-width: 768px) {\r\n.nzsmj69ee357a19785 {\r\ndisplay: none;\r\n}\r\n}\r\n@media screen and (max-width: 767px) {\r\n.nzsmj69ee357a19785 {\r\ndisplay: none;\r\n}\r\n}\r\n<\/style>\r\n\n\n\n\n<p>Segundo a decis\u00e3o, com rela\u00e7\u00e3o aos precedentes dos Juizados de Parnamirim indicados pela parte recorrente no sentido de julgar procedente pleitos semelhantes ao dos presentes autos (processos n\u00ba 0800912-22.2019.8.20.5124 e n\u00ba 0800917-44.2019.8.20.5124), quanto a esses, os autores ingressaram nos quadros do munic\u00edpio demandado na vig\u00eancia da lei anterior (n\u00ba 900\/96), diferente de alguns dos autores da demanda, que ingressaram j\u00e1 na vig\u00eancia da Lei Complementar n\u00ba 13\/2003, a qual disciplinou a estrutura de seus cargos, sobretudo a remunera\u00e7\u00e3o, n\u00e3o se aplicando o artigo 2\u00ba dessa lei complementar.<\/p>\n\n\n\n<p>\u201cAssim, ante a aus\u00eancia de previs\u00e3o legal, n\u00e3o h\u00e1 que se falar em direito \u00e0 evolu\u00e7\u00e3o funcional pleiteada para os autores acima elencados, visto que a Lei n\u00ba 900\/96 n\u00e3o mais produz efeitos em rela\u00e7\u00e3o aos cargos dispostos na Lei n\u00ba 13\/2003\u201d, enfatiza.<\/p>\n","protected":false},"excerpt":{"rendered":"<p>A 2\u00aa C\u00e2mara C\u00edvel do TJRN reformou, em parte, senten\u00e7a inicial, dada pela Vara da Fazenda P\u00fablica da Comarca de Parnamirim, apenas para determinar que o munic\u00edpio realize a implanta\u00e7\u00e3o do que est\u00e1 definido nos termos na Lei Municipal n\u00ba 900\/1996, relacionada ao Plano de Cargos dos servidores, em montante a ser apurado em liquida\u00e7\u00e3o<br \/><a class=\"more-link\" href=\"https:\/\/justicapotiguar.com.br\/index.php\/2023\/12\/06\/aplicacao-de-plano-de-cargos-exige-analise-individualizada-para-cada-servidor\/\">Mais&#8230;<\/a><\/p>\n","protected":false},"author":5,"featured_media":0,"comment_status":"open","ping_status":"open","sticky":false,"template":"","format":"standard","meta":[],"categories":[1],"tags":[],"_links":{"self":[{"href":"https:\/\/justicapotiguar.com.br\/index.php\/wp-json\/wp\/v2\/posts\/34933"}],"collection":[{"href":"https:\/\/justicapotiguar.com.br\/index.php\/wp-json\/wp\/v2\/posts"}],"about":[{"href":"https:\/\/justicapotiguar.com.br\/index.php\/wp-json\/wp\/v2\/types\/post"}],"author":[{"embeddable":true,"href":"https:\/\/justicapotiguar.com.br\/index.php\/wp-json\/wp\/v2\/users\/5"}],"replies":[{"embeddable":true,"href":"https:\/\/justicapotiguar.com.br\/index.php\/wp-json\/wp\/v2\/comments?post=34933"}],"version-history":[{"count":1,"href":"https:\/\/justicapotiguar.com.br\/index.php\/wp-json\/wp\/v2\/posts\/34933\/revisions"}],"predecessor-version":[{"id":34934,"href":"https:\/\/justicapotiguar.com.br\/index.php\/wp-json\/wp\/v2\/posts\/34933\/revisions\/34934"}],"wp:attachment":[{"href":"https:\/\/justicapotiguar.com.br\/index.php\/wp-json\/wp\/v2\/media?parent=34933"}],"wp:term":[{"taxonomy":"category","embeddable":true,"href":"https:\/\/justicapotiguar.com.br\/index.php\/wp-json\/wp\/v2\/categories?post=34933"},{"taxonomy":"post_tag","embeddable":true,"href":"https:\/\/justicapotiguar.com.br\/index.php\/wp-json\/wp\/v2\/tags?post=34933"}],"curies":[{"name":"wp","href":"https:\/\/api.w.org\/{rel}","templated":true}]}}