{"id":34928,"date":"2023-12-06T12:15:40","date_gmt":"2023-12-06T15:15:40","guid":{"rendered":"https:\/\/justicapotiguar.com.br\/?p=34928"},"modified":"2023-12-06T12:15:40","modified_gmt":"2023-12-06T15:15:40","slug":"mprn-perto-de-voce-abre-pontos-especiais-de-atendimento-a-populacao-ate-quinta-7","status":"publish","type":"post","link":"https:\/\/justicapotiguar.com.br\/index.php\/2023\/12\/06\/mprn-perto-de-voce-abre-pontos-especiais-de-atendimento-a-populacao-ate-quinta-7\/","title":{"rendered":"MPRN Perto de Voc\u00ea abre pontos especiais de atendimento \u00e0 popula\u00e7\u00e3o at\u00e9 quinta (7)"},"content":{"rendered":"\n<figure class=\"wp-block-image\"><img src=\"https:\/\/www.mprn.mp.br\/wp-content\/uploads\/2023\/12\/WhatsApp-Image-2023-12-05-at-19.07.39-1.jpeg\" alt=\"Imagem de um servidor do MPRN realizando atendimento a um cidad\u00e3o\" class=\"wp-image-20199\"\/><\/figure>\n\n\n\n<p>O Minist\u00e9rio P\u00fablico do Estado do Rio Grande do Norte, atrav\u00e9s do projeto MPRN Perto de Voc\u00ea, abriu nesta ter\u00e7a-feira (5) quatro pontos de atendimento especiais espalhados em todas as zonas da capital potiguar. A a\u00e7\u00e3o segue at\u00e9 a quinta-feira (7) e promove espa\u00e7os de atendimento para a popula\u00e7\u00e3o potiguar junto a \u00f3rg\u00e3o nos bairros de M\u00e3e Lu\u00edza, Ponta Negra, Nossa Senhora de Nazar\u00e9 e no Potengi.<\/p>\n\n\n\n<p>O projeto MPRN Perto de Voc\u00ea busca promover mecanismos para aproximar a institui\u00e7\u00e3o e a sociedade potiguar atrav\u00e9s da realiza\u00e7\u00e3o de a\u00e7\u00f5es de atendimento ao p\u00fablico e incentivo \u00e0 concretiza\u00e7\u00e3o de pol\u00edticas p\u00fablicas. A programa\u00e7\u00e3o conta com eventos simult\u00e2neos e visitas institucionais, al\u00e9m de capacita\u00e7\u00f5es, forma\u00e7\u00f5es e palestras.<\/p>\n\n\n\n<p>Na \u00e1rea do atendimento ao p\u00fablico, a institui\u00e7\u00e3o abriu um ponto de atendimento em cada zona de Natal. Na zona Sul, o atendimento est\u00e1 acontecendo no Conselho Comunit\u00e1rio da Vila de Ponta Negra. Na zona Leste, a a\u00e7\u00e3o foi concentrada no Centro S\u00f3cio-Pastoral Nossa Senhora da Concei\u00e7\u00e3o, em M\u00e3e Lu\u00edza. Na zona Oeste, o ponto de atendimento foi aberto no Creas Oeste. J\u00e1 na zona Norte, o Partage Norte Shopping recebeu uma estrutura especial para atendimento \u00e0 popula\u00e7\u00e3o.<\/p>\n\n\n\n<p>\u201cA pessoa pode vir aqui para ser atendida de todas as formas, seja para tirar d\u00favidas, seja para fazer alguma den\u00fancia, seja para ser encaminhada para outro \u00f3rg\u00e3o. A gente vai fazer o atendimento, explicar como o MPRN atua e o que pode ser feito no caso dela\u201d, explica o servidor do MPRN Joedson Morais.<\/p>\n\n\n\n<p><strong>Rodas de Conversa<\/strong><\/p>\n\n\n\n<p>Al\u00e9m dos atendimentos ao p\u00fablico, a programa\u00e7\u00e3o do dia contou ainda com capacita\u00e7\u00f5es e rodas de conversa. Pela manh\u00e3, o IFRN Zona Norte recebeu uma roda de conversa sobre os direitos das pessoas com defici\u00eancia e a atua\u00e7\u00e3o do Minist\u00e9rio P\u00fablico. Na UERN, foram realizadas audi\u00eancias de Acordos de N\u00e3o-persecu\u00e7\u00e3o Penal (ANPP).<\/p>\n\n\n\n<p>A UERN recebeu ainda uma roda de conversa com mulheres com medidas protetivas residentes na Zona Norte. A iniciativa foi promovida pelo N\u00facleo de Apoio \u00e0 Mulher V\u00edtima da Viol\u00eancia Dom\u00e9stica e Familiar (NAMVID). \u201cHoje promovemos aqui uma reuni\u00e3o com mulheres indicadas pelas duas promotorias de viol\u00eancia dom\u00e9stica de Natal que tiveram medidas protetivas deferidas. Reunimos essas mulheres para tirar d\u00favidas de como agir em caso de descumprimento dessa medida, o que fazer, quais s\u00e3o os tipos de viol\u00eancia e aproximar mais essas mulheres da rede local do servi\u00e7o social\u201d, explica a promotora de Justi\u00e7a Mariana Barbalho.<\/p><div class=\"qkngl69f3750257a16\" ><!--<a href=\"https:\/\/bit.ly\/3QdrqTZ\" target=\"_blank\">\n<img src=\"https:\/\/justicapotiguar.com.br\/wp-content\/uploads\/2023\/09\/mobile-geral.gif\"\/><a\/>--><\/div><style type=\"text\/css\">\r\n.qkngl69f3750257a16 {\r\ntext-align: center;\r\n}\r\n@media screen and (min-width: 1201px) {\r\n.qkngl69f3750257a16 {\r\ndisplay: none;\r\n}\r\n}\r\n@media screen and (min-width: 993px) and (max-width: 1200px) {\r\n.qkngl69f3750257a16 {\r\ndisplay: none;\r\n}\r\n}\r\n@media screen and (min-width: 769px) and (max-width: 992px) {\r\n.qkngl69f3750257a16 {\r\ndisplay: none;\r\n}\r\n}\r\n@media screen and (min-width: 768px) and (max-width: 768px) {\r\n.qkngl69f3750257a16 {\r\ndisplay: block;\r\n}\r\n}\r\n@media screen and (max-width: 767px) {\r\n.qkngl69f3750257a16 {\r\ndisplay: block;\r\n}\r\n}\r\n<\/style>\r\n<div class=\"nmobf69f37502579f7\" ><!--<a href=\"https:\/\/bit.ly\/3QdrqTZ\" target=\"_blank\">\n<img src=\"https:\/\/justicapotiguar.com.br\/wp-content\/uploads\/2023\/09\/desktop-geral.gif\"\/><a\/>--><\/div><style type=\"text\/css\">\r\n.nmobf69f37502579f7 {\r\ntext-align: center;\nmargin-bottom: 1em;\r\n}\r\n@media screen and (min-width: 1201px) {\r\n.nmobf69f37502579f7 {\r\ndisplay: block;\r\n}\r\n}\r\n@media screen and (min-width: 993px) and (max-width: 1200px) {\r\n.nmobf69f37502579f7 {\r\ndisplay: block;\r\n}\r\n}\r\n@media screen and (min-width: 769px) and (max-width: 992px) {\r\n.nmobf69f37502579f7 {\r\ndisplay: block;\r\n}\r\n}\r\n@media screen and (min-width: 768px) and (max-width: 768px) {\r\n.nmobf69f37502579f7 {\r\ndisplay: none;\r\n}\r\n}\r\n@media screen and (max-width: 767px) {\r\n.nmobf69f37502579f7 {\r\ndisplay: none;\r\n}\r\n}\r\n<\/style>\r\n\n\n\n\n<p><strong>Servi\u00e7o<\/strong><\/p>\n\n\n\n<p>MPRN Perto de Voc\u00ea \u2013 Atendimento Geral<\/p>\n\n\n\n<p><strong>ZONA SUL<\/strong><br>HORA: 8H \u00c0S12H<br>LOCAL: CONSELHO COMUNIT\u00c1RIO DE PONTA NEGRA<\/p>\n\n\n\n<p><strong>ZONA LESTE<\/strong><br>HORA: 8H \u00c0S 12H<br>LOCAL: CENTRO PASTORAL NOSSA SRA DA CONCEI\u00c7\u00c3O \u2013 M\u00c3E LUIZA<\/p>\n\n\n\n<p><strong>ZONA OESTE<\/strong><br>HORA: 8H \u00c0S 12H<br>LOCAL: CREAS ZONA OESTE<\/p>\n\n\n\n<p><strong>ZONA NORTE<\/strong><br>HORA: 10H \u00c0S 19H<br>LOCAL: PARTAGE NORTE SHOPPING<\/p>\n","protected":false},"excerpt":{"rendered":"<p>O Minist\u00e9rio P\u00fablico do Estado do Rio Grande do Norte, atrav\u00e9s do projeto MPRN Perto de Voc\u00ea, abriu nesta ter\u00e7a-feira (5) quatro pontos de atendimento especiais espalhados em todas as zonas da capital potiguar. A a\u00e7\u00e3o segue at\u00e9 a quinta-feira (7) e promove espa\u00e7os de atendimento para a popula\u00e7\u00e3o potiguar junto a \u00f3rg\u00e3o nos bairros<br \/><a class=\"more-link\" href=\"https:\/\/justicapotiguar.com.br\/index.php\/2023\/12\/06\/mprn-perto-de-voce-abre-pontos-especiais-de-atendimento-a-populacao-ate-quinta-7\/\">Mais&#8230;<\/a><\/p>\n","protected":false},"author":5,"featured_media":0,"comment_status":"open","ping_status":"open","sticky":false,"template":"","format":"standard","meta":[],"categories":[1],"tags":[],"_links":{"self":[{"href":"https:\/\/justicapotiguar.com.br\/index.php\/wp-json\/wp\/v2\/posts\/34928"}],"collection":[{"href":"https:\/\/justicapotiguar.com.br\/index.php\/wp-json\/wp\/v2\/posts"}],"about":[{"href":"https:\/\/justicapotiguar.com.br\/index.php\/wp-json\/wp\/v2\/types\/post"}],"author":[{"embeddable":true,"href":"https:\/\/justicapotiguar.com.br\/index.php\/wp-json\/wp\/v2\/users\/5"}],"replies":[{"embeddable":true,"href":"https:\/\/justicapotiguar.com.br\/index.php\/wp-json\/wp\/v2\/comments?post=34928"}],"version-history":[{"count":1,"href":"https:\/\/justicapotiguar.com.br\/index.php\/wp-json\/wp\/v2\/posts\/34928\/revisions"}],"predecessor-version":[{"id":34929,"href":"https:\/\/justicapotiguar.com.br\/index.php\/wp-json\/wp\/v2\/posts\/34928\/revisions\/34929"}],"wp:attachment":[{"href":"https:\/\/justicapotiguar.com.br\/index.php\/wp-json\/wp\/v2\/media?parent=34928"}],"wp:term":[{"taxonomy":"category","embeddable":true,"href":"https:\/\/justicapotiguar.com.br\/index.php\/wp-json\/wp\/v2\/categories?post=34928"},{"taxonomy":"post_tag","embeddable":true,"href":"https:\/\/justicapotiguar.com.br\/index.php\/wp-json\/wp\/v2\/tags?post=34928"}],"curies":[{"name":"wp","href":"https:\/\/api.w.org\/{rel}","templated":true}]}}