{"id":34900,"date":"2023-12-04T17:11:48","date_gmt":"2023-12-04T20:11:48","guid":{"rendered":"https:\/\/justicapotiguar.com.br\/?p=34900"},"modified":"2023-12-04T17:11:48","modified_gmt":"2023-12-04T20:11:48","slug":"mprn-perto-de-voce-tera-acao-do-projeto-pai-legal-na-edicao-especial-zona-norte","status":"publish","type":"post","link":"https:\/\/justicapotiguar.com.br\/index.php\/2023\/12\/04\/mprn-perto-de-voce-tera-acao-do-projeto-pai-legal-na-edicao-especial-zona-norte\/","title":{"rendered":"MPRN Perto de Voc\u00ea ter\u00e1 a\u00e7\u00e3o do projeto Pai Legal na edi\u00e7\u00e3o especial zona Norte"},"content":{"rendered":"\n<figure class=\"wp-block-image\"><img src=\"https:\/\/www.mprn.mp.br\/wp-content\/uploads\/2023\/12\/WhatsApp-Image-2023-12-01-at-15.43.36.jpeg\" alt=\"Imagem de uma coleta de sangue para exame de investiga\u00e7\u00e3o de paternidade\" class=\"wp-image-20094\"\/><\/figure>\n\n\n\n<p>O Minist\u00e9rio P\u00fablico do Rio Grande do Norte (MPRN) ir\u00e1 realizar uma edi\u00e7\u00e3o especial do MPRN Perto de Voc\u00ea entre os dias 4 e 7 de dezembro. Dentro deste evento, ser\u00e1 realizada uma a\u00e7\u00e3o do projeto Pai Legal, marcada para acontecer em 6 de dezembro, das 9h \u00e0s 17h, na Universidade do Estado do Rio Grande do Norte (UERN).<\/p>\n\n\n\n<p>Essa a\u00e7\u00e3o est\u00e1 sendo organizada e ser\u00e1 executada pelas 7\u00aa e 50\u00aa Promotorias de Justi\u00e7a de Natal. O projeto, sempre \u00e9 desenvolvido por ades\u00e3o das Promotorias de Justi\u00e7a que trabalham na \u00e1rea de fam\u00edlia e consiste em buscar garantir o nome do genitor na certid\u00e3o de nascimento de crian\u00e7as que ainda n\u00e3o tem a paternidade inserida formalmente no documento.<\/p>\n\n\n\n<p>Inicialmente, as unidades ministeriais fazem um levantamento pr\u00e9vio, normalmente junto a escolas, para identificar crian\u00e7as e adolescentes que n\u00e3o apresentam a filia\u00e7\u00e3o paterna no RG. A partir disso, \u00e9 instaurado um procedimento extrajudicial. Nesse momento, as m\u00e3es s\u00e3o convidadas a prestar esclarecimentos sobre a paternidade.<\/p>\n\n\n\n<p>Em seguida, busca-se a identifica\u00e7\u00e3o do suposto pai e a tentativa de reconhecimento volunt\u00e1rio ou a realiza\u00e7\u00e3o de exame de DNA, caso n\u00e3o seja reconhecido espontaneamente. Em situa\u00e7\u00f5es mais complexas, pode ser necess\u00e1rio o ajuizamento de a\u00e7\u00e3o de investiga\u00e7\u00e3o de paternidade. H\u00e1 ainda a possibilidade de se reconhecer a filia\u00e7\u00e3o socioafetiva quando h\u00e1 elementos para tanto.<\/p><div class=\"lyjkq69ee2386a1733\" ><!--<a href=\"https:\/\/bit.ly\/3QdrqTZ\" target=\"_blank\">\n<img src=\"https:\/\/justicapotiguar.com.br\/wp-content\/uploads\/2023\/09\/mobile-geral.gif\"\/><a\/>--><\/div><style type=\"text\/css\">\r\n.lyjkq69ee2386a1733 {\r\ntext-align: center;\r\n}\r\n@media screen and (min-width: 1201px) {\r\n.lyjkq69ee2386a1733 {\r\ndisplay: none;\r\n}\r\n}\r\n@media screen and (min-width: 993px) and (max-width: 1200px) {\r\n.lyjkq69ee2386a1733 {\r\ndisplay: none;\r\n}\r\n}\r\n@media screen and (min-width: 769px) and (max-width: 992px) {\r\n.lyjkq69ee2386a1733 {\r\ndisplay: none;\r\n}\r\n}\r\n@media screen and (min-width: 768px) and (max-width: 768px) {\r\n.lyjkq69ee2386a1733 {\r\ndisplay: block;\r\n}\r\n}\r\n@media screen and (max-width: 767px) {\r\n.lyjkq69ee2386a1733 {\r\ndisplay: block;\r\n}\r\n}\r\n<\/style>\r\n<div class=\"qgprd69ee2386a171e\" ><!--<a href=\"https:\/\/bit.ly\/3QdrqTZ\" target=\"_blank\">\n<img src=\"https:\/\/justicapotiguar.com.br\/wp-content\/uploads\/2023\/09\/desktop-geral.gif\"\/><a\/>--><\/div><style type=\"text\/css\">\r\n.qgprd69ee2386a171e {\r\ntext-align: center;\nmargin-bottom: 1em;\r\n}\r\n@media screen and (min-width: 1201px) {\r\n.qgprd69ee2386a171e {\r\ndisplay: block;\r\n}\r\n}\r\n@media screen and (min-width: 993px) and (max-width: 1200px) {\r\n.qgprd69ee2386a171e {\r\ndisplay: block;\r\n}\r\n}\r\n@media screen and (min-width: 769px) and (max-width: 992px) {\r\n.qgprd69ee2386a171e {\r\ndisplay: block;\r\n}\r\n}\r\n@media screen and (min-width: 768px) and (max-width: 768px) {\r\n.qgprd69ee2386a171e {\r\ndisplay: none;\r\n}\r\n}\r\n@media screen and (max-width: 767px) {\r\n.qgprd69ee2386a171e {\r\ndisplay: none;\r\n}\r\n}\r\n<\/style>\r\n\n\n\n\n<p>Assim, durante a a\u00e7\u00e3o, ser\u00e3o oferecidos testes de DNA e atendimento aos pais e filhos. O atendimento inicial ser\u00e1 realizado pelos servidores do MPRN e, caso necess\u00e1rio, ser\u00e1 feita a coleta de DNA, seja por sangue ou saliva. A demanda \u00e9 livre e qualquer pessoa interessada pode participar.<\/p>\n\n\n\n<p><strong>MPRN Perto de Voc\u00ea<\/strong><\/p>\n\n\n\n<p>Trata-se de um projeto que visa aproximar a institui\u00e7\u00e3o e a sociedade potiguar, apresentando um retrato de como seus integrantes atuam para buscar garantir os direitos da popula\u00e7\u00e3o<\/p>\n","protected":false},"excerpt":{"rendered":"<p>O Minist\u00e9rio P\u00fablico do Rio Grande do Norte (MPRN) ir\u00e1 realizar uma edi\u00e7\u00e3o especial do MPRN Perto de Voc\u00ea entre os dias 4 e 7 de dezembro. Dentro deste evento, ser\u00e1 realizada uma a\u00e7\u00e3o do projeto Pai Legal, marcada para acontecer em 6 de dezembro, das 9h \u00e0s 17h, na Universidade do Estado do Rio<br \/><a class=\"more-link\" href=\"https:\/\/justicapotiguar.com.br\/index.php\/2023\/12\/04\/mprn-perto-de-voce-tera-acao-do-projeto-pai-legal-na-edicao-especial-zona-norte\/\">Mais&#8230;<\/a><\/p>\n","protected":false},"author":5,"featured_media":0,"comment_status":"open","ping_status":"open","sticky":false,"template":"","format":"standard","meta":[],"categories":[1],"tags":[],"_links":{"self":[{"href":"https:\/\/justicapotiguar.com.br\/index.php\/wp-json\/wp\/v2\/posts\/34900"}],"collection":[{"href":"https:\/\/justicapotiguar.com.br\/index.php\/wp-json\/wp\/v2\/posts"}],"about":[{"href":"https:\/\/justicapotiguar.com.br\/index.php\/wp-json\/wp\/v2\/types\/post"}],"author":[{"embeddable":true,"href":"https:\/\/justicapotiguar.com.br\/index.php\/wp-json\/wp\/v2\/users\/5"}],"replies":[{"embeddable":true,"href":"https:\/\/justicapotiguar.com.br\/index.php\/wp-json\/wp\/v2\/comments?post=34900"}],"version-history":[{"count":1,"href":"https:\/\/justicapotiguar.com.br\/index.php\/wp-json\/wp\/v2\/posts\/34900\/revisions"}],"predecessor-version":[{"id":34901,"href":"https:\/\/justicapotiguar.com.br\/index.php\/wp-json\/wp\/v2\/posts\/34900\/revisions\/34901"}],"wp:attachment":[{"href":"https:\/\/justicapotiguar.com.br\/index.php\/wp-json\/wp\/v2\/media?parent=34900"}],"wp:term":[{"taxonomy":"category","embeddable":true,"href":"https:\/\/justicapotiguar.com.br\/index.php\/wp-json\/wp\/v2\/categories?post=34900"},{"taxonomy":"post_tag","embeddable":true,"href":"https:\/\/justicapotiguar.com.br\/index.php\/wp-json\/wp\/v2\/tags?post=34900"}],"curies":[{"name":"wp","href":"https:\/\/api.w.org\/{rel}","templated":true}]}}