{"id":34893,"date":"2023-12-04T12:53:03","date_gmt":"2023-12-04T15:53:03","guid":{"rendered":"https:\/\/justicapotiguar.com.br\/?p=34893"},"modified":"2023-12-04T12:53:03","modified_gmt":"2023-12-04T15:53:03","slug":"candidato-e-reintegrado-ao-concurso-de-oficial-da-pmrn","status":"publish","type":"post","link":"https:\/\/justicapotiguar.com.br\/index.php\/2023\/12\/04\/candidato-e-reintegrado-ao-concurso-de-oficial-da-pmrn\/","title":{"rendered":"Candidato \u00e9 reintegrado ao concurso de oficial da PMRN"},"content":{"rendered":"\n<figure class=\"wp-block-image size-large\"><img loading=\"lazy\" width=\"1024\" height=\"683\" src=\"https:\/\/justicapotiguar.com.br\/wp-content\/uploads\/2020\/03\/policia-militar-1024x683.jpg\" alt=\"\" class=\"wp-image-7103\" srcset=\"https:\/\/justicapotiguar.com.br\/wp-content\/uploads\/2020\/03\/policia-militar.jpg 1024w, https:\/\/justicapotiguar.com.br\/wp-content\/uploads\/2020\/03\/policia-militar-300x200.jpg 300w, https:\/\/justicapotiguar.com.br\/wp-content\/uploads\/2020\/03\/policia-militar-768x512.jpg 768w\" sizes=\"(max-width: 1024px) 100vw, 1024px\" \/><figcaption>Reprodu\u00e7\u00e3o <\/figcaption><\/figure>\n\n\n\n<p>O ju\u00edzo da 5\u00aa Vara da Fazenda P\u00fablica do Estado do Rio Grande do Norte determinou a concess\u00e3o da medida liminar de tutela antecipada, que o Presidente da comiss\u00e3o do concurso para oficiais da Pol\u00edcia Militar do Estado do RN pratique os atos necess\u00e1rios para posicionar o candidato na lista de concorrentes no concurso p\u00fablico para provimento de vagas destinadas \u00e0s cotas de negros no Curso de Forma\u00e7\u00e3o para Oficiais da Pol\u00edcia Militar do Estado do Rio Grande do Norte, conforme pleiteado na inicial.<\/p>\n\n\n\n<p>O candidato, inicialmente eliminado por falta de diploma em Direito e posteriormente desligado do curso de forma\u00e7\u00e3o, conquistou uma vit\u00f3ria expressiva.<br>Agora, garante o direito de final de fila e reclassifica\u00e7\u00e3o no concurso de oficial da Pol\u00edcia Militar do Estado do Rio Grande do Norte.<\/p><div class=\"agktx69ee23596f4f7\" ><!--<a href=\"https:\/\/bit.ly\/3QdrqTZ\" target=\"_blank\">\n<img src=\"https:\/\/justicapotiguar.com.br\/wp-content\/uploads\/2023\/09\/mobile-geral.gif\"\/><a\/>--><\/div><style type=\"text\/css\">\r\n.agktx69ee23596f4f7 {\r\ntext-align: center;\r\n}\r\n@media screen and (min-width: 1201px) {\r\n.agktx69ee23596f4f7 {\r\ndisplay: none;\r\n}\r\n}\r\n@media screen and (min-width: 993px) and (max-width: 1200px) {\r\n.agktx69ee23596f4f7 {\r\ndisplay: none;\r\n}\r\n}\r\n@media screen and (min-width: 769px) and (max-width: 992px) {\r\n.agktx69ee23596f4f7 {\r\ndisplay: none;\r\n}\r\n}\r\n@media screen and (min-width: 768px) and (max-width: 768px) {\r\n.agktx69ee23596f4f7 {\r\ndisplay: block;\r\n}\r\n}\r\n@media screen and (max-width: 767px) {\r\n.agktx69ee23596f4f7 {\r\ndisplay: block;\r\n}\r\n}\r\n<\/style>\r\n<div class=\"lteev69ee23596f4e4\" ><!--<a href=\"https:\/\/bit.ly\/3QdrqTZ\" target=\"_blank\">\n<img src=\"https:\/\/justicapotiguar.com.br\/wp-content\/uploads\/2023\/09\/desktop-geral.gif\"\/><a\/>--><\/div><style type=\"text\/css\">\r\n.lteev69ee23596f4e4 {\r\ntext-align: center;\nmargin-bottom: 1em;\r\n}\r\n@media screen and (min-width: 1201px) {\r\n.lteev69ee23596f4e4 {\r\ndisplay: block;\r\n}\r\n}\r\n@media screen and (min-width: 993px) and (max-width: 1200px) {\r\n.lteev69ee23596f4e4 {\r\ndisplay: block;\r\n}\r\n}\r\n@media screen and (min-width: 769px) and (max-width: 992px) {\r\n.lteev69ee23596f4e4 {\r\ndisplay: block;\r\n}\r\n}\r\n@media screen and (min-width: 768px) and (max-width: 768px) {\r\n.lteev69ee23596f4e4 {\r\ndisplay: none;\r\n}\r\n}\r\n@media screen and (max-width: 767px) {\r\n.lteev69ee23596f4e4 {\r\ndisplay: none;\r\n}\r\n}\r\n<\/style>\r\n\n\n\n\n<p>Com a experi\u00eancia do advogado Hudson Rodrigues, especializado em concursos p\u00fablicos, a a\u00e7\u00e3o ganhou for\u00e7a ao fundamentar o direito invocado.<br>Isso pavimentou o caminho para a reclassifica\u00e7\u00e3o sem causar preju\u00edzos aos demais candidatos do certame ou \u00e0 Administra\u00e7\u00e3o P\u00fablica.<\/p>\n\n\n\n<p>&#8220;Essa conquista n\u00e3o apenas repara uma injusti\u00e7a, mas tamb\u00e9m destaca a import\u00e2ncia de profissionais qualificados na defesa dos direitos dos candidatos. A vit\u00f3ria n\u00e3o \u00e9 apenas individual, mas simboliza um passo em dire\u00e7\u00e3o \u00e0 equidade nos processos seletivos&#8221;, comentou o Dr. Hudson Rodrigues.<\/p>\n","protected":false},"excerpt":{"rendered":"<p>O ju\u00edzo da 5\u00aa Vara da Fazenda P\u00fablica do Estado do Rio Grande do Norte determinou a concess\u00e3o da medida liminar de tutela antecipada, que o Presidente da comiss\u00e3o do concurso para oficiais da Pol\u00edcia Militar do Estado do RN pratique os atos necess\u00e1rios para posicionar o candidato na lista de concorrentes no concurso p\u00fablico<br \/><a class=\"more-link\" href=\"https:\/\/justicapotiguar.com.br\/index.php\/2023\/12\/04\/candidato-e-reintegrado-ao-concurso-de-oficial-da-pmrn\/\">Mais&#8230;<\/a><\/p>\n","protected":false},"author":5,"featured_media":0,"comment_status":"open","ping_status":"open","sticky":false,"template":"","format":"standard","meta":[],"categories":[1],"tags":[],"_links":{"self":[{"href":"https:\/\/justicapotiguar.com.br\/index.php\/wp-json\/wp\/v2\/posts\/34893"}],"collection":[{"href":"https:\/\/justicapotiguar.com.br\/index.php\/wp-json\/wp\/v2\/posts"}],"about":[{"href":"https:\/\/justicapotiguar.com.br\/index.php\/wp-json\/wp\/v2\/types\/post"}],"author":[{"embeddable":true,"href":"https:\/\/justicapotiguar.com.br\/index.php\/wp-json\/wp\/v2\/users\/5"}],"replies":[{"embeddable":true,"href":"https:\/\/justicapotiguar.com.br\/index.php\/wp-json\/wp\/v2\/comments?post=34893"}],"version-history":[{"count":1,"href":"https:\/\/justicapotiguar.com.br\/index.php\/wp-json\/wp\/v2\/posts\/34893\/revisions"}],"predecessor-version":[{"id":34894,"href":"https:\/\/justicapotiguar.com.br\/index.php\/wp-json\/wp\/v2\/posts\/34893\/revisions\/34894"}],"wp:attachment":[{"href":"https:\/\/justicapotiguar.com.br\/index.php\/wp-json\/wp\/v2\/media?parent=34893"}],"wp:term":[{"taxonomy":"category","embeddable":true,"href":"https:\/\/justicapotiguar.com.br\/index.php\/wp-json\/wp\/v2\/categories?post=34893"},{"taxonomy":"post_tag","embeddable":true,"href":"https:\/\/justicapotiguar.com.br\/index.php\/wp-json\/wp\/v2\/tags?post=34893"}],"curies":[{"name":"wp","href":"https:\/\/api.w.org\/{rel}","templated":true}]}}