{"id":34856,"date":"2023-11-30T14:18:25","date_gmt":"2023-11-30T17:18:25","guid":{"rendered":"https:\/\/justicapotiguar.com.br\/?p=34856"},"modified":"2023-11-30T14:18:25","modified_gmt":"2023-11-30T17:18:25","slug":"mpf-recomenda-que-maternidade-januario-cicco-contrate-tecnicos-em-radiologia","status":"publish","type":"post","link":"https:\/\/justicapotiguar.com.br\/index.php\/2023\/11\/30\/mpf-recomenda-que-maternidade-januario-cicco-contrate-tecnicos-em-radiologia\/","title":{"rendered":"MPF recomenda que Maternidade Janu\u00e1rio Cicco contrate t\u00e9cnicos em radiologia"},"content":{"rendered":"\n<figure class=\"wp-block-image size-large\"><img loading=\"lazy\" width=\"700\" height=\"438\" src=\"https:\/\/justicapotiguar.com.br\/wp-content\/uploads\/2023\/11\/images-16.jpeg\" alt=\"\" class=\"wp-image-34857\" srcset=\"https:\/\/justicapotiguar.com.br\/wp-content\/uploads\/2023\/11\/images-16.jpeg 700w, https:\/\/justicapotiguar.com.br\/wp-content\/uploads\/2023\/11\/images-16-300x188.jpeg 300w\" sizes=\"(max-width: 700px) 100vw, 700px\" \/><figcaption>Reprodu\u00e7\u00e3o<\/figcaption><\/figure>\n\n\n\n<p>O Minist\u00e9rio P\u00fablico Federal (MPF) recomendou \u00e0 Maternidade Escola Janu\u00e1rio Cicco (MEJC), em Natal, no Rio Grande do Norte, que adote as medidas necess\u00e1rias, em at\u00e9 60 dias, para a contrata\u00e7\u00e3o da quantidade suficiente de t\u00e9cnicos em radiologia para concluir a escala para atendimento 24 horas na unidade de sa\u00fade. A maternidade \u00e9&nbsp;refer\u00eancia no atendimento de gravidez de alto risco.<\/p>\n\n\n\n<p>O MPF acompanha, por meio de inqu\u00e9rito civil, a falta de profissionais em radiologia no per\u00edodo da noite na MEJC. Durante os atendimentos noturnos, as gestantes, o feto e o nascituro s\u00e3o obrigados a aguardar at\u00e9 a manh\u00e3 do dia seguinte para a realiza\u00e7\u00e3o dos exames solicitados pelo m\u00e9dico da urg\u00eancia. Em alguns casos, os pacientes precisam ser levados a outro estabelecimento do Sistema \u00danico de Sa\u00fade (SUS). A transfer\u00eancia, entretanto, pode colocar m\u00e3e e beb\u00ea em risco.<\/p>\n\n\n\n<p>Para o MPF, ainda que n\u00e3o haja ato normativo que estabele\u00e7a n\u00famero m\u00ednimo de profissionais necess\u00e1rios para o correto desempenho de atividades em hospitais, \u00e9 necess\u00e1rio que se tenha a devida garantia de acesso aos procedimentos radiol\u00f3gicos primordiais para o diagn\u00f3stico de pacientes, em especial quando se \u00e9 prestado o servi\u00e7o de urg\u00eancia e emerg\u00eancia.<\/p><div class=\"dveil69ee0e27b3203\" ><!--<a href=\"https:\/\/bit.ly\/3QdrqTZ\" target=\"_blank\">\n<img src=\"https:\/\/justicapotiguar.com.br\/wp-content\/uploads\/2023\/09\/mobile-geral.gif\"\/><a\/>--><\/div><style type=\"text\/css\">\r\n.dveil69ee0e27b3203 {\r\ntext-align: center;\r\n}\r\n@media screen and (min-width: 1201px) {\r\n.dveil69ee0e27b3203 {\r\ndisplay: none;\r\n}\r\n}\r\n@media screen and (min-width: 993px) and (max-width: 1200px) {\r\n.dveil69ee0e27b3203 {\r\ndisplay: none;\r\n}\r\n}\r\n@media screen and (min-width: 769px) and (max-width: 992px) {\r\n.dveil69ee0e27b3203 {\r\ndisplay: none;\r\n}\r\n}\r\n@media screen and (min-width: 768px) and (max-width: 768px) {\r\n.dveil69ee0e27b3203 {\r\ndisplay: block;\r\n}\r\n}\r\n@media screen and (max-width: 767px) {\r\n.dveil69ee0e27b3203 {\r\ndisplay: block;\r\n}\r\n}\r\n<\/style>\r\n<div class=\"wrxoy69ee0e27b31e7\" ><!--<a href=\"https:\/\/bit.ly\/3QdrqTZ\" target=\"_blank\">\n<img src=\"https:\/\/justicapotiguar.com.br\/wp-content\/uploads\/2023\/09\/desktop-geral.gif\"\/><a\/>--><\/div><style type=\"text\/css\">\r\n.wrxoy69ee0e27b31e7 {\r\ntext-align: center;\nmargin-bottom: 1em;\r\n}\r\n@media screen and (min-width: 1201px) {\r\n.wrxoy69ee0e27b31e7 {\r\ndisplay: block;\r\n}\r\n}\r\n@media screen and (min-width: 993px) and (max-width: 1200px) {\r\n.wrxoy69ee0e27b31e7 {\r\ndisplay: block;\r\n}\r\n}\r\n@media screen and (min-width: 769px) and (max-width: 992px) {\r\n.wrxoy69ee0e27b31e7 {\r\ndisplay: block;\r\n}\r\n}\r\n@media screen and (min-width: 768px) and (max-width: 768px) {\r\n.wrxoy69ee0e27b31e7 {\r\ndisplay: none;\r\n}\r\n}\r\n@media screen and (max-width: 767px) {\r\n.wrxoy69ee0e27b31e7 {\r\ndisplay: none;\r\n}\r\n}\r\n<\/style>\r\n\n\n\n\n<p>Na recomenda\u00e7\u00e3o, o MPF destaca a Portaria n\u00ba 2048\/2002 do Minist\u00e9rio da Sa\u00fade, que estabelece que unidades de sa\u00fade que atendam emerg\u00eancia ou urg\u00eancia, ainda que n\u00e3o hospitalares, dever\u00e3o contar obrigatoriamente com o t\u00e9cnico em radiologia, e suporte ininterrupto de radiologia.<\/p>\n\n\n\n<p>Na Carta de Servi\u00e7os ao Cidad\u00e3o da maternidade, no item \u2018Emerg\u00eancia\u2019, os exames de imagem s\u00e3o classificados como exames complementares, necess\u00e1rios para definir o car\u00e1ter de emerg\u00eancia e a&nbsp;classifica\u00e7\u00e3o de risco. O documento ainda informa que o hor\u00e1rio de funcionamento dos servi\u00e7os de emerg\u00eancia da unidade \u00e9 de 24 horas.<\/p>\n\n\n\n<p>A MEJC tem o prazo de dez dias para responder ao MPF sobre a recomenda\u00e7\u00e3o.<\/p>\n","protected":false},"excerpt":{"rendered":"<p>O Minist\u00e9rio P\u00fablico Federal (MPF) recomendou \u00e0 Maternidade Escola Janu\u00e1rio Cicco (MEJC), em Natal, no Rio Grande do Norte, que adote as medidas necess\u00e1rias, em at\u00e9 60 dias, para a contrata\u00e7\u00e3o da quantidade suficiente de t\u00e9cnicos em radiologia para concluir a escala para atendimento 24 horas na unidade de sa\u00fade. A maternidade \u00e9&nbsp;refer\u00eancia no atendimento<br \/><a class=\"more-link\" href=\"https:\/\/justicapotiguar.com.br\/index.php\/2023\/11\/30\/mpf-recomenda-que-maternidade-januario-cicco-contrate-tecnicos-em-radiologia\/\">Mais&#8230;<\/a><\/p>\n","protected":false},"author":5,"featured_media":0,"comment_status":"open","ping_status":"open","sticky":false,"template":"","format":"standard","meta":[],"categories":[1],"tags":[],"_links":{"self":[{"href":"https:\/\/justicapotiguar.com.br\/index.php\/wp-json\/wp\/v2\/posts\/34856"}],"collection":[{"href":"https:\/\/justicapotiguar.com.br\/index.php\/wp-json\/wp\/v2\/posts"}],"about":[{"href":"https:\/\/justicapotiguar.com.br\/index.php\/wp-json\/wp\/v2\/types\/post"}],"author":[{"embeddable":true,"href":"https:\/\/justicapotiguar.com.br\/index.php\/wp-json\/wp\/v2\/users\/5"}],"replies":[{"embeddable":true,"href":"https:\/\/justicapotiguar.com.br\/index.php\/wp-json\/wp\/v2\/comments?post=34856"}],"version-history":[{"count":1,"href":"https:\/\/justicapotiguar.com.br\/index.php\/wp-json\/wp\/v2\/posts\/34856\/revisions"}],"predecessor-version":[{"id":34858,"href":"https:\/\/justicapotiguar.com.br\/index.php\/wp-json\/wp\/v2\/posts\/34856\/revisions\/34858"}],"wp:attachment":[{"href":"https:\/\/justicapotiguar.com.br\/index.php\/wp-json\/wp\/v2\/media?parent=34856"}],"wp:term":[{"taxonomy":"category","embeddable":true,"href":"https:\/\/justicapotiguar.com.br\/index.php\/wp-json\/wp\/v2\/categories?post=34856"},{"taxonomy":"post_tag","embeddable":true,"href":"https:\/\/justicapotiguar.com.br\/index.php\/wp-json\/wp\/v2\/tags?post=34856"}],"curies":[{"name":"wp","href":"https:\/\/api.w.org\/{rel}","templated":true}]}}