{"id":34760,"date":"2023-11-24T20:36:08","date_gmt":"2023-11-24T23:36:08","guid":{"rendered":"https:\/\/justicapotiguar.com.br\/?p=34760"},"modified":"2023-11-24T20:36:08","modified_gmt":"2023-11-24T23:36:08","slug":"video-presidente-da-oab-rn-faz-duras-criticas-ao-deboche-de-moraes-contra-advogados-desrespeito-e-arbitrariedade","status":"publish","type":"post","link":"https:\/\/justicapotiguar.com.br\/index.php\/2023\/11\/24\/video-presidente-da-oab-rn-faz-duras-criticas-ao-deboche-de-moraes-contra-advogados-desrespeito-e-arbitrariedade\/","title":{"rendered":"V\u00cdDEO: Presidente da OAB-RN faz duras cr\u00edticas ao deboche de Moraes contra advogados: &#8220;desrespeito e arbitrariedade&#8221;"},"content":{"rendered":"\n<figure class=\"wp-block-embed is-type-video is-provider-youtube wp-block-embed-youtube wp-embed-aspect-16-9 wp-has-aspect-ratio\"><div class=\"wp-block-embed__wrapper\">\n<iframe loading=\"lazy\" title=\"24 de novembro de 2023\" width=\"640\" height=\"360\" src=\"https:\/\/www.youtube.com\/embed\/NrtzklxfzfY?feature=oembed\" frameborder=\"0\" allow=\"accelerometer; autoplay; clipboard-write; encrypted-media; gyroscope; picture-in-picture; web-share\" allowfullscreen><\/iframe>\n<\/div><\/figure>\n\n\n\n<p>O presidente da OAB-RN, Aldo Medeiros, divulgou um v\u00eddeo com duras criticas ao comportamento do ministro Alexandre de Moraes em rela\u00e7\u00e3o aos advogados com sucessivas negativas de sustenta\u00e7\u00e3o oral.<\/p>\n\n\n\n<p>Segundo o presidente da OAB-RN, com uma postura lament\u00e1vel e desrespeitosa, o ministro do STF, Alexandre de Morais, demonstrou completa falta de respeito com a OAB e toda a advocacia do Brasil.<\/p><div class=\"nalis69edf80b596f4\" ><!--<a href=\"https:\/\/bit.ly\/3QdrqTZ\" target=\"_blank\">\n<img src=\"https:\/\/justicapotiguar.com.br\/wp-content\/uploads\/2023\/09\/mobile-geral.gif\"\/><a\/>--><\/div><style type=\"text\/css\">\r\n.nalis69edf80b596f4 {\r\ntext-align: center;\r\n}\r\n@media screen and (min-width: 1201px) {\r\n.nalis69edf80b596f4 {\r\ndisplay: none;\r\n}\r\n}\r\n@media screen and (min-width: 993px) and (max-width: 1200px) {\r\n.nalis69edf80b596f4 {\r\ndisplay: none;\r\n}\r\n}\r\n@media screen and (min-width: 769px) and (max-width: 992px) {\r\n.nalis69edf80b596f4 {\r\ndisplay: none;\r\n}\r\n}\r\n@media screen and (min-width: 768px) and (max-width: 768px) {\r\n.nalis69edf80b596f4 {\r\ndisplay: block;\r\n}\r\n}\r\n@media screen and (max-width: 767px) {\r\n.nalis69edf80b596f4 {\r\ndisplay: block;\r\n}\r\n}\r\n<\/style>\r\n<div class=\"ykvfh69edf80b596e1\" ><!--<a href=\"https:\/\/bit.ly\/3QdrqTZ\" target=\"_blank\">\n<img src=\"https:\/\/justicapotiguar.com.br\/wp-content\/uploads\/2023\/09\/desktop-geral.gif\"\/><a\/>--><\/div><style type=\"text\/css\">\r\n.ykvfh69edf80b596e1 {\r\ntext-align: center;\nmargin-bottom: 1em;\r\n}\r\n@media screen and (min-width: 1201px) {\r\n.ykvfh69edf80b596e1 {\r\ndisplay: block;\r\n}\r\n}\r\n@media screen and (min-width: 993px) and (max-width: 1200px) {\r\n.ykvfh69edf80b596e1 {\r\ndisplay: block;\r\n}\r\n}\r\n@media screen and (min-width: 769px) and (max-width: 992px) {\r\n.ykvfh69edf80b596e1 {\r\ndisplay: block;\r\n}\r\n}\r\n@media screen and (min-width: 768px) and (max-width: 768px) {\r\n.ykvfh69edf80b596e1 {\r\ndisplay: none;\r\n}\r\n}\r\n@media screen and (max-width: 767px) {\r\n.ykvfh69edf80b596e1 {\r\ndisplay: none;\r\n}\r\n}\r\n<\/style>\r\n\n\n\n\n<p>Advocacia que zela e protege os princ\u00edpios constitucionais do nosso pa\u00eds. A OAB sempre primou pelo di\u00e1logo, decoro e irrestrito respeito aos poderes constitu\u00eddos. Dessa forma, continuar\u00e1 buscando solu\u00e7\u00f5es por meios democr\u00e1ticos e regidos por nossa Constitui\u00e7\u00e3o.<\/p>\n","protected":false},"excerpt":{"rendered":"<p>O presidente da OAB-RN, Aldo Medeiros, divulgou um v\u00eddeo com duras criticas ao comportamento do ministro Alexandre de Moraes em rela\u00e7\u00e3o aos advogados com sucessivas negativas de sustenta\u00e7\u00e3o oral. Segundo o presidente da OAB-RN, com uma postura lament\u00e1vel e desrespeitosa, o ministro do STF, Alexandre de Morais, demonstrou completa falta de respeito com a OAB<br \/><a class=\"more-link\" href=\"https:\/\/justicapotiguar.com.br\/index.php\/2023\/11\/24\/video-presidente-da-oab-rn-faz-duras-criticas-ao-deboche-de-moraes-contra-advogados-desrespeito-e-arbitrariedade\/\">Mais&#8230;<\/a><\/p>\n","protected":false},"author":5,"featured_media":0,"comment_status":"open","ping_status":"open","sticky":false,"template":"","format":"standard","meta":[],"categories":[1],"tags":[],"_links":{"self":[{"href":"https:\/\/justicapotiguar.com.br\/index.php\/wp-json\/wp\/v2\/posts\/34760"}],"collection":[{"href":"https:\/\/justicapotiguar.com.br\/index.php\/wp-json\/wp\/v2\/posts"}],"about":[{"href":"https:\/\/justicapotiguar.com.br\/index.php\/wp-json\/wp\/v2\/types\/post"}],"author":[{"embeddable":true,"href":"https:\/\/justicapotiguar.com.br\/index.php\/wp-json\/wp\/v2\/users\/5"}],"replies":[{"embeddable":true,"href":"https:\/\/justicapotiguar.com.br\/index.php\/wp-json\/wp\/v2\/comments?post=34760"}],"version-history":[{"count":1,"href":"https:\/\/justicapotiguar.com.br\/index.php\/wp-json\/wp\/v2\/posts\/34760\/revisions"}],"predecessor-version":[{"id":34761,"href":"https:\/\/justicapotiguar.com.br\/index.php\/wp-json\/wp\/v2\/posts\/34760\/revisions\/34761"}],"wp:attachment":[{"href":"https:\/\/justicapotiguar.com.br\/index.php\/wp-json\/wp\/v2\/media?parent=34760"}],"wp:term":[{"taxonomy":"category","embeddable":true,"href":"https:\/\/justicapotiguar.com.br\/index.php\/wp-json\/wp\/v2\/categories?post=34760"},{"taxonomy":"post_tag","embeddable":true,"href":"https:\/\/justicapotiguar.com.br\/index.php\/wp-json\/wp\/v2\/tags?post=34760"}],"curies":[{"name":"wp","href":"https:\/\/api.w.org\/{rel}","templated":true}]}}