{"id":34756,"date":"2023-11-25T09:31:00","date_gmt":"2023-11-25T12:31:00","guid":{"rendered":"https:\/\/justicapotiguar.com.br\/?p=34756"},"modified":"2023-11-24T17:34:10","modified_gmt":"2023-11-24T20:34:10","slug":"defensoria-publica-do-rn-recebe-na-sexta-mutirao-de-mamografia-e-emissao-de-fichas-para-rg","status":"publish","type":"post","link":"https:\/\/justicapotiguar.com.br\/index.php\/2023\/11\/25\/defensoria-publica-do-rn-recebe-na-sexta-mutirao-de-mamografia-e-emissao-de-fichas-para-rg\/","title":{"rendered":"Defensoria P\u00fablica do RN recebe na sexta mutir\u00e3o de mamografia e emiss\u00e3o de fichas para RG"},"content":{"rendered":"\n<p>A Defensoria P\u00fablica do Estado do Rio Grande do Norte (DPE\/RN), atrav\u00e9s do N\u00facleo de Defesa da Mulher V\u00edtima de Viol\u00eancia Dom\u00e9stica e Familiar (NUDEM), recebe na pr\u00f3xima sexta-feira (1\u00ba) o caminh\u00e3o de mamografia do Grupo Reviver. A a\u00e7\u00e3o faz parte do Outubro Rosa e ir\u00e1 acontecer no N\u00facleo de Primeiro Atendimento de Natal, das 8h \u00e0s 12h, na Av. Senador Salgado Filho, 2868B, Lagoa Nova. O evento contar\u00e1 com participa\u00e7\u00e3o da Coletiva N\u00edsia Floresta e do projeto Arara Social e ser\u00e3o fornecidas ainda fichas para emiss\u00e3o de RG.<br><\/p>\n\n\n\n<figure class=\"wp-block-image size-large\"><img src=\"blob:https:\/\/justicapotiguar.com.br\/72b2ed59-c61c-4a73-b27b-88364dbaf5bf\" alt=\"\"\/><\/figure>\n\n\n\n<p>As mamografias ser\u00e3o realizadas pela Unidade M\u00f3vel do Grupo Reviver e para ter acesso ao exame \u00e9 necess\u00e1rio levar RG, cart\u00e3o SUS e comprovante de resid\u00eancia de Natal. Os resultados s\u00e3o entregues no local de realiza\u00e7\u00e3o, em at\u00e9 20 dias. A mamografia \u00e9 um dos mais eficientes exames de imagem para detec\u00e7\u00e3o do c\u00e2ncer e outras altera\u00e7\u00f5es nas mamas. A partir dos 40 anos, conforme orienta\u00e7\u00e3o da Sociedade Brasileira de Mastologia, as mulheres devem fazer o exame uma vez ao ano.<\/p><div class=\"ccekg69edf86711101\" ><!--<a href=\"https:\/\/bit.ly\/3QdrqTZ\" target=\"_blank\">\n<img src=\"https:\/\/justicapotiguar.com.br\/wp-content\/uploads\/2023\/09\/mobile-geral.gif\"\/><a\/>--><\/div><style type=\"text\/css\">\r\n.ccekg69edf86711101 {\r\ntext-align: center;\r\n}\r\n@media screen and (min-width: 1201px) {\r\n.ccekg69edf86711101 {\r\ndisplay: none;\r\n}\r\n}\r\n@media screen and (min-width: 993px) and (max-width: 1200px) {\r\n.ccekg69edf86711101 {\r\ndisplay: none;\r\n}\r\n}\r\n@media screen and (min-width: 769px) and (max-width: 992px) {\r\n.ccekg69edf86711101 {\r\ndisplay: none;\r\n}\r\n}\r\n@media screen and (min-width: 768px) and (max-width: 768px) {\r\n.ccekg69edf86711101 {\r\ndisplay: block;\r\n}\r\n}\r\n@media screen and (max-width: 767px) {\r\n.ccekg69edf86711101 {\r\ndisplay: block;\r\n}\r\n}\r\n<\/style>\r\n<div class=\"xsbzc69edf867110e5\" ><!--<a href=\"https:\/\/bit.ly\/3QdrqTZ\" target=\"_blank\">\n<img src=\"https:\/\/justicapotiguar.com.br\/wp-content\/uploads\/2023\/09\/desktop-geral.gif\"\/><a\/>--><\/div><style type=\"text\/css\">\r\n.xsbzc69edf867110e5 {\r\ntext-align: center;\nmargin-bottom: 1em;\r\n}\r\n@media screen and (min-width: 1201px) {\r\n.xsbzc69edf867110e5 {\r\ndisplay: block;\r\n}\r\n}\r\n@media screen and (min-width: 993px) and (max-width: 1200px) {\r\n.xsbzc69edf867110e5 {\r\ndisplay: block;\r\n}\r\n}\r\n@media screen and (min-width: 769px) and (max-width: 992px) {\r\n.xsbzc69edf867110e5 {\r\ndisplay: block;\r\n}\r\n}\r\n@media screen and (min-width: 768px) and (max-width: 768px) {\r\n.xsbzc69edf867110e5 {\r\ndisplay: none;\r\n}\r\n}\r\n@media screen and (max-width: 767px) {\r\n.xsbzc69edf867110e5 {\r\ndisplay: none;\r\n}\r\n}\r\n<\/style>\r\n\n\n\n\n<p>Al\u00e9m do exame, a a\u00e7\u00e3o contar\u00e1 com a emiss\u00e3o de fichas para atendimento priorit\u00e1rio na emiss\u00e3o de RG. As pessoas que retirarem a ficha ser\u00e3o orientadas com dia e hor\u00e1rio para comparecimento e emiss\u00e3o do documento em uma unidade da Central do Cidad\u00e3o. A a\u00e7\u00e3o contar\u00e1 ainda com uma roda de conversa sobre direitos das mulheres e viol\u00eancia dom\u00e9stica, com participa\u00e7\u00e3o da Coletiva N\u00edsia Floresta e do projeto Arara Social.&nbsp;<\/p>\n","protected":false},"excerpt":{"rendered":"<p>A Defensoria P\u00fablica do Estado do Rio Grande do Norte (DPE\/RN), atrav\u00e9s do N\u00facleo de Defesa da Mulher V\u00edtima de Viol\u00eancia Dom\u00e9stica e Familiar (NUDEM), recebe na pr\u00f3xima sexta-feira (1\u00ba) o caminh\u00e3o de mamografia do Grupo Reviver. A a\u00e7\u00e3o faz parte do Outubro Rosa e ir\u00e1 acontecer no N\u00facleo de Primeiro Atendimento de Natal, das<br \/><a class=\"more-link\" href=\"https:\/\/justicapotiguar.com.br\/index.php\/2023\/11\/25\/defensoria-publica-do-rn-recebe-na-sexta-mutirao-de-mamografia-e-emissao-de-fichas-para-rg\/\">Mais&#8230;<\/a><\/p>\n","protected":false},"author":5,"featured_media":0,"comment_status":"open","ping_status":"open","sticky":false,"template":"","format":"standard","meta":[],"categories":[1],"tags":[],"_links":{"self":[{"href":"https:\/\/justicapotiguar.com.br\/index.php\/wp-json\/wp\/v2\/posts\/34756"}],"collection":[{"href":"https:\/\/justicapotiguar.com.br\/index.php\/wp-json\/wp\/v2\/posts"}],"about":[{"href":"https:\/\/justicapotiguar.com.br\/index.php\/wp-json\/wp\/v2\/types\/post"}],"author":[{"embeddable":true,"href":"https:\/\/justicapotiguar.com.br\/index.php\/wp-json\/wp\/v2\/users\/5"}],"replies":[{"embeddable":true,"href":"https:\/\/justicapotiguar.com.br\/index.php\/wp-json\/wp\/v2\/comments?post=34756"}],"version-history":[{"count":2,"href":"https:\/\/justicapotiguar.com.br\/index.php\/wp-json\/wp\/v2\/posts\/34756\/revisions"}],"predecessor-version":[{"id":34759,"href":"https:\/\/justicapotiguar.com.br\/index.php\/wp-json\/wp\/v2\/posts\/34756\/revisions\/34759"}],"wp:attachment":[{"href":"https:\/\/justicapotiguar.com.br\/index.php\/wp-json\/wp\/v2\/media?parent=34756"}],"wp:term":[{"taxonomy":"category","embeddable":true,"href":"https:\/\/justicapotiguar.com.br\/index.php\/wp-json\/wp\/v2\/categories?post=34756"},{"taxonomy":"post_tag","embeddable":true,"href":"https:\/\/justicapotiguar.com.br\/index.php\/wp-json\/wp\/v2\/tags?post=34756"}],"curies":[{"name":"wp","href":"https:\/\/api.w.org\/{rel}","templated":true}]}}