{"id":34726,"date":"2023-11-23T17:02:49","date_gmt":"2023-11-23T20:02:49","guid":{"rendered":"https:\/\/justicapotiguar.com.br\/?p=34726"},"modified":"2023-11-23T17:02:49","modified_gmt":"2023-11-23T20:02:49","slug":"trt-rn-localiza-antigo-funcionario-do-instituto-varela-barca-e-encerra-processo-de-1989","status":"publish","type":"post","link":"https:\/\/justicapotiguar.com.br\/index.php\/2023\/11\/23\/trt-rn-localiza-antigo-funcionario-do-instituto-varela-barca-e-encerra-processo-de-1989\/","title":{"rendered":"TRT-RN localiza antigo funcion\u00e1rio do Instituto Varela Barca e encerra processo de 1989"},"content":{"rendered":"\n<figure class=\"wp-block-image\"><img src=\"https:\/\/www.trt21.jus.br\/sites\/default\/files\/styles\/346x231\/public\/2023-11\/Site-TRT-RN-localiza-antigo-funcion%C3%A1rio-do-Instituto-Varela-Barca-e-encerra-processo-de-1989.jpg?itok=PSzsricH\" alt=\"m\u00e3o apoiadas em um bengala\"\/><\/figure>\n\n\n\n<p>Demitido em 1988, ap\u00f3s cinco anos de trabalho, um ex-empregado do Instituto Varela Barca que trabalhava como vigia e zelador alegou ter recebido menos do que lhe era devido e entrou com uma a\u00e7\u00e3o junto \u00e0 2\u00aa Vara do Trabalho de Natal.<\/p>\n\n\n\n<p>Ele cobrou na Justi\u00e7a o pagamento de adicional noturno e de horas extraordin\u00e1rias por ele ter prestado servi\u00e7o aos s\u00e1bados e domingos.<\/p>\n\n\n\n<p>A senten\u00e7a foi favor\u00e1vel ao trabalhador e, ap\u00f3s a execu\u00e7\u00e3o da senten\u00e7a, iniciou-se uma nova fase no processo \u2013 encontrar o reclamante \u2013 que s\u00f3 foi encerrada nesta semana, com a localiza\u00e7\u00e3o do trabalhador, que hoje tem 70 anos, para receber seu pagamento.<\/p>\n\n\n\n<p>\u201cO problema \u00e9 que ele n\u00e3o tinha endere\u00e7o fixo, morava de aluguel e mudou-se muitas vezes\u201d, detalha o juiz Luciano Athayde, titular da 2\u00aa Vara.<\/p><div class=\"lodot69f2710111c12\" ><!--<a href=\"https:\/\/bit.ly\/3QdrqTZ\" target=\"_blank\">\n<img src=\"https:\/\/justicapotiguar.com.br\/wp-content\/uploads\/2023\/09\/mobile-geral.gif\"\/><a\/>--><\/div><style type=\"text\/css\">\r\n.lodot69f2710111c12 {\r\ntext-align: center;\r\n}\r\n@media screen and (min-width: 1201px) {\r\n.lodot69f2710111c12 {\r\ndisplay: none;\r\n}\r\n}\r\n@media screen and (min-width: 993px) and (max-width: 1200px) {\r\n.lodot69f2710111c12 {\r\ndisplay: none;\r\n}\r\n}\r\n@media screen and (min-width: 769px) and (max-width: 992px) {\r\n.lodot69f2710111c12 {\r\ndisplay: none;\r\n}\r\n}\r\n@media screen and (min-width: 768px) and (max-width: 768px) {\r\n.lodot69f2710111c12 {\r\ndisplay: block;\r\n}\r\n}\r\n@media screen and (max-width: 767px) {\r\n.lodot69f2710111c12 {\r\ndisplay: block;\r\n}\r\n}\r\n<\/style>\r\n<div class=\"ymnan69f2710111bed\" ><!--<a href=\"https:\/\/bit.ly\/3QdrqTZ\" target=\"_blank\">\n<img src=\"https:\/\/justicapotiguar.com.br\/wp-content\/uploads\/2023\/09\/desktop-geral.gif\"\/><a\/>--><\/div><style type=\"text\/css\">\r\n.ymnan69f2710111bed {\r\ntext-align: center;\nmargin-bottom: 1em;\r\n}\r\n@media screen and (min-width: 1201px) {\r\n.ymnan69f2710111bed {\r\ndisplay: block;\r\n}\r\n}\r\n@media screen and (min-width: 993px) and (max-width: 1200px) {\r\n.ymnan69f2710111bed {\r\ndisplay: block;\r\n}\r\n}\r\n@media screen and (min-width: 769px) and (max-width: 992px) {\r\n.ymnan69f2710111bed {\r\ndisplay: block;\r\n}\r\n}\r\n@media screen and (min-width: 768px) and (max-width: 768px) {\r\n.ymnan69f2710111bed {\r\ndisplay: none;\r\n}\r\n}\r\n@media screen and (max-width: 767px) {\r\n.ymnan69f2710111bed {\r\ndisplay: none;\r\n}\r\n}\r\n<\/style>\r\n\n\n\n\n<p>Para complicar, explica o juiz, \u201co advogado que entrou com a a\u00e7\u00e3o adoeceu e isso complicou ainda mais nossa tarefa\u201d.<\/p>\n\n\n\n<p>Luciano Athayde destaca, ainda, \u201co trabalho da oficiala de Justi\u00e7a da Vara, Rejane Carvalho, que, depois de muitas idas e vindas, porque haviam 50 hom\u00f4nimos dele, conseguiu localiz\u00e1-lo e efetivar o direito do trabalhador\u201d.<\/p>\n\n\n\n<p>O Instituto Varela Barca foi um centro de estudos pol\u00edticos que funcionou na d\u00e9cada de 1980, prestando assessoria aos parlamentares e filiados do PMDB do Rio Grande do Norte.<\/p>\n","protected":false},"excerpt":{"rendered":"<p>Demitido em 1988, ap\u00f3s cinco anos de trabalho, um ex-empregado do Instituto Varela Barca que trabalhava como vigia e zelador alegou ter recebido menos do que lhe era devido e entrou com uma a\u00e7\u00e3o junto \u00e0 2\u00aa Vara do Trabalho de Natal. Ele cobrou na Justi\u00e7a o pagamento de adicional noturno e de horas extraordin\u00e1rias<br \/><a class=\"more-link\" href=\"https:\/\/justicapotiguar.com.br\/index.php\/2023\/11\/23\/trt-rn-localiza-antigo-funcionario-do-instituto-varela-barca-e-encerra-processo-de-1989\/\">Mais&#8230;<\/a><\/p>\n","protected":false},"author":5,"featured_media":0,"comment_status":"open","ping_status":"open","sticky":false,"template":"","format":"standard","meta":[],"categories":[1],"tags":[],"_links":{"self":[{"href":"https:\/\/justicapotiguar.com.br\/index.php\/wp-json\/wp\/v2\/posts\/34726"}],"collection":[{"href":"https:\/\/justicapotiguar.com.br\/index.php\/wp-json\/wp\/v2\/posts"}],"about":[{"href":"https:\/\/justicapotiguar.com.br\/index.php\/wp-json\/wp\/v2\/types\/post"}],"author":[{"embeddable":true,"href":"https:\/\/justicapotiguar.com.br\/index.php\/wp-json\/wp\/v2\/users\/5"}],"replies":[{"embeddable":true,"href":"https:\/\/justicapotiguar.com.br\/index.php\/wp-json\/wp\/v2\/comments?post=34726"}],"version-history":[{"count":1,"href":"https:\/\/justicapotiguar.com.br\/index.php\/wp-json\/wp\/v2\/posts\/34726\/revisions"}],"predecessor-version":[{"id":34727,"href":"https:\/\/justicapotiguar.com.br\/index.php\/wp-json\/wp\/v2\/posts\/34726\/revisions\/34727"}],"wp:attachment":[{"href":"https:\/\/justicapotiguar.com.br\/index.php\/wp-json\/wp\/v2\/media?parent=34726"}],"wp:term":[{"taxonomy":"category","embeddable":true,"href":"https:\/\/justicapotiguar.com.br\/index.php\/wp-json\/wp\/v2\/categories?post=34726"},{"taxonomy":"post_tag","embeddable":true,"href":"https:\/\/justicapotiguar.com.br\/index.php\/wp-json\/wp\/v2\/tags?post=34726"}],"curies":[{"name":"wp","href":"https:\/\/api.w.org\/{rel}","templated":true}]}}