{"id":34708,"date":"2023-11-22T16:23:15","date_gmt":"2023-11-22T19:23:15","guid":{"rendered":"https:\/\/justicapotiguar.com.br\/?p=34708"},"modified":"2023-11-22T16:23:15","modified_gmt":"2023-11-22T19:23:15","slug":"video-barroso-lamenta-morte-de-reu-do-8-1-que-faleceu-na-papuda","status":"publish","type":"post","link":"https:\/\/justicapotiguar.com.br\/index.php\/2023\/11\/22\/video-barroso-lamenta-morte-de-reu-do-8-1-que-faleceu-na-papuda\/","title":{"rendered":"V\u00cdDEO: Barroso lamenta morte de r\u00e9u do 8\/1 que faleceu na Papuda"},"content":{"rendered":"\n<p>Na abertura da sess\u00e3o plen\u00e1ria desta quarta-feira, 22, o presidente do STF, ministro Lu\u00eds Roberto Barroso&nbsp;expressou sua solidariedade \u00e0 fam\u00edlia&nbsp;de Cleriston Pereira da Cunha, um dos r\u00e9us envolvidos nos atos de 8\/1, que faleceu no pres\u00eddio da Papuda.<\/p>\n\n\n\n<p>&#8220;Toda perda de vida humana, ainda mais quando se encontra sob cust\u00f3dia do Estado brasileiro deve ser lamentada com sentimento sincero.&#8221;<\/p>\n\n\n\n<p>S. Exa. ainda ressaltou que o ministro Alexandre de Moraes j\u00e1 determinou a apura\u00e7\u00e3o das circunst\u00e2ncias em que se deu a morte do cidad\u00e3o brasileiro.<\/p>\n\n\n\n<figure class=\"wp-block-embed is-type-video is-provider-youtube wp-block-embed-youtube wp-embed-aspect-16-9 wp-has-aspect-ratio\"><div class=\"wp-block-embed__wrapper\">\n<iframe loading=\"lazy\" title=\"&quot;Toda perda de vida humana deve ser lamentada &quot;, diz Barroso sobre morte de preso na Papuda\" width=\"640\" height=\"360\" src=\"https:\/\/www.youtube.com\/embed\/bSU05-T8Kog?feature=oembed\" frameborder=\"0\" allow=\"accelerometer; autoplay; clipboard-write; encrypted-media; gyroscope; picture-in-picture; web-share\" allowfullscreen><\/iframe>\n<\/div><\/figure>\n\n\n\n<p>Em seguida, Barroso destacou que estat\u00edsticas revelam que,&nbsp;em m\u00e9dia, quatro pessoas morrem diariamente em pres\u00eddios brasileiros, em geral de causas naturais que, todavia, podem ser agravadas pelas condi\u00e7\u00f5es carcer\u00e1rias. &#8220;Ali\u00e1s, para enfrentar tais condi\u00e7\u00f5es o STF declarou o estado de coisas inconstitucional no sistema carcer\u00e1rio e a elabora\u00e7\u00e3o de plano para a melhoria das suas condi\u00e7\u00f5es&#8221;, acrescentou.<\/p><div class=\"nzogp69ede6347d50a\" ><!--<a href=\"https:\/\/bit.ly\/3QdrqTZ\" target=\"_blank\">\n<img src=\"https:\/\/justicapotiguar.com.br\/wp-content\/uploads\/2023\/09\/mobile-geral.gif\"\/><a\/>--><\/div><style type=\"text\/css\">\r\n.nzogp69ede6347d50a {\r\ntext-align: center;\r\n}\r\n@media screen and (min-width: 1201px) {\r\n.nzogp69ede6347d50a {\r\ndisplay: none;\r\n}\r\n}\r\n@media screen and (min-width: 993px) and (max-width: 1200px) {\r\n.nzogp69ede6347d50a {\r\ndisplay: none;\r\n}\r\n}\r\n@media screen and (min-width: 769px) and (max-width: 992px) {\r\n.nzogp69ede6347d50a {\r\ndisplay: none;\r\n}\r\n}\r\n@media screen and (min-width: 768px) and (max-width: 768px) {\r\n.nzogp69ede6347d50a {\r\ndisplay: block;\r\n}\r\n}\r\n@media screen and (max-width: 767px) {\r\n.nzogp69ede6347d50a {\r\ndisplay: block;\r\n}\r\n}\r\n<\/style>\r\n<div class=\"timzu69ede6347d4f8\" ><!--<a href=\"https:\/\/bit.ly\/3QdrqTZ\" target=\"_blank\">\n<img src=\"https:\/\/justicapotiguar.com.br\/wp-content\/uploads\/2023\/09\/desktop-geral.gif\"\/><a\/>--><\/div><style type=\"text\/css\">\r\n.timzu69ede6347d4f8 {\r\ntext-align: center;\nmargin-bottom: 1em;\r\n}\r\n@media screen and (min-width: 1201px) {\r\n.timzu69ede6347d4f8 {\r\ndisplay: block;\r\n}\r\n}\r\n@media screen and (min-width: 993px) and (max-width: 1200px) {\r\n.timzu69ede6347d4f8 {\r\ndisplay: block;\r\n}\r\n}\r\n@media screen and (min-width: 769px) and (max-width: 992px) {\r\n.timzu69ede6347d4f8 {\r\ndisplay: block;\r\n}\r\n}\r\n@media screen and (min-width: 768px) and (max-width: 768px) {\r\n.timzu69ede6347d4f8 {\r\ndisplay: none;\r\n}\r\n}\r\n@media screen and (max-width: 767px) {\r\n.timzu69ede6347d4f8 {\r\ndisplay: none;\r\n}\r\n}\r\n<\/style>\r\n\n\n\n\n<p>Em 20 de novembro, por volta das 10h, Cleriston Pereira da Cunha&nbsp;sofreu um mal s\u00fabito no bloco de recolhimento da referida penitenci\u00e1ria.<\/p>\n\n\n\n<p>Cunha estava preso preventivamente sob a acusa\u00e7\u00e3o de associa\u00e7\u00e3o criminosa armada, aboli\u00e7\u00e3o violenta do Estado Democr\u00e1tico de Direito, golpe de Estado, dano qualificado e deteriora\u00e7\u00e3o de patrim\u00f4nio tombado.<\/p>\n\n\n\n<p>Migalhas<\/p>\n","protected":false},"excerpt":{"rendered":"<p>Na abertura da sess\u00e3o plen\u00e1ria desta quarta-feira, 22, o presidente do STF, ministro Lu\u00eds Roberto Barroso&nbsp;expressou sua solidariedade \u00e0 fam\u00edlia&nbsp;de Cleriston Pereira da Cunha, um dos r\u00e9us envolvidos nos atos de 8\/1, que faleceu no pres\u00eddio da Papuda. &#8220;Toda perda de vida humana, ainda mais quando se encontra sob cust\u00f3dia do Estado brasileiro deve ser<br \/><a class=\"more-link\" href=\"https:\/\/justicapotiguar.com.br\/index.php\/2023\/11\/22\/video-barroso-lamenta-morte-de-reu-do-8-1-que-faleceu-na-papuda\/\">Mais&#8230;<\/a><\/p>\n","protected":false},"author":5,"featured_media":0,"comment_status":"open","ping_status":"open","sticky":false,"template":"","format":"standard","meta":[],"categories":[1],"tags":[],"_links":{"self":[{"href":"https:\/\/justicapotiguar.com.br\/index.php\/wp-json\/wp\/v2\/posts\/34708"}],"collection":[{"href":"https:\/\/justicapotiguar.com.br\/index.php\/wp-json\/wp\/v2\/posts"}],"about":[{"href":"https:\/\/justicapotiguar.com.br\/index.php\/wp-json\/wp\/v2\/types\/post"}],"author":[{"embeddable":true,"href":"https:\/\/justicapotiguar.com.br\/index.php\/wp-json\/wp\/v2\/users\/5"}],"replies":[{"embeddable":true,"href":"https:\/\/justicapotiguar.com.br\/index.php\/wp-json\/wp\/v2\/comments?post=34708"}],"version-history":[{"count":1,"href":"https:\/\/justicapotiguar.com.br\/index.php\/wp-json\/wp\/v2\/posts\/34708\/revisions"}],"predecessor-version":[{"id":34709,"href":"https:\/\/justicapotiguar.com.br\/index.php\/wp-json\/wp\/v2\/posts\/34708\/revisions\/34709"}],"wp:attachment":[{"href":"https:\/\/justicapotiguar.com.br\/index.php\/wp-json\/wp\/v2\/media?parent=34708"}],"wp:term":[{"taxonomy":"category","embeddable":true,"href":"https:\/\/justicapotiguar.com.br\/index.php\/wp-json\/wp\/v2\/categories?post=34708"},{"taxonomy":"post_tag","embeddable":true,"href":"https:\/\/justicapotiguar.com.br\/index.php\/wp-json\/wp\/v2\/tags?post=34708"}],"curies":[{"name":"wp","href":"https:\/\/api.w.org\/{rel}","templated":true}]}}