{"id":34691,"date":"2023-11-20T17:53:29","date_gmt":"2023-11-20T20:53:29","guid":{"rendered":"https:\/\/justicapotiguar.com.br\/?p=34691"},"modified":"2023-11-20T17:53:29","modified_gmt":"2023-11-20T20:53:29","slug":"presidente-do-trt-rn-e-eleito-o-novo-dirigente-do-coleprecor","status":"publish","type":"post","link":"https:\/\/justicapotiguar.com.br\/index.php\/2023\/11\/20\/presidente-do-trt-rn-e-eleito-o-novo-dirigente-do-coleprecor\/","title":{"rendered":"Presidente do TRT-RN \u00e9 eleito o novo dirigente do Coleprecor"},"content":{"rendered":"\n<figure class=\"wp-block-image size-large\"><img loading=\"lazy\" width=\"929\" height=\"1024\" src=\"https:\/\/justicapotiguar.com.br\/wp-content\/uploads\/2023\/11\/IMG-20231120-WA0020-929x1024.jpg\" alt=\"\" class=\"wp-image-34692\" srcset=\"https:\/\/justicapotiguar.com.br\/wp-content\/uploads\/2023\/11\/IMG-20231120-WA0020-929x1024.jpg 929w, https:\/\/justicapotiguar.com.br\/wp-content\/uploads\/2023\/11\/IMG-20231120-WA0020-272x300.jpg 272w, https:\/\/justicapotiguar.com.br\/wp-content\/uploads\/2023\/11\/IMG-20231120-WA0020-768x847.jpg 768w, https:\/\/justicapotiguar.com.br\/wp-content\/uploads\/2023\/11\/IMG-20231120-WA0020.jpg 1161w\" sizes=\"(max-width: 929px) 100vw, 929px\" \/><\/figure>\n\n\n\n<p>Por 56,5% dos votos, o !presidente do Tribunal Regional do Trabalho da 21\u00aa Regi\u00e3o (TRT-RN), Eridson Jo\u00e3o Fernandes Medeiros, foi eleito, nesta segunda-feira (20), o novo presidente do Col\u00e9gio de Presidentes e Corregedores dos Tribunais Regionais do Trabalho (Coleprecor).<\/p>\n\n\n\n<p>A elei\u00e7\u00e3o, ocorrida em Bras\u00edlia, foi coordenada pela desembargadora Ana Carolina Zaina, atual presidente do Coleprecor e presidente do TRT-9 (PR), e escolheu o novo corpo diretivo do Col\u00e9gio de Presidentes e Corregedores dos Tribunais Regionais do Trabalho (Coleprecor).<\/p>\n\n\n\n<p>Al\u00e9m do presidente, a nova diretoria \u00e9 formada pelos desembargadores corregedores Cl\u00f3vis Valen\u00e7a Alves Filho (TRT-7) e Daniele Santa Catarina (TRT-17), eleitos vice-presidente e secret\u00e1ria-geral.<\/p><div class=\"qdqic69edcf9d049a1\" ><!--<a href=\"https:\/\/bit.ly\/3QdrqTZ\" target=\"_blank\">\n<img src=\"https:\/\/justicapotiguar.com.br\/wp-content\/uploads\/2023\/09\/mobile-geral.gif\"\/><a\/>--><\/div><style type=\"text\/css\">\r\n.qdqic69edcf9d049a1 {\r\ntext-align: center;\r\n}\r\n@media screen and (min-width: 1201px) {\r\n.qdqic69edcf9d049a1 {\r\ndisplay: none;\r\n}\r\n}\r\n@media screen and (min-width: 993px) and (max-width: 1200px) {\r\n.qdqic69edcf9d049a1 {\r\ndisplay: none;\r\n}\r\n}\r\n@media screen and (min-width: 769px) and (max-width: 992px) {\r\n.qdqic69edcf9d049a1 {\r\ndisplay: none;\r\n}\r\n}\r\n@media screen and (min-width: 768px) and (max-width: 768px) {\r\n.qdqic69edcf9d049a1 {\r\ndisplay: block;\r\n}\r\n}\r\n@media screen and (max-width: 767px) {\r\n.qdqic69edcf9d049a1 {\r\ndisplay: block;\r\n}\r\n}\r\n<\/style>\r\n<div class=\"aytku69edcf9d0498b\" ><!--<a href=\"https:\/\/bit.ly\/3QdrqTZ\" target=\"_blank\">\n<img src=\"https:\/\/justicapotiguar.com.br\/wp-content\/uploads\/2023\/09\/desktop-geral.gif\"\/><a\/>--><\/div><style type=\"text\/css\">\r\n.aytku69edcf9d0498b {\r\ntext-align: center;\nmargin-bottom: 1em;\r\n}\r\n@media screen and (min-width: 1201px) {\r\n.aytku69edcf9d0498b {\r\ndisplay: block;\r\n}\r\n}\r\n@media screen and (min-width: 993px) and (max-width: 1200px) {\r\n.aytku69edcf9d0498b {\r\ndisplay: block;\r\n}\r\n}\r\n@media screen and (min-width: 769px) and (max-width: 992px) {\r\n.aytku69edcf9d0498b {\r\ndisplay: block;\r\n}\r\n}\r\n@media screen and (min-width: 768px) and (max-width: 768px) {\r\n.aytku69edcf9d0498b {\r\ndisplay: none;\r\n}\r\n}\r\n@media screen and (max-width: 767px) {\r\n.aytku69edcf9d0498b {\r\ndisplay: none;\r\n}\r\n}\r\n<\/style>\r\n\n\n\n\n<p>Os presidentes da entidade escolheram os novos dirigentes em vota\u00e7\u00e3o secreta.<\/p>\n\n\n\n<p>O mandato do presidente do TRT-RN ser\u00e1 por de um ano.<\/p>\n","protected":false},"excerpt":{"rendered":"<p>Por 56,5% dos votos, o !presidente do Tribunal Regional do Trabalho da 21\u00aa Regi\u00e3o (TRT-RN), Eridson Jo\u00e3o Fernandes Medeiros, foi eleito, nesta segunda-feira (20), o novo presidente do Col\u00e9gio de Presidentes e Corregedores dos Tribunais Regionais do Trabalho (Coleprecor). A elei\u00e7\u00e3o, ocorrida em Bras\u00edlia, foi coordenada pela desembargadora Ana Carolina Zaina, atual presidente do Coleprecor<br \/><a class=\"more-link\" href=\"https:\/\/justicapotiguar.com.br\/index.php\/2023\/11\/20\/presidente-do-trt-rn-e-eleito-o-novo-dirigente-do-coleprecor\/\">Mais&#8230;<\/a><\/p>\n","protected":false},"author":5,"featured_media":0,"comment_status":"open","ping_status":"open","sticky":false,"template":"","format":"standard","meta":[],"categories":[1],"tags":[],"_links":{"self":[{"href":"https:\/\/justicapotiguar.com.br\/index.php\/wp-json\/wp\/v2\/posts\/34691"}],"collection":[{"href":"https:\/\/justicapotiguar.com.br\/index.php\/wp-json\/wp\/v2\/posts"}],"about":[{"href":"https:\/\/justicapotiguar.com.br\/index.php\/wp-json\/wp\/v2\/types\/post"}],"author":[{"embeddable":true,"href":"https:\/\/justicapotiguar.com.br\/index.php\/wp-json\/wp\/v2\/users\/5"}],"replies":[{"embeddable":true,"href":"https:\/\/justicapotiguar.com.br\/index.php\/wp-json\/wp\/v2\/comments?post=34691"}],"version-history":[{"count":1,"href":"https:\/\/justicapotiguar.com.br\/index.php\/wp-json\/wp\/v2\/posts\/34691\/revisions"}],"predecessor-version":[{"id":34693,"href":"https:\/\/justicapotiguar.com.br\/index.php\/wp-json\/wp\/v2\/posts\/34691\/revisions\/34693"}],"wp:attachment":[{"href":"https:\/\/justicapotiguar.com.br\/index.php\/wp-json\/wp\/v2\/media?parent=34691"}],"wp:term":[{"taxonomy":"category","embeddable":true,"href":"https:\/\/justicapotiguar.com.br\/index.php\/wp-json\/wp\/v2\/categories?post=34691"},{"taxonomy":"post_tag","embeddable":true,"href":"https:\/\/justicapotiguar.com.br\/index.php\/wp-json\/wp\/v2\/tags?post=34691"}],"curies":[{"name":"wp","href":"https:\/\/api.w.org\/{rel}","templated":true}]}}