{"id":34686,"date":"2023-11-20T15:12:29","date_gmt":"2023-11-20T18:12:29","guid":{"rendered":"https:\/\/justicapotiguar.com.br\/?p=34686"},"modified":"2023-11-20T15:12:29","modified_gmt":"2023-11-20T18:12:29","slug":"juiz-reconhece-alienacao-parental-e-entrega-guarda-de-filho-ao-pai","status":"publish","type":"post","link":"https:\/\/justicapotiguar.com.br\/index.php\/2023\/11\/20\/juiz-reconhece-alienacao-parental-e-entrega-guarda-de-filho-ao-pai\/","title":{"rendered":"Juiz reconhece aliena\u00e7\u00e3o parental e entrega guarda de filho ao pai"},"content":{"rendered":"\n<p>Para fazer valer o direito de conviv\u00eancia entre o genitor e o menor, a 1\u00aa Vara da Fam\u00edlia e Sucess\u00f5es do Foro Regional de Santana, em S\u00e3o Paulo, declarou a pr\u00e1tica de aliena\u00e7\u00e3o parental e entregou a guarda de uma crian\u00e7a ao seu pai.<\/p>\n\n\n\n<figure class=\"wp-block-image\"><img src=\"https:\/\/www.conjur.com.br\/wp-content\/uploads\/2021\/29\/pai-filho-filha1.jpeg\" alt=\"\" class=\"wp-image-371336\"\/><figcaption>Magistrado considerou que pai foi privado do contato com o filho<\/figcaption><\/figure>\n\n\n\n<p>O pai alegou que a m\u00e3e o privava do conv\u00edvio saud\u00e1vel com o filho, pois descumpria, de forma reiterada e proposital, o regime de visitas fixado na a\u00e7\u00e3o de div\u00f3rcio. Tamb\u00e9m apontou que passou mais de dois anos sem contato com a crian\u00e7a e que a m\u00e3e tenta destruir a figura paterna perante o filho.<\/p>\n\n\n\n<p>Conforme relatos e documentos presentes nos autos, nos dias de visita, a m\u00e3e se ausentava com o filho e impedia o pai de v\u00ea-lo. Em fun\u00e7\u00e3o disso, muitas visitas passaram a ter o acompanhamento de um oficial de Justi\u00e7a. Quando o ju\u00edzo parava de expedir os mandados que determinavam a presen\u00e7a do oficial, as visitas eram novamente descumpridas. Foram marcadas tr\u00eas audi\u00eancias de concilia\u00e7\u00e3o, mas n\u00e3o houve acordo entre as partes.<\/p>\n\n\n\n<p>Na nova decis\u00e3o, o juiz Vincenzo Bruno Formica Filho disse que o cumprimento das visitas foi \u201cextremamente prejudicado pela postura beligerante\u201d da m\u00e3e, que \u201cdemonstrou militar contra a concretiza\u00e7\u00e3o\u201d do contato entre pai e filho.<\/p>\n\n\n\n<p>O ju\u00edzo tentou aplicar \u201calternativas consensuais, coercitivas e mandamentais\u201d, como as tentativas de concilia\u00e7\u00e3o, as determina\u00e7\u00f5es de acompanhamento por oficial de Justi\u00e7a, a aplica\u00e7\u00e3o de multa e a fixa\u00e7\u00e3o de visitar por chamada de v\u00eddeo. Mas \u201cdiversas decis\u00f5es judiciais foram descumpridas sob justificativas evasivas\u201d.<\/p><div class=\"feuab69edcf9065799\" ><!--<a href=\"https:\/\/bit.ly\/3QdrqTZ\" target=\"_blank\">\n<img src=\"https:\/\/justicapotiguar.com.br\/wp-content\/uploads\/2023\/09\/mobile-geral.gif\"\/><a\/>--><\/div><style type=\"text\/css\">\r\n.feuab69edcf9065799 {\r\ntext-align: center;\r\n}\r\n@media screen and (min-width: 1201px) {\r\n.feuab69edcf9065799 {\r\ndisplay: none;\r\n}\r\n}\r\n@media screen and (min-width: 993px) and (max-width: 1200px) {\r\n.feuab69edcf9065799 {\r\ndisplay: none;\r\n}\r\n}\r\n@media screen and (min-width: 769px) and (max-width: 992px) {\r\n.feuab69edcf9065799 {\r\ndisplay: none;\r\n}\r\n}\r\n@media screen and (min-width: 768px) and (max-width: 768px) {\r\n.feuab69edcf9065799 {\r\ndisplay: block;\r\n}\r\n}\r\n@media screen and (max-width: 767px) {\r\n.feuab69edcf9065799 {\r\ndisplay: block;\r\n}\r\n}\r\n<\/style>\r\n<div class=\"xbikk69edcf906577d\" ><!--<a href=\"https:\/\/bit.ly\/3QdrqTZ\" target=\"_blank\">\n<img src=\"https:\/\/justicapotiguar.com.br\/wp-content\/uploads\/2023\/09\/desktop-geral.gif\"\/><a\/>--><\/div><style type=\"text\/css\">\r\n.xbikk69edcf906577d {\r\ntext-align: center;\nmargin-bottom: 1em;\r\n}\r\n@media screen and (min-width: 1201px) {\r\n.xbikk69edcf906577d {\r\ndisplay: block;\r\n}\r\n}\r\n@media screen and (min-width: 993px) and (max-width: 1200px) {\r\n.xbikk69edcf906577d {\r\ndisplay: block;\r\n}\r\n}\r\n@media screen and (min-width: 769px) and (max-width: 992px) {\r\n.xbikk69edcf906577d {\r\ndisplay: block;\r\n}\r\n}\r\n@media screen and (min-width: 768px) and (max-width: 768px) {\r\n.xbikk69edcf906577d {\r\ndisplay: none;\r\n}\r\n}\r\n@media screen and (max-width: 767px) {\r\n.xbikk69edcf906577d {\r\ndisplay: none;\r\n}\r\n}\r\n<\/style>\r\n\n\n\n\n<p>De acordo com Formica Filho, os estudos t\u00e9cnicos feitos nos autos n\u00e3o indicaram \u201cqualquer fato moral e financeiro que impe\u00e7a o genitor de ter o menor em sua companhia\u201d. Ou seja, o pai \u201ctem direito ao conv\u00edvio saud\u00e1vel com o menor\u201d, mas tal direito vinha sendo desrespeitado.<\/p>\n\n\n\n<p>Com base nos estudos t\u00e9cnicos e outros documentos, o magistrado constatou a pr\u00e1tica de aliena\u00e7\u00e3o parental por parte da m\u00e3e. Isso foi demonstrado n\u00e3o s\u00f3 pelas faltas no cumprimento das visitas, mas tamb\u00e9m pela recente rejei\u00e7\u00e3o do filho ao contato com o pai.<\/p>\n\n\n\n<p>Conforme os laudos, o garoto \u201cdisse algumas coisas sugestivas de influ\u00eancia de um adulto no sentido de prejudicar a rela\u00e7\u00e3o dele com o genitor\u201d, pareceu empenhado em passar uma imagem negativa do pai durante uma entrevista, apresentou avers\u00e3o ao pai sem justific\u00e1-la e demonstrou acreditar que o namorado da m\u00e3e \u00e9 seu verdadeiro pai.<\/p>\n\n\n\n<p>O genitor foi representado pela advogada&nbsp;<strong>Ana Carolina Silveira Akel<\/strong>.<\/p>\n","protected":false},"excerpt":{"rendered":"<p>Para fazer valer o direito de conviv\u00eancia entre o genitor e o menor, a 1\u00aa Vara da Fam\u00edlia e Sucess\u00f5es do Foro Regional de Santana, em S\u00e3o Paulo, declarou a pr\u00e1tica de aliena\u00e7\u00e3o parental e entregou a guarda de uma crian\u00e7a ao seu pai. O pai alegou que a m\u00e3e o privava do conv\u00edvio saud\u00e1vel<br \/><a class=\"more-link\" href=\"https:\/\/justicapotiguar.com.br\/index.php\/2023\/11\/20\/juiz-reconhece-alienacao-parental-e-entrega-guarda-de-filho-ao-pai\/\">Mais&#8230;<\/a><\/p>\n","protected":false},"author":5,"featured_media":0,"comment_status":"open","ping_status":"open","sticky":false,"template":"","format":"standard","meta":[],"categories":[1],"tags":[],"_links":{"self":[{"href":"https:\/\/justicapotiguar.com.br\/index.php\/wp-json\/wp\/v2\/posts\/34686"}],"collection":[{"href":"https:\/\/justicapotiguar.com.br\/index.php\/wp-json\/wp\/v2\/posts"}],"about":[{"href":"https:\/\/justicapotiguar.com.br\/index.php\/wp-json\/wp\/v2\/types\/post"}],"author":[{"embeddable":true,"href":"https:\/\/justicapotiguar.com.br\/index.php\/wp-json\/wp\/v2\/users\/5"}],"replies":[{"embeddable":true,"href":"https:\/\/justicapotiguar.com.br\/index.php\/wp-json\/wp\/v2\/comments?post=34686"}],"version-history":[{"count":1,"href":"https:\/\/justicapotiguar.com.br\/index.php\/wp-json\/wp\/v2\/posts\/34686\/revisions"}],"predecessor-version":[{"id":34687,"href":"https:\/\/justicapotiguar.com.br\/index.php\/wp-json\/wp\/v2\/posts\/34686\/revisions\/34687"}],"wp:attachment":[{"href":"https:\/\/justicapotiguar.com.br\/index.php\/wp-json\/wp\/v2\/media?parent=34686"}],"wp:term":[{"taxonomy":"category","embeddable":true,"href":"https:\/\/justicapotiguar.com.br\/index.php\/wp-json\/wp\/v2\/categories?post=34686"},{"taxonomy":"post_tag","embeddable":true,"href":"https:\/\/justicapotiguar.com.br\/index.php\/wp-json\/wp\/v2\/tags?post=34686"}],"curies":[{"name":"wp","href":"https:\/\/api.w.org\/{rel}","templated":true}]}}