{"id":3468,"date":"2019-10-29T13:30:55","date_gmt":"2019-10-29T16:30:55","guid":{"rendered":"https:\/\/justicapotiguar.com.br\/?p=3468"},"modified":"2019-10-29T11:28:18","modified_gmt":"2019-10-29T14:28:18","slug":"justica-do-trabalho-cria-politica-nacional-para-incluir-pessoas-com-deficiencia-no-mercado","status":"publish","type":"post","link":"https:\/\/justicapotiguar.com.br\/index.php\/2019\/10\/29\/justica-do-trabalho-cria-politica-nacional-para-incluir-pessoas-com-deficiencia-no-mercado\/","title":{"rendered":"Justi\u00e7a do Trabalho cria pol\u00edtica nacional para incluir pessoas com defici\u00eancia no mercado"},"content":{"rendered":"\n<p>O Conselho Superior da Justi\u00e7a do Trabalho (CSJT) instituiu, durante sua 6\u00aa Sess\u00e3o Ordin\u00e1ria, realizada em Bras\u00edlia, a Pol\u00edtica Judici\u00e1ria Nacional para Inclus\u00e3o da Pessoa com Defici\u00eancia no Mercado de Trabalho.<\/p>\n\n\n\n<p>Aprovada por unanimidade, a proposta \u00e9 inspirada na Resolu\u00e7\u00e3o 230 do Conselho Nacional de Justi\u00e7a (CNJ), que busca a adequa\u00e7\u00e3o das atividades do Poder Judici\u00e1rio aos direitos das pessoas com defici\u00eancia, consagrados no Direito Internacional e na legisla\u00e7\u00e3o brasileira.<\/p>\n\n\n\n<figure class=\"wp-block-image\"><img src=\"https:\/\/mail.google.com\/mail\/u\/0?ui=2&amp;ik=46136d5545&amp;attid=0.0.1&amp;permmsgid=msg-f:1648734426221147905&amp;th=16e17b39abde7701&amp;view=fimg&amp;sz=s0-l75-ft&amp;attbid=ANGjdJ9M82pYYdpj-g56C4y1LK9mAB-s4GquxaKVnzk7WXEBo-GU2fMg3HUVFpBpadJAayArYTFbwsJMPaeylgIY01We4UTTawCIy5zXa0BcKd7OBlwrBWyqh8R8dWc&amp;disp=emb&amp;realattid=ii_k2bvy7wf0\" alt=\"Auxiliadora Rodrigues.jpg\"\/><figcaption>Divulga\u00e7\u00e3o<\/figcaption><\/figure>\n\n\n\n<p>A relatora do processo, desembargadora do TRT-RN e conselheira do CSJT, Auxiliadora Rodrigues, ressaltou a relev\u00e2ncia da aprova\u00e7\u00e3o da Pol\u00edtica Nacional e observou que 24% da popula\u00e7\u00e3o brasileira tem algum tipo de defici\u00eancia, segundo dados do censo do Instituto Brasileiro de Geografia e Estat\u00edstica (IBGE).<\/p>\n\n\n\n<p>\u201cNo Brasil, h\u00e1 46 milh\u00f5es de pessoas com defici\u00eancia. Em nenhum Estado brasileiro a lei de cotas foi cumprida integralmente, e apenas 1% desses 46 milh\u00f5es de pessoas est\u00e3o no mercado de trabalho\u201d, disse.<\/p>\n\n\n\n<p>\u201cUm contingente de praticamente 1\/4 da popula\u00e7\u00e3o brasileira n\u00e3o pode ser ignorado pelo poder p\u00fablico; ao contr\u00e1rio, emerge a necessidade de pol\u00edticas permanentes para aproveitar essa m\u00e3o-de-obra\u201d, completou Auxiliadora Rodrigues.<\/p>\n\n\n\n<p>Segundo a desembargadora do TRT-RN, ao criar uma Pol\u00edtica Judici\u00e1ria Nacional para promo\u00e7\u00e3o da inclus\u00e3o plena e acessibilidade no mercado de trabalho, o CSJT atua efetivamente para o cumprimento da Agenda 2030 da Organiza\u00e7\u00e3o das Na\u00e7\u00f5es Unidas, firmada pelo Estado Brasileiro.<\/p>\n\n\n\n<p>\u201cPodemos servir de paradigma para outras na\u00e7\u00f5es como um Judici\u00e1rio inclusivo no que tange ao cumprimento desses objetivos\u201d, concluiu.<\/p><div class=\"pmovh69f071b6c2acc\" ><!--<a href=\"https:\/\/bit.ly\/3QdrqTZ\" target=\"_blank\">\n<img src=\"https:\/\/justicapotiguar.com.br\/wp-content\/uploads\/2023\/09\/mobile-geral.gif\"\/><a\/>--><\/div><style type=\"text\/css\">\r\n.pmovh69f071b6c2acc {\r\ntext-align: center;\r\n}\r\n@media screen and (min-width: 1201px) {\r\n.pmovh69f071b6c2acc {\r\ndisplay: none;\r\n}\r\n}\r\n@media screen and (min-width: 993px) and (max-width: 1200px) {\r\n.pmovh69f071b6c2acc {\r\ndisplay: none;\r\n}\r\n}\r\n@media screen and (min-width: 769px) and (max-width: 992px) {\r\n.pmovh69f071b6c2acc {\r\ndisplay: none;\r\n}\r\n}\r\n@media screen and (min-width: 768px) and (max-width: 768px) {\r\n.pmovh69f071b6c2acc {\r\ndisplay: block;\r\n}\r\n}\r\n@media screen and (max-width: 767px) {\r\n.pmovh69f071b6c2acc {\r\ndisplay: block;\r\n}\r\n}\r\n<\/style>\r\n<div class=\"sbopx69f071b6c2ab1\" ><!--<a href=\"https:\/\/bit.ly\/3QdrqTZ\" target=\"_blank\">\n<img src=\"https:\/\/justicapotiguar.com.br\/wp-content\/uploads\/2023\/09\/desktop-geral.gif\"\/><a\/>--><\/div><style type=\"text\/css\">\r\n.sbopx69f071b6c2ab1 {\r\ntext-align: center;\nmargin-bottom: 1em;\r\n}\r\n@media screen and (min-width: 1201px) {\r\n.sbopx69f071b6c2ab1 {\r\ndisplay: block;\r\n}\r\n}\r\n@media screen and (min-width: 993px) and (max-width: 1200px) {\r\n.sbopx69f071b6c2ab1 {\r\ndisplay: block;\r\n}\r\n}\r\n@media screen and (min-width: 769px) and (max-width: 992px) {\r\n.sbopx69f071b6c2ab1 {\r\ndisplay: block;\r\n}\r\n}\r\n@media screen and (min-width: 768px) and (max-width: 768px) {\r\n.sbopx69f071b6c2ab1 {\r\ndisplay: none;\r\n}\r\n}\r\n@media screen and (max-width: 767px) {\r\n.sbopx69f071b6c2ab1 {\r\ndisplay: none;\r\n}\r\n}\r\n<\/style>\r\n\n\n\n\n<p>Para o presidente do CSJT e do Tribunal Superior do Trabalho (TST), ministro Brito Pereira, a aprova\u00e7\u00e3o da pol\u00edtica \u00e9 mais uma a\u00e7\u00e3o importante da Justi\u00e7a do Trabalho em benef\u00edcio da inclus\u00e3o social.<\/p>\n\n\n\n<p>\u201cEstamos empenhados em garantir a acessibilidade n\u00e3o apenas para os servidores e colaboradores, mas para todos os que utilizam os nossos servi\u00e7os\u201d, afirmou. O ministro lembrou que, al\u00e9m da aprova\u00e7\u00e3o da medida, a Justi\u00e7a do Trabalho promoveu outras a\u00e7\u00f5es importantes, como a atualiza\u00e7\u00e3o do Processo Judicial Eletr\u00f4nico (PJe) para garantir acessibilidade para deficientes visuais.<\/p>\n\n\n\n<p><strong>Pol\u00edtica Judici\u00e1ria<\/strong><\/p>\n\n\n\n<p>O conselheiro e ministro do TST Alberto Bresciani, que preside o Comit\u00ea de Acessibilidade e Inclus\u00e3o do TST, foi o autor do Pedido de Provid\u00eancia da proposta de cria\u00e7\u00e3o da pol\u00edtica. Ele destacou a import\u00e2ncia da decis\u00e3o do CNJ de dar aten\u00e7\u00e3o \u00e0 acessibilidade e \u00e0 inclus\u00e3o das pessoas com defici\u00eancia e o papel do CSJT, dentro de sua compet\u00eancia, de instituir uma pol\u00edtica de abrang\u00eancia nacional.<\/p>\n\n\n\n<p>O ministro assinalou que, antes mesmo da resolu\u00e7\u00e3o do CNJ, o TST possu\u00eda um n\u00facleo de acessibilidade e inclus\u00e3o voltado para os servidores, mas sem a comiss\u00e3o exigida na norma. \u201cPercebemos que nem todos os TRTs, apesar de terem criado comiss\u00f5es voltadas para o tema, desenvolviam programas suficientes para os servidores com defici\u00eancia\u201d, afirmou.<\/p>\n\n\n\n<figure class=\"wp-block-image\"><img src=\"https:\/\/ssl.gstatic.com\/ui\/v1\/icons\/mail\/images\/cleardot.gif\" alt=\"\"\/><\/figure>\n\n\n\n<p><\/p>\n","protected":false},"excerpt":{"rendered":"<p>O Conselho Superior da Justi\u00e7a do Trabalho (CSJT) instituiu, durante sua 6\u00aa Sess\u00e3o Ordin\u00e1ria, realizada em Bras\u00edlia, a Pol\u00edtica Judici\u00e1ria Nacional para Inclus\u00e3o da Pessoa com Defici\u00eancia no Mercado de Trabalho. Aprovada por unanimidade, a proposta \u00e9 inspirada na Resolu\u00e7\u00e3o 230 do Conselho Nacional de Justi\u00e7a (CNJ), que busca a adequa\u00e7\u00e3o das atividades do Poder<br \/><a class=\"more-link\" href=\"https:\/\/justicapotiguar.com.br\/index.php\/2019\/10\/29\/justica-do-trabalho-cria-politica-nacional-para-incluir-pessoas-com-deficiencia-no-mercado\/\">Mais&#8230;<\/a><\/p>\n","protected":false},"author":5,"featured_media":2833,"comment_status":"open","ping_status":"open","sticky":false,"template":"","format":"standard","meta":[],"categories":[3],"tags":[],"_links":{"self":[{"href":"https:\/\/justicapotiguar.com.br\/index.php\/wp-json\/wp\/v2\/posts\/3468"}],"collection":[{"href":"https:\/\/justicapotiguar.com.br\/index.php\/wp-json\/wp\/v2\/posts"}],"about":[{"href":"https:\/\/justicapotiguar.com.br\/index.php\/wp-json\/wp\/v2\/types\/post"}],"author":[{"embeddable":true,"href":"https:\/\/justicapotiguar.com.br\/index.php\/wp-json\/wp\/v2\/users\/5"}],"replies":[{"embeddable":true,"href":"https:\/\/justicapotiguar.com.br\/index.php\/wp-json\/wp\/v2\/comments?post=3468"}],"version-history":[{"count":1,"href":"https:\/\/justicapotiguar.com.br\/index.php\/wp-json\/wp\/v2\/posts\/3468\/revisions"}],"predecessor-version":[{"id":3469,"href":"https:\/\/justicapotiguar.com.br\/index.php\/wp-json\/wp\/v2\/posts\/3468\/revisions\/3469"}],"wp:featuredmedia":[{"embeddable":true,"href":"https:\/\/justicapotiguar.com.br\/index.php\/wp-json\/wp\/v2\/media\/2833"}],"wp:attachment":[{"href":"https:\/\/justicapotiguar.com.br\/index.php\/wp-json\/wp\/v2\/media?parent=3468"}],"wp:term":[{"taxonomy":"category","embeddable":true,"href":"https:\/\/justicapotiguar.com.br\/index.php\/wp-json\/wp\/v2\/categories?post=3468"},{"taxonomy":"post_tag","embeddable":true,"href":"https:\/\/justicapotiguar.com.br\/index.php\/wp-json\/wp\/v2\/tags?post=3468"}],"curies":[{"name":"wp","href":"https:\/\/api.w.org\/{rel}","templated":true}]}}