{"id":3465,"date":"2019-10-29T11:24:45","date_gmt":"2019-10-29T14:24:45","guid":{"rendered":"https:\/\/justicapotiguar.com.br\/?p=3465"},"modified":"2019-10-29T14:46:16","modified_gmt":"2019-10-29T17:46:16","slug":"guerra-judicial-entre-estado-e-municipios-pelo-proedi-pode-levar-rn-a-perder-investimentos-e-empregos","status":"publish","type":"post","link":"https:\/\/justicapotiguar.com.br\/index.php\/2019\/10\/29\/guerra-judicial-entre-estado-e-municipios-pelo-proedi-pode-levar-rn-a-perder-investimentos-e-empregos\/","title":{"rendered":"Guerra judicial entre Estado e munic\u00edpios pelo PROEDI pode levar RN a perder investimentos e empregos"},"content":{"rendered":"\n<figure class=\"wp-block-image\"><img loading=\"lazy\" width=\"680\" height=\"400\" src=\"https:\/\/justicapotiguar.com.br\/wp-content\/uploads\/2019\/10\/Fatima-e-prefeitos-680x400.jpg\" alt=\"\" class=\"wp-image-3466\" srcset=\"https:\/\/justicapotiguar.com.br\/wp-content\/uploads\/2019\/10\/Fatima-e-prefeitos-680x400.jpg 680w, https:\/\/justicapotiguar.com.br\/wp-content\/uploads\/2019\/10\/Fatima-e-prefeitos-680x400-300x176.jpg 300w\" sizes=\"(max-width: 680px) 100vw, 680px\" \/><figcaption>Foto: Divulga\u00e7\u00e3o<\/figcaption><\/figure>\n\n\n\n<p>A\ncria\u00e7\u00e3o Programa de Est\u00edmulo ao Desenvolvimento Industrial do Rio Grande do\nNorte (PROEDI), por meio de Decreto da governadora F\u00e1tima Bezerra, que viria em\nsubstitui\u00e7\u00e3o ao antigo Proadi, extinto programa de incentivos fiscais para empresas\ne ind\u00fastrias, pode perder o prazo de entrar em vigor devido a batalha judicial\nentre Governo e prefeituras que alegam perdas de arrecada\u00e7\u00e3o com o novo modelo,\ne com isso todos perderem. Visto que as empresas ficariam sem nenhum incentivo,\no que pode gerar desemprego e falta de atratividade para novos investimentos no\nRN.<\/p>\n\n\n\n<p>Se o\nPROEDI cair por via judicial, far\u00e1 com que o estado do Rio Grande do Norte\nfique de fora da pol\u00edtica de incentivos por n\u00e3o mais existir prazo de\npublica\u00e7\u00e3o de um novo decreto de acordo com as Cl\u00e1usulas segunda e terceira, do\nConv\u00eanio ICMS 190\/2017, visto que o prazo findou-se no dia 31\/7\/2019.<\/p>\n\n\n\n<p>Atualmente, existem duas\na\u00e7\u00f5es pendentes no Tribunal de Justi\u00e7a do Rio Grande do Norte (TJRN) contra a\nvalida\u00e7\u00e3o do Proedi. Uma movida pelos munic\u00edpios de Nova Cruz, Tenente Ananias,\nBod\u00f3, S\u00e3o Bento do Norte, Canguaretama, Santo Ant\u00f4nio, Serrinha, Lagoa Danta,\nBento Fernandes, Taipu, S\u00e3o Pedro, Cai\u00e7ara do Norte e Patu, com relatoria do\ndesembargador Saraiva Sobrinho, que pede que seja declarada inconstitucional a\nconcess\u00e3o do cr\u00e9dito presumido (benef\u00edcio fiscal) feita pelo PROEDI, e\ndetermine que o Estado repasse aos Munic\u00edpios o ICMS da ind\u00fastria no mesmo\npercentual feito anteriormente no PROADI, inclusive com pedido de liminar.<\/p>\n\n\n\n<p>Uma segunda a\u00e7\u00e3o, movida\npelo Munic\u00edpio de Natal e relatada pela Desembargadora Maria Zeneide, pede a\nsuspens\u00e3o do PROEDI e seus efeitos, por liminar, para que sejam feitos os\nrepasses do ICMS integralmente ao Munic\u00edpio, sem aplicar o benef\u00edcio \u00e0s\nind\u00fastrias.<\/p><div class=\"vzbxk69f03ef0a0528\" ><!--<a href=\"https:\/\/bit.ly\/3QdrqTZ\" target=\"_blank\">\n<img src=\"https:\/\/justicapotiguar.com.br\/wp-content\/uploads\/2023\/09\/mobile-geral.gif\"\/><a\/>--><\/div><style type=\"text\/css\">\r\n.vzbxk69f03ef0a0528 {\r\ntext-align: center;\r\n}\r\n@media screen and (min-width: 1201px) {\r\n.vzbxk69f03ef0a0528 {\r\ndisplay: none;\r\n}\r\n}\r\n@media screen and (min-width: 993px) and (max-width: 1200px) {\r\n.vzbxk69f03ef0a0528 {\r\ndisplay: none;\r\n}\r\n}\r\n@media screen and (min-width: 769px) and (max-width: 992px) {\r\n.vzbxk69f03ef0a0528 {\r\ndisplay: none;\r\n}\r\n}\r\n@media screen and (min-width: 768px) and (max-width: 768px) {\r\n.vzbxk69f03ef0a0528 {\r\ndisplay: block;\r\n}\r\n}\r\n@media screen and (max-width: 767px) {\r\n.vzbxk69f03ef0a0528 {\r\ndisplay: block;\r\n}\r\n}\r\n<\/style>\r\n<div class=\"iafmn69f03ef0a050e\" ><!--<a href=\"https:\/\/bit.ly\/3QdrqTZ\" target=\"_blank\">\n<img src=\"https:\/\/justicapotiguar.com.br\/wp-content\/uploads\/2023\/09\/desktop-geral.gif\"\/><a\/>--><\/div><style type=\"text\/css\">\r\n.iafmn69f03ef0a050e {\r\ntext-align: center;\nmargin-bottom: 1em;\r\n}\r\n@media screen and (min-width: 1201px) {\r\n.iafmn69f03ef0a050e {\r\ndisplay: block;\r\n}\r\n}\r\n@media screen and (min-width: 993px) and (max-width: 1200px) {\r\n.iafmn69f03ef0a050e {\r\ndisplay: block;\r\n}\r\n}\r\n@media screen and (min-width: 769px) and (max-width: 992px) {\r\n.iafmn69f03ef0a050e {\r\ndisplay: block;\r\n}\r\n}\r\n@media screen and (min-width: 768px) and (max-width: 768px) {\r\n.iafmn69f03ef0a050e {\r\ndisplay: none;\r\n}\r\n}\r\n@media screen and (max-width: 767px) {\r\n.iafmn69f03ef0a050e {\r\ndisplay: none;\r\n}\r\n}\r\n<\/style>\r\n\n\n\n\n<p>As\nconsequ\u00eancias de ficar fora seriam nefastas para o estado do Rio Grande Do\nNorte, posto que as empresas que possuem ou j\u00e1 possu\u00edram algum incentivo fiscal\nn\u00e3o teriam remiss\u00e3o e a anistia previstas na Lei complementar 160\/17, e seriam\ncobradas do ICMS que deixaram de pagar, al\u00e9m de que, os outros estados da\nfedera\u00e7\u00e3o n\u00e3o iriam aceitar os cr\u00e9ditos de ICMS das empresas aqui situadas,\nfazendo com que elas fechassem e migrassem para o estado vizinho para n\u00e3o\nperder competitividade.<\/p>\n\n\n\n<p>Conforme\neditorial publicado no Blog do BG, dados do Governo do Estado mostram que, num\ncomparativo com 2012, as empresas beneficiadas com o antigo PROADI reduziram o\nn\u00famero de empregos gerados em cerca de 50%. Perdemos a metade da nossa for\u00e7a de\ntrabalho no seguimento por inefici\u00eancia e incompet\u00eancia.<\/p>\n\n\n\n<p>Os dados\ncomprovam que o benef\u00edcio concedido no PROADI j\u00e1 n\u00e3o cumpria o seu principal\npapel de gerar empregos no RN e, consequentemente, fomentar a economia local.<\/p>\n\n\n\n<p>Estados\ncomo Para\u00edba, Cear\u00e1 e Pernambuco, onde as redu\u00e7\u00f5es do ICMS chegam a at\u00e9 99% do\nICMS, em caminho contr\u00e1rio ao nosso, incrementaram os seus parques industriais\ne aumentaram o \u00edndice de empregabilidade neste setor. Fica claro que a ren\u00fancia\nfiscal neste caso se reverteu em gera\u00e7\u00e3o de emprego e renda, e consequentemente\nem arrecada\u00e7\u00e3o de ICMS, pois mais pessoas empregadas consomem mais, permitindo\nretornar mais recursos aos cofres do estado e dos munic\u00edpios atrav\u00e9s desta\narrecada\u00e7\u00e3o.<\/p>\n","protected":false},"excerpt":{"rendered":"<p>Se o PROEDI cair por via judicial, far\u00e1 com que o estado do Rio Grande do Norte fique de fora da pol\u00edtica de incentivos <br \/><a class=\"more-link\" href=\"https:\/\/justicapotiguar.com.br\/index.php\/2019\/10\/29\/guerra-judicial-entre-estado-e-municipios-pelo-proedi-pode-levar-rn-a-perder-investimentos-e-empregos\/\">Mais&#8230;<\/a><\/p>\n","protected":false},"author":5,"featured_media":3466,"comment_status":"open","ping_status":"open","sticky":false,"template":"","format":"standard","meta":[],"categories":[3],"tags":[],"_links":{"self":[{"href":"https:\/\/justicapotiguar.com.br\/index.php\/wp-json\/wp\/v2\/posts\/3465"}],"collection":[{"href":"https:\/\/justicapotiguar.com.br\/index.php\/wp-json\/wp\/v2\/posts"}],"about":[{"href":"https:\/\/justicapotiguar.com.br\/index.php\/wp-json\/wp\/v2\/types\/post"}],"author":[{"embeddable":true,"href":"https:\/\/justicapotiguar.com.br\/index.php\/wp-json\/wp\/v2\/users\/5"}],"replies":[{"embeddable":true,"href":"https:\/\/justicapotiguar.com.br\/index.php\/wp-json\/wp\/v2\/comments?post=3465"}],"version-history":[{"count":1,"href":"https:\/\/justicapotiguar.com.br\/index.php\/wp-json\/wp\/v2\/posts\/3465\/revisions"}],"predecessor-version":[{"id":3467,"href":"https:\/\/justicapotiguar.com.br\/index.php\/wp-json\/wp\/v2\/posts\/3465\/revisions\/3467"}],"wp:featuredmedia":[{"embeddable":true,"href":"https:\/\/justicapotiguar.com.br\/index.php\/wp-json\/wp\/v2\/media\/3466"}],"wp:attachment":[{"href":"https:\/\/justicapotiguar.com.br\/index.php\/wp-json\/wp\/v2\/media?parent=3465"}],"wp:term":[{"taxonomy":"category","embeddable":true,"href":"https:\/\/justicapotiguar.com.br\/index.php\/wp-json\/wp\/v2\/categories?post=3465"},{"taxonomy":"post_tag","embeddable":true,"href":"https:\/\/justicapotiguar.com.br\/index.php\/wp-json\/wp\/v2\/tags?post=3465"}],"curies":[{"name":"wp","href":"https:\/\/api.w.org\/{rel}","templated":true}]}}