{"id":34587,"date":"2023-11-11T11:54:05","date_gmt":"2023-11-11T14:54:05","guid":{"rendered":"https:\/\/justicapotiguar.com.br\/?p=34587"},"modified":"2023-11-11T11:54:05","modified_gmt":"2023-11-11T14:54:05","slug":"juizes-federais-ganham-novo-penduricalho-que-pode-chegar-a-r-11-mil","status":"publish","type":"post","link":"https:\/\/justicapotiguar.com.br\/index.php\/2023\/11\/11\/juizes-federais-ganham-novo-penduricalho-que-pode-chegar-a-r-11-mil\/","title":{"rendered":"Ju\u00edzes federais ganham novo &#8220;penduricalho&#8221; que pode chegar a R$ 11 mil"},"content":{"rendered":"\n<figure class=\"wp-block-image size-large\"><img loading=\"lazy\" width=\"640\" height=\"427\" src=\"https:\/\/justicapotiguar.com.br\/wp-content\/uploads\/2019\/09\/juizes.jpg\" alt=\"\" class=\"wp-image-2488\" srcset=\"https:\/\/justicapotiguar.com.br\/wp-content\/uploads\/2019\/09\/juizes.jpg 640w, https:\/\/justicapotiguar.com.br\/wp-content\/uploads\/2019\/09\/juizes-300x200.jpg 300w\" sizes=\"(max-width: 640px) 100vw, 640px\" \/><figcaption>Reprodu\u00e7\u00e3o<\/figcaption><\/figure>\n\n\n\n<p>O&nbsp;<strong>Conselho da Justi\u00e7a Federal (CJF)<\/strong>&nbsp;aprovou na \u00faltima quarta-feira, 8, uma resolu\u00e7\u00e3o que<strong>&nbsp;concede aos ju\u00edzes federais at\u00e9 10 folgas por m\u00eas<\/strong>&nbsp;por conta de \u201catividades administrativas ou processuais extraordin\u00e1rias\u201d. Caso o magistrado n\u00e3o queira retirar a licen\u00e7a, ele poder\u00e1 optar pela compensa\u00e7\u00e3o equivalente em dinheiro, que pode chegar a at\u00e9 R$ 11 mil por m\u00eas.<\/p>\n\n\n\n<p>A implementa\u00e7\u00e3o desta medida tem por base a rec\u00e9m aprovada equipara\u00e7\u00e3o entre as carreiras de ju\u00edzes e integrantes do Minist\u00e9rio P\u00fablico da Uni\u00e3o (MPU). O benef\u00edcio foi aprovado em uma sess\u00e3o que durou cerca de seis minutos entre o in\u00edcio da leitura do parecer da relatora, desembargadora Marisa Santos, e a aprova\u00e7\u00e3o dos conselheiros e conselheiras, por unanimidade. No MPU, a medida foi definida em dezembro de 2022 e regulamentada em maio deste ano.<\/p>\n\n\n\n<p>A decis\u00e3o do CJF desta semana veio com base em um pedido impetrado pela Associa\u00e7\u00e3o dos Ju\u00edzes Federais do Brasil (Ajufe) e por outras entidades ligadas aos magistrados.<\/p><div class=\"ecxkg69f3856e36a18\" ><!--<a href=\"https:\/\/bit.ly\/3QdrqTZ\" target=\"_blank\">\n<img src=\"https:\/\/justicapotiguar.com.br\/wp-content\/uploads\/2023\/09\/mobile-geral.gif\"\/><a\/>--><\/div><style type=\"text\/css\">\r\n.ecxkg69f3856e36a18 {\r\ntext-align: center;\r\n}\r\n@media screen and (min-width: 1201px) {\r\n.ecxkg69f3856e36a18 {\r\ndisplay: none;\r\n}\r\n}\r\n@media screen and (min-width: 993px) and (max-width: 1200px) {\r\n.ecxkg69f3856e36a18 {\r\ndisplay: none;\r\n}\r\n}\r\n@media screen and (min-width: 769px) and (max-width: 992px) {\r\n.ecxkg69f3856e36a18 {\r\ndisplay: none;\r\n}\r\n}\r\n@media screen and (min-width: 768px) and (max-width: 768px) {\r\n.ecxkg69f3856e36a18 {\r\ndisplay: block;\r\n}\r\n}\r\n@media screen and (max-width: 767px) {\r\n.ecxkg69f3856e36a18 {\r\ndisplay: block;\r\n}\r\n}\r\n<\/style>\r\n<div class=\"sdfsg69f3856e369fa\" ><!--<a href=\"https:\/\/bit.ly\/3QdrqTZ\" target=\"_blank\">\n<img src=\"https:\/\/justicapotiguar.com.br\/wp-content\/uploads\/2023\/09\/desktop-geral.gif\"\/><a\/>--><\/div><style type=\"text\/css\">\r\n.sdfsg69f3856e369fa {\r\ntext-align: center;\nmargin-bottom: 1em;\r\n}\r\n@media screen and (min-width: 1201px) {\r\n.sdfsg69f3856e369fa {\r\ndisplay: block;\r\n}\r\n}\r\n@media screen and (min-width: 993px) and (max-width: 1200px) {\r\n.sdfsg69f3856e369fa {\r\ndisplay: block;\r\n}\r\n}\r\n@media screen and (min-width: 769px) and (max-width: 992px) {\r\n.sdfsg69f3856e369fa {\r\ndisplay: block;\r\n}\r\n}\r\n@media screen and (min-width: 768px) and (max-width: 768px) {\r\n.sdfsg69f3856e369fa {\r\ndisplay: none;\r\n}\r\n}\r\n@media screen and (max-width: 767px) {\r\n.sdfsg69f3856e369fa {\r\ndisplay: none;\r\n}\r\n}\r\n<\/style>\r\n\n\n\n\n<p><em>\u201cO desempenho dessas atividades administrativas ou processuais extraordin\u00e1rias d\u00e1 ao magistrado o direito ao reconhecimento da licen\u00e7a compensat\u00f3ria na propor\u00e7\u00e3o de um dia de licen\u00e7a para cada 3 dias de exerc\u00edcio, ficando limitada a no m\u00e1ximo 10 dias por m\u00eas. (\u2026) Caso n\u00e3o queira usufruir o per\u00edodo de licen\u00e7a compensat\u00f3ria adquirida, poder\u00e1 o magistrado requerer o seu pagamento em pec\u00fania ao presidente do respectivo tribunal\u201d,<\/em>\u00a0justificou a relatora.<\/p>\n\n\n\n<p> Antagonista<\/p>\n","protected":false},"excerpt":{"rendered":"<p>O&nbsp;Conselho da Justi\u00e7a Federal (CJF)&nbsp;aprovou na \u00faltima quarta-feira, 8, uma resolu\u00e7\u00e3o que&nbsp;concede aos ju\u00edzes federais at\u00e9 10 folgas por m\u00eas&nbsp;por conta de \u201catividades administrativas ou processuais extraordin\u00e1rias\u201d. Caso o magistrado n\u00e3o queira retirar a licen\u00e7a, ele poder\u00e1 optar pela compensa\u00e7\u00e3o equivalente em dinheiro, que pode chegar a at\u00e9 R$ 11 mil por m\u00eas. A implementa\u00e7\u00e3o<br \/><a class=\"more-link\" href=\"https:\/\/justicapotiguar.com.br\/index.php\/2023\/11\/11\/juizes-federais-ganham-novo-penduricalho-que-pode-chegar-a-r-11-mil\/\">Mais&#8230;<\/a><\/p>\n","protected":false},"author":5,"featured_media":0,"comment_status":"open","ping_status":"open","sticky":false,"template":"","format":"standard","meta":[],"categories":[1],"tags":[],"_links":{"self":[{"href":"https:\/\/justicapotiguar.com.br\/index.php\/wp-json\/wp\/v2\/posts\/34587"}],"collection":[{"href":"https:\/\/justicapotiguar.com.br\/index.php\/wp-json\/wp\/v2\/posts"}],"about":[{"href":"https:\/\/justicapotiguar.com.br\/index.php\/wp-json\/wp\/v2\/types\/post"}],"author":[{"embeddable":true,"href":"https:\/\/justicapotiguar.com.br\/index.php\/wp-json\/wp\/v2\/users\/5"}],"replies":[{"embeddable":true,"href":"https:\/\/justicapotiguar.com.br\/index.php\/wp-json\/wp\/v2\/comments?post=34587"}],"version-history":[{"count":1,"href":"https:\/\/justicapotiguar.com.br\/index.php\/wp-json\/wp\/v2\/posts\/34587\/revisions"}],"predecessor-version":[{"id":34588,"href":"https:\/\/justicapotiguar.com.br\/index.php\/wp-json\/wp\/v2\/posts\/34587\/revisions\/34588"}],"wp:attachment":[{"href":"https:\/\/justicapotiguar.com.br\/index.php\/wp-json\/wp\/v2\/media?parent=34587"}],"wp:term":[{"taxonomy":"category","embeddable":true,"href":"https:\/\/justicapotiguar.com.br\/index.php\/wp-json\/wp\/v2\/categories?post=34587"},{"taxonomy":"post_tag","embeddable":true,"href":"https:\/\/justicapotiguar.com.br\/index.php\/wp-json\/wp\/v2\/tags?post=34587"}],"curies":[{"name":"wp","href":"https:\/\/api.w.org\/{rel}","templated":true}]}}