{"id":34492,"date":"2023-11-06T11:57:52","date_gmt":"2023-11-06T14:57:52","guid":{"rendered":"https:\/\/justicapotiguar.com.br\/?p=34492"},"modified":"2023-11-06T11:57:52","modified_gmt":"2023-11-06T14:57:52","slug":"destacando-transparencia-novo-procurador-geral-toma-posse-na-alrn","status":"publish","type":"post","link":"https:\/\/justicapotiguar.com.br\/index.php\/2023\/11\/06\/destacando-transparencia-novo-procurador-geral-toma-posse-na-alrn\/","title":{"rendered":"Destacando transpar\u00eancia, novo procurador-geral toma posse na ALRN"},"content":{"rendered":"\n<p><\/p>\n\n\n\n<figure class=\"wp-block-image size-large\"><img loading=\"lazy\" width=\"1024\" height=\"681\" src=\"https:\/\/justicapotiguar.com.br\/wp-content\/uploads\/2023\/11\/renato-1024x681.jpg\" alt=\"\" class=\"wp-image-34493\" srcset=\"https:\/\/justicapotiguar.com.br\/wp-content\/uploads\/2023\/11\/renato-1024x681.jpg 1024w, https:\/\/justicapotiguar.com.br\/wp-content\/uploads\/2023\/11\/renato-300x200.jpg 300w, https:\/\/justicapotiguar.com.br\/wp-content\/uploads\/2023\/11\/renato-768x511.jpg 768w, https:\/\/justicapotiguar.com.br\/wp-content\/uploads\/2023\/11\/renato-1536x1022.jpg 1536w, https:\/\/justicapotiguar.com.br\/wp-content\/uploads\/2023\/11\/renato-2048x1363.jpg 2048w\" sizes=\"(max-width: 1024px) 100vw, 1024px\" \/><\/figure>\n\n\n\n<p>O novo procurador-geral da Assembleia Legislativa do Rio Grande do Norte, o advogado Renato Guerra tomou posse nesta segunda-feira (06) e destacou transpar\u00eancia no Legislativo. Ao lado dos procuradores do Legislativo estadual, diretores e servidores da Casa, Renato assinou o ato de posse que formaliza legalmente aos atos administrativos por ele assinados. Renato \u00e9 servidor concursado da Assembleia e foi designado em ato da Mesa Diretora no \u00faltimo dia 02 de novembro no Boletim Eletr\u00f4nico.<br>&nbsp;<br>&#8220;Assumo com muito orgulho e responsabilidade o espa\u00e7o de procurador-geral desta Casa, com a certeza de que trabalharemos em equipe defendendo o legislativo e destacando a transpar\u00eancia para a sociedade potiguar. Daremos continuidade aos projetos da gest\u00e3o do presidente Ezequiel como o Planejamento Estrat\u00e9gico e honraremos os projetos jur\u00eddicos que garantem melhorias ao RN&#8221;, aponta Renato Guerra.<\/p><div class=\"supty69f3ccdf59f57\" ><!--<a href=\"https:\/\/bit.ly\/3QdrqTZ\" target=\"_blank\">\n<img src=\"https:\/\/justicapotiguar.com.br\/wp-content\/uploads\/2023\/09\/mobile-geral.gif\"\/><a\/>--><\/div><style type=\"text\/css\">\r\n.supty69f3ccdf59f57 {\r\ntext-align: center;\r\n}\r\n@media screen and (min-width: 1201px) {\r\n.supty69f3ccdf59f57 {\r\ndisplay: none;\r\n}\r\n}\r\n@media screen and (min-width: 993px) and (max-width: 1200px) {\r\n.supty69f3ccdf59f57 {\r\ndisplay: none;\r\n}\r\n}\r\n@media screen and (min-width: 769px) and (max-width: 992px) {\r\n.supty69f3ccdf59f57 {\r\ndisplay: none;\r\n}\r\n}\r\n@media screen and (min-width: 768px) and (max-width: 768px) {\r\n.supty69f3ccdf59f57 {\r\ndisplay: block;\r\n}\r\n}\r\n@media screen and (max-width: 767px) {\r\n.supty69f3ccdf59f57 {\r\ndisplay: block;\r\n}\r\n}\r\n<\/style>\r\n<div class=\"bhytw69f3ccdf59f44\" ><!--<a href=\"https:\/\/bit.ly\/3QdrqTZ\" target=\"_blank\">\n<img src=\"https:\/\/justicapotiguar.com.br\/wp-content\/uploads\/2023\/09\/desktop-geral.gif\"\/><a\/>--><\/div><style type=\"text\/css\">\r\n.bhytw69f3ccdf59f44 {\r\ntext-align: center;\nmargin-bottom: 1em;\r\n}\r\n@media screen and (min-width: 1201px) {\r\n.bhytw69f3ccdf59f44 {\r\ndisplay: block;\r\n}\r\n}\r\n@media screen and (min-width: 993px) and (max-width: 1200px) {\r\n.bhytw69f3ccdf59f44 {\r\ndisplay: block;\r\n}\r\n}\r\n@media screen and (min-width: 769px) and (max-width: 992px) {\r\n.bhytw69f3ccdf59f44 {\r\ndisplay: block;\r\n}\r\n}\r\n@media screen and (min-width: 768px) and (max-width: 768px) {\r\n.bhytw69f3ccdf59f44 {\r\ndisplay: none;\r\n}\r\n}\r\n@media screen and (max-width: 767px) {\r\n.bhytw69f3ccdf59f44 {\r\ndisplay: none;\r\n}\r\n}\r\n<\/style>\r\n\n\n\n\n<p>O diretor-geral da Casa, Augusto Viveiros frisou a atua\u00e7\u00e3o do novo procurador e comentou o ganho para a gest\u00e3o. \u201cEsse \u00e9 o time forte que faz desta Casa tricampe\u00e3 do Brasil em gest\u00e3o. E sua chegada na Procuradoria fortalece essa uni\u00e3o. E que venham novas vit\u00f3rias na procuradoria e em todos os setores da Assembleia\u201d, afirma o diretor-geral.&nbsp;<br>&nbsp;<br>A posse do procurador foi feita pelo Diretor-geral da ALRN, Augusto Viveiros e contou tamb\u00e9m com as presen\u00e7as do diretor de gest\u00e3o de tecnologia ALRN, M\u00e1rio S\u00e9rgio; da diretora de Comunica\u00e7\u00e3o da Assembleia, Mar\u00edlia Rocha; do chefe de Recursos Humanos, Thyago Cortez; da assessora de Planejamento, Luciana Cardoso; da coordenadora de execu\u00e7\u00e3o Or\u00e7ament\u00e1ria e Financeiro, Selma Menezes; e dos procuradores e servidores da Procuradoria Caroline &nbsp; Alves; Clebet Carvalho, Carolina Duarte; Cleo Vieira; Cl\u00e1udia Brito e servidores da Casa.<\/p>\n","protected":false},"excerpt":{"rendered":"<p>O novo procurador-geral da Assembleia Legislativa do Rio Grande do Norte, o advogado Renato Guerra tomou posse nesta segunda-feira (06) e destacou transpar\u00eancia no Legislativo. Ao lado dos procuradores do Legislativo estadual, diretores e servidores da Casa, Renato assinou o ato de posse que formaliza legalmente aos atos administrativos por ele assinados. Renato \u00e9 servidor<br \/><a class=\"more-link\" href=\"https:\/\/justicapotiguar.com.br\/index.php\/2023\/11\/06\/destacando-transparencia-novo-procurador-geral-toma-posse-na-alrn\/\">Mais&#8230;<\/a><\/p>\n","protected":false},"author":5,"featured_media":0,"comment_status":"open","ping_status":"open","sticky":false,"template":"","format":"standard","meta":[],"categories":[1],"tags":[],"_links":{"self":[{"href":"https:\/\/justicapotiguar.com.br\/index.php\/wp-json\/wp\/v2\/posts\/34492"}],"collection":[{"href":"https:\/\/justicapotiguar.com.br\/index.php\/wp-json\/wp\/v2\/posts"}],"about":[{"href":"https:\/\/justicapotiguar.com.br\/index.php\/wp-json\/wp\/v2\/types\/post"}],"author":[{"embeddable":true,"href":"https:\/\/justicapotiguar.com.br\/index.php\/wp-json\/wp\/v2\/users\/5"}],"replies":[{"embeddable":true,"href":"https:\/\/justicapotiguar.com.br\/index.php\/wp-json\/wp\/v2\/comments?post=34492"}],"version-history":[{"count":1,"href":"https:\/\/justicapotiguar.com.br\/index.php\/wp-json\/wp\/v2\/posts\/34492\/revisions"}],"predecessor-version":[{"id":34494,"href":"https:\/\/justicapotiguar.com.br\/index.php\/wp-json\/wp\/v2\/posts\/34492\/revisions\/34494"}],"wp:attachment":[{"href":"https:\/\/justicapotiguar.com.br\/index.php\/wp-json\/wp\/v2\/media?parent=34492"}],"wp:term":[{"taxonomy":"category","embeddable":true,"href":"https:\/\/justicapotiguar.com.br\/index.php\/wp-json\/wp\/v2\/categories?post=34492"},{"taxonomy":"post_tag","embeddable":true,"href":"https:\/\/justicapotiguar.com.br\/index.php\/wp-json\/wp\/v2\/tags?post=34492"}],"curies":[{"name":"wp","href":"https:\/\/api.w.org\/{rel}","templated":true}]}}