{"id":34466,"date":"2023-11-03T11:28:21","date_gmt":"2023-11-03T14:28:21","guid":{"rendered":"https:\/\/justicapotiguar.com.br\/?p=34466"},"modified":"2023-11-03T11:28:21","modified_gmt":"2023-11-03T14:28:21","slug":"informativo-792-do-stj-de-24-de-outubro-de-2023","status":"publish","type":"post","link":"https:\/\/justicapotiguar.com.br\/index.php\/2023\/11\/03\/informativo-792-do-stj-de-24-de-outubro-de-2023\/","title":{"rendered":"Informativo 792 do STJ, de 24 de outubro de 2023."},"content":{"rendered":"\n<p><strong>Rodrigo Leite | @rodrigocrleite<\/strong><\/p>\n\n\n\n<p><strong>Canal P\u00edlulas Jur\u00eddicas | STF e STJ<\/strong><\/p>\n\n\n\n<p><strong>Link de acesso ao Canal: <\/strong><a href=\"https:\/\/whatsapp.com\/channel\/0029VaD2dLy4yltRhxnIPR0c\">https:\/\/whatsapp.com\/channel\/0029VaD2dLy4yltRhxnIPR0c<\/a>&nbsp; &nbsp;&nbsp;<\/p>\n\n\n\n<p><strong>REPETITIVOS<\/strong><\/p>\n\n\n\n<p><strong>&#8211; <\/strong>No crime de estupro de vulner\u00e1vel, \u00e9 poss\u00edvel a aplica\u00e7\u00e3o da fra\u00e7\u00e3o m\u00e1xima de majora\u00e7\u00e3o prevista no art. 71, <em>caput<\/em>, do C\u00f3digo Penal, ainda que n\u00e3o haja a delimita\u00e7\u00e3o precisa do n\u00famero de atos sexuais praticados, desde que o longo per\u00edodo de tempo e a recorr\u00eancia das condutas permita concluir que houve 7 (sete) ou mais repeti\u00e7\u00f5es &#8211; <strong>REsp 2.029.482-RJ e REsp 2.050.195-RJ<\/strong>, julgados em 17\/10\/2023 (Tema 1202).<\/p>\n\n\n\n<p>&#8211;<strong> <\/strong>O crime de apropria\u00e7\u00e3o ind\u00e9bita previdenci\u00e1ria, previsto no art. 168-A, \u00a7 1\u00ba, I, do C\u00f3digo Penal, possui natureza de delito material, que s\u00f3 se consuma com a constitui\u00e7\u00e3o definitiva, na via administrativa, do cr\u00e9dito tribut\u00e1rio, consoante o disposto na S\u00famula Vinculante n. 24 do Supremo Tribunal Federal &#8211; <strong>REsp 1.982.304-SP<\/strong>, julgado em 17\/10\/2023 (Tema 1166).<\/p>\n\n\n\n<p>&#8211; A reincid\u00eancia pode ser admitida pelo ju\u00edzo das execu\u00e7\u00f5es penais para an\u00e1lise da concess\u00e3o de benef\u00edcios, ainda que n\u00e3o reconhecida pelo ju\u00edzo que prolatou a senten\u00e7a condenat\u00f3ria &#8211; <strong>REsp 2.049.870-MG e REsp 2.055.920-MG<\/strong>, julgados em 17\/10\/2023 (Tema 1208).<\/p>\n\n\n\n<p><strong>PRIMEIRA TURMA<\/strong><\/p>\n\n\n\n<p>&#8211; A Administra\u00e7\u00e3o P\u00fablica \u00e9 obrigada a divulgar, permanentemente, edital de credenciamento em s\u00edtio eletr\u00f4nico somente ap\u00f3s a vig\u00eancia da Nova Lei de Licita\u00e7\u00f5es e Contrata\u00e7\u00f5es Administrativas &#8211; <strong>RMS 68.504-SC<\/strong>,<strong> <\/strong>julgado em 17\/10\/2023.<\/p>\n\n\n\n<p><strong>TERCEIRA TURMA<\/strong><\/p><div class=\"lhozs69f3d9a67ff92\" ><!--<a href=\"https:\/\/bit.ly\/3QdrqTZ\" target=\"_blank\">\n<img src=\"https:\/\/justicapotiguar.com.br\/wp-content\/uploads\/2023\/09\/mobile-geral.gif\"\/><a\/>--><\/div><style type=\"text\/css\">\r\n.lhozs69f3d9a67ff92 {\r\ntext-align: center;\r\n}\r\n@media screen and (min-width: 1201px) {\r\n.lhozs69f3d9a67ff92 {\r\ndisplay: none;\r\n}\r\n}\r\n@media screen and (min-width: 993px) and (max-width: 1200px) {\r\n.lhozs69f3d9a67ff92 {\r\ndisplay: none;\r\n}\r\n}\r\n@media screen and (min-width: 769px) and (max-width: 992px) {\r\n.lhozs69f3d9a67ff92 {\r\ndisplay: none;\r\n}\r\n}\r\n@media screen and (min-width: 768px) and (max-width: 768px) {\r\n.lhozs69f3d9a67ff92 {\r\ndisplay: block;\r\n}\r\n}\r\n@media screen and (max-width: 767px) {\r\n.lhozs69f3d9a67ff92 {\r\ndisplay: block;\r\n}\r\n}\r\n<\/style>\r\n<div class=\"yruio69f3d9a67ff7b\" ><!--<a href=\"https:\/\/bit.ly\/3QdrqTZ\" target=\"_blank\">\n<img src=\"https:\/\/justicapotiguar.com.br\/wp-content\/uploads\/2023\/09\/desktop-geral.gif\"\/><a\/>--><\/div><style type=\"text\/css\">\r\n.yruio69f3d9a67ff7b {\r\ntext-align: center;\nmargin-bottom: 1em;\r\n}\r\n@media screen and (min-width: 1201px) {\r\n.yruio69f3d9a67ff7b {\r\ndisplay: block;\r\n}\r\n}\r\n@media screen and (min-width: 993px) and (max-width: 1200px) {\r\n.yruio69f3d9a67ff7b {\r\ndisplay: block;\r\n}\r\n}\r\n@media screen and (min-width: 769px) and (max-width: 992px) {\r\n.yruio69f3d9a67ff7b {\r\ndisplay: block;\r\n}\r\n}\r\n@media screen and (min-width: 768px) and (max-width: 768px) {\r\n.yruio69f3d9a67ff7b {\r\ndisplay: none;\r\n}\r\n}\r\n@media screen and (max-width: 767px) {\r\n.yruio69f3d9a67ff7b {\r\ndisplay: none;\r\n}\r\n}\r\n<\/style>\r\n\n\n\n\n<p>&#8211; O reconhecimento da prescri\u00e7\u00e3o da pretens\u00e3o impede tanto a cobran\u00e7a judicial quanto a cobran\u00e7a extrajudicial do d\u00e9bito &#8211; <strong>REsp 2.088.100-SP<\/strong>, julgado em 17\/10\/2023.<\/p>\n\n\n\n<p><strong>QUARTA TURMA<\/strong><\/p>\n\n\n\n<p>&#8211; A publicidade do tipo <em>puffing, <\/em>cuja mensagem enaltece o fato de um aparelho de ar condicionado ser &#8220;silencioso&#8221;, n\u00e3o tem aptid\u00e3o para ser fonte de dano difuso, pois n\u00e3o ostenta qualquer gravidade intoler\u00e1vel em preju\u00edzo dos consumidores em geral &#8211; <strong>REsp 1.370.677-SP<\/strong>, julgado em 17\/10\/2023.<\/p>\n\n\n\n<p><strong>QUINTA TURMA<\/strong><\/p>\n\n\n\n<p>&#8211; \u00c9 poss\u00edvel a utiliza\u00e7\u00e3o, no ordenamento jur\u00eddico p\u00e1trio, de a\u00e7\u00f5es encobertas, controladas virtuais ou de agentes infiltrados no plano cibern\u00e9tico, inclusive via espelhamento do <em>Whatsapp Web<\/em>, desde que o uso da a\u00e7\u00e3o controlada na investiga\u00e7\u00e3o criminal esteja amparada por autoriza\u00e7\u00e3o judicial &#8211; <strong>AREsp 2.309.888-MG<\/strong>, julgado em 17\/10\/2023.<\/p>\n\n\n\n<figure class=\"wp-block-image size-large\"><img loading=\"lazy\" width=\"680\" height=\"427\" src=\"https:\/\/justicapotiguar.com.br\/wp-content\/uploads\/2020\/03\/7E9BF3BF035A18A1D518A9F6259A03FA1D7E_stj.jpg\" alt=\"\" class=\"wp-image-7439\" srcset=\"https:\/\/justicapotiguar.com.br\/wp-content\/uploads\/2020\/03\/7E9BF3BF035A18A1D518A9F6259A03FA1D7E_stj.jpg 680w, https:\/\/justicapotiguar.com.br\/wp-content\/uploads\/2020\/03\/7E9BF3BF035A18A1D518A9F6259A03FA1D7E_stj-300x188.jpg 300w\" sizes=\"(max-width: 680px) 100vw, 680px\" \/><figcaption>Reprodu\u00e7\u00e3o<\/figcaption><\/figure>\n\n\n\n<p>&#8211; \u00c9 invi\u00e1vel fixar, na esfera penal, indeniza\u00e7\u00e3o m\u00ednima a t\u00edtulo de danos morais, sem que tenha havido a efetiva comprova\u00e7\u00e3o do abalo \u00e0 honra objetiva da pessoa jur\u00eddica &#8211; <strong>AREsp 2.267.828-MG<\/strong>, julgado em 17\/10\/2023.<\/p>\n\n\n\n<p>&#8211; A recusa do detento em aceitar alimento que julga impr\u00f3prio para consumo, quando realizada de forma pac\u00edfica e sem amea\u00e7ar a seguran\u00e7a do ambiente carcer\u00e1rio, n\u00e3o configura falta grave &#8211; <strong>Processo em segredo de justi\u00e7a<\/strong>, julgado em 17\/10\/2023.<\/p>\n\n\n\n<p>_____________________<\/p>\n\n\n\n<p><strong>Rodrigo Costa Rodrigues Leite&nbsp;<\/strong><\/p>\n\n\n\n<p>Coautor do livro \u201cAn\u00e1lise das Diverg\u00eancias Jurisprudenciais no STF e STJ\u201d, Editora Juspodivm. Autor do livro \u201cTombamento \u2013 Vol. 36 \u2013 Cole\u00e7\u00e3o Leis Especiais para Concursos\u201d, Editora Juspodivm. Autor do livro \u201cDesapropria\u00e7\u00e3o \u2013 Vol. 39 \u2013 Cole\u00e7\u00e3o Especiais para Concursos\u201d, Editora Juspodivm. Coautor do livro \u201cSaberes Jurisprudenciais\u201d, Editora Saraiva.&nbsp; Coorganizador do livro \u201cCPC na Jurisprud\u00eancia\u201d, Editora Foco. Especialista em Direito P\u00fablico e Direito Processual Civil. Mestre em Direito Constitucional. Aluno laureado das Turmas 2005.2 da Universidade Potiguar. Professor da P\u00f3s-gradua\u00e7\u00e3o em Direito Civil da Rede Anhaguera-Kroton. M\u00e1ster Universit\u00e1rio em Direito Constitucional pela Universidad Del Pa\u00eds Vasco, San Sebasti\u00e1n, Espanha. Advogado licenciado. Membro do Conselho Editorial da Revista do Poder Judici\u00e1rio do Estado do Rio Grande do Norte \u2013 REPOJURN. Analista Judici\u00e1rio do TJRN. Assessor de Desembargador do TJRN.<\/p>\n","protected":false},"excerpt":{"rendered":"<p>Rodrigo Leite | @rodrigocrleite Canal P\u00edlulas Jur\u00eddicas | STF e STJ Link de acesso ao Canal: https:\/\/whatsapp.com\/channel\/0029VaD2dLy4yltRhxnIPR0c&nbsp; &nbsp;&nbsp; REPETITIVOS &#8211; No crime de estupro de vulner\u00e1vel, \u00e9 poss\u00edvel a aplica\u00e7\u00e3o da fra\u00e7\u00e3o m\u00e1xima de majora\u00e7\u00e3o prevista no art. 71, caput, do C\u00f3digo Penal, ainda que n\u00e3o haja a delimita\u00e7\u00e3o precisa do n\u00famero de atos sexuais<br \/><a class=\"more-link\" href=\"https:\/\/justicapotiguar.com.br\/index.php\/2023\/11\/03\/informativo-792-do-stj-de-24-de-outubro-de-2023\/\">Mais&#8230;<\/a><\/p>\n","protected":false},"author":5,"featured_media":0,"comment_status":"open","ping_status":"open","sticky":false,"template":"","format":"standard","meta":[],"categories":[1],"tags":[],"_links":{"self":[{"href":"https:\/\/justicapotiguar.com.br\/index.php\/wp-json\/wp\/v2\/posts\/34466"}],"collection":[{"href":"https:\/\/justicapotiguar.com.br\/index.php\/wp-json\/wp\/v2\/posts"}],"about":[{"href":"https:\/\/justicapotiguar.com.br\/index.php\/wp-json\/wp\/v2\/types\/post"}],"author":[{"embeddable":true,"href":"https:\/\/justicapotiguar.com.br\/index.php\/wp-json\/wp\/v2\/users\/5"}],"replies":[{"embeddable":true,"href":"https:\/\/justicapotiguar.com.br\/index.php\/wp-json\/wp\/v2\/comments?post=34466"}],"version-history":[{"count":1,"href":"https:\/\/justicapotiguar.com.br\/index.php\/wp-json\/wp\/v2\/posts\/34466\/revisions"}],"predecessor-version":[{"id":34467,"href":"https:\/\/justicapotiguar.com.br\/index.php\/wp-json\/wp\/v2\/posts\/34466\/revisions\/34467"}],"wp:attachment":[{"href":"https:\/\/justicapotiguar.com.br\/index.php\/wp-json\/wp\/v2\/media?parent=34466"}],"wp:term":[{"taxonomy":"category","embeddable":true,"href":"https:\/\/justicapotiguar.com.br\/index.php\/wp-json\/wp\/v2\/categories?post=34466"},{"taxonomy":"post_tag","embeddable":true,"href":"https:\/\/justicapotiguar.com.br\/index.php\/wp-json\/wp\/v2\/tags?post=34466"}],"curies":[{"name":"wp","href":"https:\/\/api.w.org\/{rel}","templated":true}]}}