{"id":34398,"date":"2023-10-30T08:00:00","date_gmt":"2023-10-30T11:00:00","guid":{"rendered":"https:\/\/justicapotiguar.com.br\/?p=34398"},"modified":"2023-10-29T19:46:17","modified_gmt":"2023-10-29T22:46:17","slug":"apreensao-e-pericia-de-arma-nao-sao-indispensaveis-em-crime-referente-a-disparos-de-tiros","status":"publish","type":"post","link":"https:\/\/justicapotiguar.com.br\/index.php\/2023\/10\/30\/apreensao-e-pericia-de-arma-nao-sao-indispensaveis-em-crime-referente-a-disparos-de-tiros\/","title":{"rendered":"Apreens\u00e3o e per\u00edcia de arma n\u00e3o s\u00e3o indispens\u00e1veis em crime referente a disparos de tiros"},"content":{"rendered":"\n<figure class=\"wp-block-image size-large\"><img loading=\"lazy\" width=\"760\" height=\"506\" src=\"https:\/\/justicapotiguar.com.br\/wp-content\/uploads\/2019\/09\/tiro.jpg\" alt=\"\" class=\"wp-image-2390\" srcset=\"https:\/\/justicapotiguar.com.br\/wp-content\/uploads\/2019\/09\/tiro.jpg 760w, https:\/\/justicapotiguar.com.br\/wp-content\/uploads\/2019\/09\/tiro-300x200.jpg 300w\" sizes=\"(max-width: 760px) 100vw, 760px\" \/><figcaption>Ilustrativa<\/figcaption><\/figure>\n\n\n\n<p>A Justi\u00e7a potiguar, em an\u00e1lise na segunda inst\u00e2ncia, n\u00e3o deu provimento ao pedido da defesa de um homem, acusado pelo crime de disparo de arma de fogo e reconhecimento da majorante do artigo 40, IV, da Lei n\u00ba 11.343\/06. A decis\u00e3o da C\u00e2mara Criminal do TJRN destacou que, para tal delito, n\u00e3o se exige a apreens\u00e3o e per\u00edcia da arma, admitindo-se outros meios de prova, como a testemunhal, e desta forma, o \u00f3rg\u00e3o julgador n\u00e3o acolheu os argumentos dos Embargos de Declara\u00e7\u00e3o, que visavam a corre\u00e7\u00e3o de alguma obscuridade ou suposta omiss\u00e3o da decis\u00e3o inicial.<\/p>\n\n\n\n<p>\u201cNo t\u00f3pico, \u00e9 de suma import\u00e2ncia a narrativa apresentada por uma testemunha, propriet\u00e1ria do ve\u00edculo alvo dos disparos e dos outros ocupantes\u201d, pontua o relator do recurso, ao ressaltar a necessidade de se destacar, nesse sentido, que a tese de absolvi\u00e7\u00e3o, arguida pela defesa em sede de alega\u00e7\u00f5es finais, \u00e9 completamente divorciada do contexto probat\u00f3rio dos autos.<\/p><div class=\"ssqho69f2da6998272\" ><!--<a href=\"https:\/\/bit.ly\/3QdrqTZ\" target=\"_blank\">\n<img src=\"https:\/\/justicapotiguar.com.br\/wp-content\/uploads\/2023\/09\/mobile-geral.gif\"\/><a\/>--><\/div><style type=\"text\/css\">\r\n.ssqho69f2da6998272 {\r\ntext-align: center;\r\n}\r\n@media screen and (min-width: 1201px) {\r\n.ssqho69f2da6998272 {\r\ndisplay: none;\r\n}\r\n}\r\n@media screen and (min-width: 993px) and (max-width: 1200px) {\r\n.ssqho69f2da6998272 {\r\ndisplay: none;\r\n}\r\n}\r\n@media screen and (min-width: 769px) and (max-width: 992px) {\r\n.ssqho69f2da6998272 {\r\ndisplay: none;\r\n}\r\n}\r\n@media screen and (min-width: 768px) and (max-width: 768px) {\r\n.ssqho69f2da6998272 {\r\ndisplay: block;\r\n}\r\n}\r\n@media screen and (max-width: 767px) {\r\n.ssqho69f2da6998272 {\r\ndisplay: block;\r\n}\r\n}\r\n<\/style>\r\n<div class=\"aeiku69f2da699825e\" ><!--<a href=\"https:\/\/bit.ly\/3QdrqTZ\" target=\"_blank\">\n<img src=\"https:\/\/justicapotiguar.com.br\/wp-content\/uploads\/2023\/09\/desktop-geral.gif\"\/><a\/>--><\/div><style type=\"text\/css\">\r\n.aeiku69f2da699825e {\r\ntext-align: center;\nmargin-bottom: 1em;\r\n}\r\n@media screen and (min-width: 1201px) {\r\n.aeiku69f2da699825e {\r\ndisplay: block;\r\n}\r\n}\r\n@media screen and (min-width: 993px) and (max-width: 1200px) {\r\n.aeiku69f2da699825e {\r\ndisplay: block;\r\n}\r\n}\r\n@media screen and (min-width: 769px) and (max-width: 992px) {\r\n.aeiku69f2da699825e {\r\ndisplay: block;\r\n}\r\n}\r\n@media screen and (min-width: 768px) and (max-width: 768px) {\r\n.aeiku69f2da699825e {\r\ndisplay: none;\r\n}\r\n}\r\n@media screen and (max-width: 767px) {\r\n.aeiku69f2da699825e {\r\ndisplay: none;\r\n}\r\n}\r\n<\/style>\r\n\n\n\n\n<p>Conforme o relator do \u00f3rg\u00e3o julgador do TJ norte-rio-grandense, al\u00e9m do depoimento das quatro v\u00edtimas que estavam no ve\u00edculo perseguido serem contundentes em rela\u00e7\u00e3o aos disparos que ocorreram em via p\u00fablica, afirmando todas elas que o acusado saiu do ve\u00edculo em que se encontrava com a arma em punho e j\u00e1 efetuando os disparos, foram entregues ao delegado de Pol\u00edcia sete estojos de c\u00e1psulas deflagradas, encontrados por populares no local do crime, cujo resultado bal\u00edstico atesta, quanto \u00e0 compatibilidade com a arma usada pelo acusado (calibre nominal .380).<\/p>\n\n\n\n<p>De acordo com a decis\u00e3o, n\u00e3o h\u00e1 por que se falar em nulidade decorrente da quebra da cadeia de cust\u00f3dia pela inst\u00e2ncia ordin\u00e1ria, sobretudo, pela aus\u00eancia de elementos aptos a desacreditarem a preserva\u00e7\u00e3o das provas colididas. \u201cSe bem cotejados, sinalizam os autos a compatibilidade do calibre das c\u00e1psulas encontradas com o artefato b\u00e9lico do insurgente, em especial a total conformidade dos fatos com os depoimentos testemunhais\u201d, conclui o relator, ao destacar trechos da senten\u00e7a inicial.<\/p>\n","protected":false},"excerpt":{"rendered":"<p>A Justi\u00e7a potiguar, em an\u00e1lise na segunda inst\u00e2ncia, n\u00e3o deu provimento ao pedido da defesa de um homem, acusado pelo crime de disparo de arma de fogo e reconhecimento da majorante do artigo 40, IV, da Lei n\u00ba 11.343\/06. A decis\u00e3o da C\u00e2mara Criminal do TJRN destacou que, para tal delito, n\u00e3o se exige a<br \/><a class=\"more-link\" href=\"https:\/\/justicapotiguar.com.br\/index.php\/2023\/10\/30\/apreensao-e-pericia-de-arma-nao-sao-indispensaveis-em-crime-referente-a-disparos-de-tiros\/\">Mais&#8230;<\/a><\/p>\n","protected":false},"author":5,"featured_media":0,"comment_status":"open","ping_status":"open","sticky":false,"template":"","format":"standard","meta":[],"categories":[1],"tags":[],"_links":{"self":[{"href":"https:\/\/justicapotiguar.com.br\/index.php\/wp-json\/wp\/v2\/posts\/34398"}],"collection":[{"href":"https:\/\/justicapotiguar.com.br\/index.php\/wp-json\/wp\/v2\/posts"}],"about":[{"href":"https:\/\/justicapotiguar.com.br\/index.php\/wp-json\/wp\/v2\/types\/post"}],"author":[{"embeddable":true,"href":"https:\/\/justicapotiguar.com.br\/index.php\/wp-json\/wp\/v2\/users\/5"}],"replies":[{"embeddable":true,"href":"https:\/\/justicapotiguar.com.br\/index.php\/wp-json\/wp\/v2\/comments?post=34398"}],"version-history":[{"count":1,"href":"https:\/\/justicapotiguar.com.br\/index.php\/wp-json\/wp\/v2\/posts\/34398\/revisions"}],"predecessor-version":[{"id":34399,"href":"https:\/\/justicapotiguar.com.br\/index.php\/wp-json\/wp\/v2\/posts\/34398\/revisions\/34399"}],"wp:attachment":[{"href":"https:\/\/justicapotiguar.com.br\/index.php\/wp-json\/wp\/v2\/media?parent=34398"}],"wp:term":[{"taxonomy":"category","embeddable":true,"href":"https:\/\/justicapotiguar.com.br\/index.php\/wp-json\/wp\/v2\/categories?post=34398"},{"taxonomy":"post_tag","embeddable":true,"href":"https:\/\/justicapotiguar.com.br\/index.php\/wp-json\/wp\/v2\/tags?post=34398"}],"curies":[{"name":"wp","href":"https:\/\/api.w.org\/{rel}","templated":true}]}}