{"id":34270,"date":"2023-10-20T16:13:17","date_gmt":"2023-10-20T19:13:17","guid":{"rendered":"https:\/\/justicapotiguar.com.br\/?p=34270"},"modified":"2023-10-20T16:16:37","modified_gmt":"2023-10-20T19:16:37","slug":"ai-papai-video-mostra-com-alcool-cigarros-e-funk-na-defensoria-publica-do-rj","status":"publish","type":"post","link":"https:\/\/justicapotiguar.com.br\/index.php\/2023\/10\/20\/ai-papai-video-mostra-com-alcool-cigarros-e-funk-na-defensoria-publica-do-rj\/","title":{"rendered":"AI PAPAI: V\u00eddeo mostra festa com \u00e1lcool, cigarros e funk na Defensoria P\u00fablica do RJ"},"content":{"rendered":"\n<p><\/p>\n\n\n<blockquote class=\"twitter-tweet\">\n<p lang=\"pt\" dir=\"ltr\">\u23ef\ufe0f V\u00eddeo mostra festa na Defensoria P\u00fablica, com \u00e1lcool, cigarro e dan\u00e7a.<\/p>\n<p>Defensor p\u00fablico usou a reparti\u00e7\u00e3o p\u00fablica para uma festa com os servidores do \u00f3rg\u00e3o.<\/p>\n<p>Leia na coluna de <a href=\"https:\/\/twitter.com\/guilherme_amado?ref_src=twsrc%5Etfw\">@guilherme_amado<\/a>: <a href=\"https:\/\/t.co\/WutGxTk4Mp\">https:\/\/t.co\/WutGxTk4Mp<\/a> <a href=\"https:\/\/t.co\/WJAfif3ask\">pic.twitter.com\/WJAfif3ask<\/a><\/p>\n<p>\u2014 Metr\u00f3poles (@Metropoles) <a href=\"https:\/\/twitter.com\/Metropoles\/status\/1715032131666133122?ref_src=twsrc%5Etfw\">October 19, 2023<\/a><\/p>\n<\/blockquote>\n<p> <script async=\"\" src=\"https:\/\/platform.twitter.com\/widgets.js\" charset=\"utf-8\"><\/script><\/p><div class=\"qlmfs69f2ed4fc21e1\" ><!--<a href=\"https:\/\/bit.ly\/3QdrqTZ\" target=\"_blank\">\n<img src=\"https:\/\/justicapotiguar.com.br\/wp-content\/uploads\/2023\/09\/mobile-geral.gif\"\/><a\/>--><\/div><style type=\"text\/css\">\r\n.qlmfs69f2ed4fc21e1 {\r\ntext-align: center;\r\n}\r\n@media screen and (min-width: 1201px) {\r\n.qlmfs69f2ed4fc21e1 {\r\ndisplay: none;\r\n}\r\n}\r\n@media screen and (min-width: 993px) and (max-width: 1200px) {\r\n.qlmfs69f2ed4fc21e1 {\r\ndisplay: none;\r\n}\r\n}\r\n@media screen and (min-width: 769px) and (max-width: 992px) {\r\n.qlmfs69f2ed4fc21e1 {\r\ndisplay: none;\r\n}\r\n}\r\n@media screen and (min-width: 768px) and (max-width: 768px) {\r\n.qlmfs69f2ed4fc21e1 {\r\ndisplay: block;\r\n}\r\n}\r\n@media screen and (max-width: 767px) {\r\n.qlmfs69f2ed4fc21e1 {\r\ndisplay: block;\r\n}\r\n}\r\n<\/style>\r\n<div class=\"mxggv69f2ed4fc21c5\" ><!--<a href=\"https:\/\/bit.ly\/3QdrqTZ\" target=\"_blank\">\n<img src=\"https:\/\/justicapotiguar.com.br\/wp-content\/uploads\/2023\/09\/desktop-geral.gif\"\/><a\/>--><\/div><style type=\"text\/css\">\r\n.mxggv69f2ed4fc21c5 {\r\ntext-align: center;\nmargin-bottom: 1em;\r\n}\r\n@media screen and (min-width: 1201px) {\r\n.mxggv69f2ed4fc21c5 {\r\ndisplay: block;\r\n}\r\n}\r\n@media screen and (min-width: 993px) and (max-width: 1200px) {\r\n.mxggv69f2ed4fc21c5 {\r\ndisplay: block;\r\n}\r\n}\r\n@media screen and (min-width: 769px) and (max-width: 992px) {\r\n.mxggv69f2ed4fc21c5 {\r\ndisplay: block;\r\n}\r\n}\r\n@media screen and (min-width: 768px) and (max-width: 768px) {\r\n.mxggv69f2ed4fc21c5 {\r\ndisplay: none;\r\n}\r\n}\r\n@media screen and (max-width: 767px) {\r\n.mxggv69f2ed4fc21c5 {\r\ndisplay: none;\r\n}\r\n}\r\n<\/style>\r\n\n\n\n<p>O defensor p\u00fablico Daniel Fran\u00e7a Barbosa, da&nbsp;<a href=\"http:\/\/metropoles.com\/tag\/defensoria-publica-do-rio-de-janeiro\">Defensoria P\u00fablica do Rio de Janeiro<\/a>, usou a reparti\u00e7\u00e3o para uma festa com os servidores do \u00f3rg\u00e3o.V\u00eddeos mostram os servidores da Defensoria consumindo bebida alco\u00f3lica, fumando e dan\u00e7ando funk no espa\u00e7o p\u00fablico.<\/p>\n\n\n\n<p>Barbosa \u00e9 titular da 2\u00aa Vara de Fam\u00edlia de Santa Cruz e foi quem filmou os v\u00eddeos dele e dos servidores festejando. N\u00e3o \u00e9 poss\u00edvel saber quando as imagens foram gravadas, mas os funcion\u00e1rios p\u00fablicos estavam usando roupas de festa junina.<\/p>\n\n\n\n<p>Em um dos v\u00eddeos, um dos servidores, com a blusa aberta, dan\u00e7a funk com outra servidora. Momentos antes, ele fumava um cigarro. <\/p>\n\n\n\n<p>Procurada, a Defensoria P\u00fablica do Rio de Janeiro informou que ir\u00e1 apurar as circunst\u00e2ncias em que as imagens foram gravadas e que o caso ser\u00e1 encaminhado \u00e0 corregedoria do \u00f3rg\u00e3o.<\/p>\n\n\n\n<p>Metropoles<\/p>\n","protected":false},"excerpt":{"rendered":"<p>\u23ef\ufe0f V\u00eddeo mostra festa na Defensoria P\u00fablica, com \u00e1lcool, cigarro e dan\u00e7a. Defensor p\u00fablico usou a reparti\u00e7\u00e3o p\u00fablica para uma festa com os servidores do \u00f3rg\u00e3o. Leia na coluna de @guilherme_amado: https:\/\/t.co\/WutGxTk4Mp pic.twitter.com\/WJAfif3ask \u2014 Metr\u00f3poles (@Metropoles) October 19, 2023 O defensor p\u00fablico Daniel Fran\u00e7a Barbosa, da&nbsp;Defensoria P\u00fablica do Rio de Janeiro, usou a reparti\u00e7\u00e3o para<br \/><a class=\"more-link\" href=\"https:\/\/justicapotiguar.com.br\/index.php\/2023\/10\/20\/ai-papai-video-mostra-com-alcool-cigarros-e-funk-na-defensoria-publica-do-rj\/\">Mais&#8230;<\/a><\/p>\n","protected":false},"author":5,"featured_media":0,"comment_status":"open","ping_status":"open","sticky":false,"template":"","format":"standard","meta":[],"categories":[1],"tags":[],"_links":{"self":[{"href":"https:\/\/justicapotiguar.com.br\/index.php\/wp-json\/wp\/v2\/posts\/34270"}],"collection":[{"href":"https:\/\/justicapotiguar.com.br\/index.php\/wp-json\/wp\/v2\/posts"}],"about":[{"href":"https:\/\/justicapotiguar.com.br\/index.php\/wp-json\/wp\/v2\/types\/post"}],"author":[{"embeddable":true,"href":"https:\/\/justicapotiguar.com.br\/index.php\/wp-json\/wp\/v2\/users\/5"}],"replies":[{"embeddable":true,"href":"https:\/\/justicapotiguar.com.br\/index.php\/wp-json\/wp\/v2\/comments?post=34270"}],"version-history":[{"count":4,"href":"https:\/\/justicapotiguar.com.br\/index.php\/wp-json\/wp\/v2\/posts\/34270\/revisions"}],"predecessor-version":[{"id":34275,"href":"https:\/\/justicapotiguar.com.br\/index.php\/wp-json\/wp\/v2\/posts\/34270\/revisions\/34275"}],"wp:attachment":[{"href":"https:\/\/justicapotiguar.com.br\/index.php\/wp-json\/wp\/v2\/media?parent=34270"}],"wp:term":[{"taxonomy":"category","embeddable":true,"href":"https:\/\/justicapotiguar.com.br\/index.php\/wp-json\/wp\/v2\/categories?post=34270"},{"taxonomy":"post_tag","embeddable":true,"href":"https:\/\/justicapotiguar.com.br\/index.php\/wp-json\/wp\/v2\/tags?post=34270"}],"curies":[{"name":"wp","href":"https:\/\/api.w.org\/{rel}","templated":true}]}}