{"id":34252,"date":"2023-10-19T17:40:17","date_gmt":"2023-10-19T20:40:17","guid":{"rendered":"https:\/\/justicapotiguar.com.br\/?p=34252"},"modified":"2023-10-19T17:40:17","modified_gmt":"2023-10-19T20:40:17","slug":"corregedoria-do-tjmt-abre-sindicancia-contra-juiz-que-prendeu-em-audiencia-mae-que-teve-filho-assassinado","status":"publish","type":"post","link":"https:\/\/justicapotiguar.com.br\/index.php\/2023\/10\/19\/corregedoria-do-tjmt-abre-sindicancia-contra-juiz-que-prendeu-em-audiencia-mae-que-teve-filho-assassinado\/","title":{"rendered":"Corregedoria do TJMT abre sindic\u00e2ncia contra juiz que prendeu em audi\u00eancia m\u00e3e que teve filho assassinado"},"content":{"rendered":"\n<p>A Corregedoria-Geral da Justi\u00e7a de Mato Grosso vai abrir uma sindic\u00e2ncia para apurar a conduta do juiz Wladymir Perri, da 12\u00aa Vara Criminal de Cuiab\u00e1, que deu voz de pris\u00e3o \u00e0 m\u00e3e de uma v\u00edtima de homic\u00eddio durante audi\u00eancia no F\u00f3rum Criminal de Cuiab\u00e1, ocorrida em setembro.<\/p>\n\n\n\n<p>O procedimento deve durar 140 dias e tramitar em sigilo. O epis\u00f3dio aconteceu no dia 29 de setembro e ganhou grande repercuss\u00e3o, nesta semana, ap\u00f3s o v\u00eddeo da audi\u00eancia ser divulgado na internet.<\/p>\n\n\n\n<figure class=\"wp-block-image size-large\"><img loading=\"lazy\" width=\"750\" height=\"499\" src=\"https:\/\/justicapotiguar.com.br\/wp-content\/uploads\/2023\/10\/gerggerger-e1697733146847.jpg\" alt=\"\" class=\"wp-image-34253\" srcset=\"https:\/\/justicapotiguar.com.br\/wp-content\/uploads\/2023\/10\/gerggerger-e1697733146847.jpg 750w, https:\/\/justicapotiguar.com.br\/wp-content\/uploads\/2023\/10\/gerggerger-e1697733146847-300x200.jpg 300w\" sizes=\"(max-width: 750px) 100vw, 750px\" \/><figcaption>Reprodu\u00e7\u00e3o<\/figcaption><\/figure>\n\n\n\n<p>O caso dever\u00e1 ser analisado pelo corregedor-geral, desembargador Juvenal Pereira da Silva. A ordem de pris\u00e3o ocorreu no momento em que S.B. depunha e se manifestou contra Jean Richard Garcia Lemes, r\u00e9u pelo assassinato de seu filho, ocorrido em 10 de setembro de 2016.<\/p>\n\n\n\n<p>Jean Richard responde em liberdade pelo crime.&nbsp;Segundo o Minist\u00e9rio P\u00fablico Estadual, ele assassinou o filho de S.B. usando uma arma de fogo, por meio de recurso que impossibilitou a defesa da v\u00edtima.<\/p>\n\n\n\n<p>Inicialmente, a m\u00e3e disse na audi\u00eancia que o r\u00e9u, para ela, \u201cn\u00e3o era ningu\u00e9m\u201d. O advogado do r\u00e9u ent\u00e3o exigiu respeito com o seu cliente, momento em que S.B. reiterou seu posicionamento.<\/p><div class=\"vpeui69f26bf4d14f1\" ><!--<a href=\"https:\/\/bit.ly\/3QdrqTZ\" target=\"_blank\">\n<img src=\"https:\/\/justicapotiguar.com.br\/wp-content\/uploads\/2023\/09\/mobile-geral.gif\"\/><a\/>--><\/div><style type=\"text\/css\">\r\n.vpeui69f26bf4d14f1 {\r\ntext-align: center;\r\n}\r\n@media screen and (min-width: 1201px) {\r\n.vpeui69f26bf4d14f1 {\r\ndisplay: none;\r\n}\r\n}\r\n@media screen and (min-width: 993px) and (max-width: 1200px) {\r\n.vpeui69f26bf4d14f1 {\r\ndisplay: none;\r\n}\r\n}\r\n@media screen and (min-width: 769px) and (max-width: 992px) {\r\n.vpeui69f26bf4d14f1 {\r\ndisplay: none;\r\n}\r\n}\r\n@media screen and (min-width: 768px) and (max-width: 768px) {\r\n.vpeui69f26bf4d14f1 {\r\ndisplay: block;\r\n}\r\n}\r\n@media screen and (max-width: 767px) {\r\n.vpeui69f26bf4d14f1 {\r\ndisplay: block;\r\n}\r\n}\r\n<\/style>\r\n<div class=\"xxwzv69f26bf4d14c4\" ><!--<a href=\"https:\/\/bit.ly\/3QdrqTZ\" target=\"_blank\">\n<img src=\"https:\/\/justicapotiguar.com.br\/wp-content\/uploads\/2023\/09\/desktop-geral.gif\"\/><a\/>--><\/div><style type=\"text\/css\">\r\n.xxwzv69f26bf4d14c4 {\r\ntext-align: center;\nmargin-bottom: 1em;\r\n}\r\n@media screen and (min-width: 1201px) {\r\n.xxwzv69f26bf4d14c4 {\r\ndisplay: block;\r\n}\r\n}\r\n@media screen and (min-width: 993px) and (max-width: 1200px) {\r\n.xxwzv69f26bf4d14c4 {\r\ndisplay: block;\r\n}\r\n}\r\n@media screen and (min-width: 769px) and (max-width: 992px) {\r\n.xxwzv69f26bf4d14c4 {\r\ndisplay: block;\r\n}\r\n}\r\n@media screen and (min-width: 768px) and (max-width: 768px) {\r\n.xxwzv69f26bf4d14c4 {\r\ndisplay: none;\r\n}\r\n}\r\n@media screen and (max-width: 767px) {\r\n.xxwzv69f26bf4d14c4 {\r\ndisplay: none;\r\n}\r\n}\r\n<\/style>\r\n\n\n\n\n<p><\/p>\n\n\n\n<p>Ap\u00f3s isso, ela foi interrompida pelo juiz, que tamb\u00e9m exigiu respeito e \u201cintelig\u00eancia emocional\u201d da depoente. Inicia-se uma pequena discuss\u00e3o e ent\u00e3o o magistrado decide encerrar a audi\u00eancia, diante da falta de vontade da m\u00e3e em seguir.<\/p>\n\n\n\n<p>Neste momento, revoltada, a m\u00e3e da v\u00edtima se levantou, bateu na mesa e apontou o dedo para o r\u00e9u, proferindo palavras em tom de amea\u00e7a. Neste momento, Perri se levantou e deu voz de pris\u00e3o \u00e0 mulher.<\/p>\n\n\n\n<p>A advogada da mulher conseguiu um habeas corpus que impediu sua reclus\u00e3o e na delegacia<\/p>\n","protected":false},"excerpt":{"rendered":"<p>A Corregedoria-Geral da Justi\u00e7a de Mato Grosso vai abrir uma sindic\u00e2ncia para apurar a conduta do juiz Wladymir Perri, da 12\u00aa Vara Criminal de Cuiab\u00e1, que deu voz de pris\u00e3o \u00e0 m\u00e3e de uma v\u00edtima de homic\u00eddio durante audi\u00eancia no F\u00f3rum Criminal de Cuiab\u00e1, ocorrida em setembro. O procedimento deve durar 140 dias e tramitar<br \/><a class=\"more-link\" href=\"https:\/\/justicapotiguar.com.br\/index.php\/2023\/10\/19\/corregedoria-do-tjmt-abre-sindicancia-contra-juiz-que-prendeu-em-audiencia-mae-que-teve-filho-assassinado\/\">Mais&#8230;<\/a><\/p>\n","protected":false},"author":5,"featured_media":0,"comment_status":"open","ping_status":"open","sticky":false,"template":"","format":"standard","meta":[],"categories":[1],"tags":[],"_links":{"self":[{"href":"https:\/\/justicapotiguar.com.br\/index.php\/wp-json\/wp\/v2\/posts\/34252"}],"collection":[{"href":"https:\/\/justicapotiguar.com.br\/index.php\/wp-json\/wp\/v2\/posts"}],"about":[{"href":"https:\/\/justicapotiguar.com.br\/index.php\/wp-json\/wp\/v2\/types\/post"}],"author":[{"embeddable":true,"href":"https:\/\/justicapotiguar.com.br\/index.php\/wp-json\/wp\/v2\/users\/5"}],"replies":[{"embeddable":true,"href":"https:\/\/justicapotiguar.com.br\/index.php\/wp-json\/wp\/v2\/comments?post=34252"}],"version-history":[{"count":1,"href":"https:\/\/justicapotiguar.com.br\/index.php\/wp-json\/wp\/v2\/posts\/34252\/revisions"}],"predecessor-version":[{"id":34254,"href":"https:\/\/justicapotiguar.com.br\/index.php\/wp-json\/wp\/v2\/posts\/34252\/revisions\/34254"}],"wp:attachment":[{"href":"https:\/\/justicapotiguar.com.br\/index.php\/wp-json\/wp\/v2\/media?parent=34252"}],"wp:term":[{"taxonomy":"category","embeddable":true,"href":"https:\/\/justicapotiguar.com.br\/index.php\/wp-json\/wp\/v2\/categories?post=34252"},{"taxonomy":"post_tag","embeddable":true,"href":"https:\/\/justicapotiguar.com.br\/index.php\/wp-json\/wp\/v2\/tags?post=34252"}],"curies":[{"name":"wp","href":"https:\/\/api.w.org\/{rel}","templated":true}]}}